{"id":29061,"date":"2023-08-10T08:34:37","date_gmt":"2023-08-10T11:34:37","guid":{"rendered":"https:\/\/g1.globo.com\/pb\/paraiba\/musica\/noticia\/2023\/08\/10\/alcione-fara-show-gratuito-em-joao-pessoa-em-setembro-diz-funjope.ghtml"},"modified":"2023-08-10T08:34:37","modified_gmt":"2023-08-10T11:34:37","slug":"alcione-fara-show-gratuito-em-joao-pessoa-em-setembro-diz-funjope","status":"publish","type":"post","link":"https:\/\/sindaopcpb.org.br\/index.php\/2023\/08\/10\/alcione-fara-show-gratuito-em-joao-pessoa-em-setembro-diz-funjope\/","title":{"rendered":"Alcione far\u00e1 show gratuito em Jo\u00e3o Pessoa em setembro, diz Funjope"},"content":{"rendered":"   <img src=\"https:\/\/s2.glbimg.com\/6KFPBRtApP3bqchG_600P57j9SM=\/i.s3.glbimg.com\/v1\/AUTH_59edd422c0c84a879bd37670ae4f538a\/internal_photos\/bs\/2023\/L\/n\/TIZsiEQtKl0W7g8ltILA\/premioalcione.jpg\" \/><br \/>     Show deve acontecer no dia 15 de setembro, no Centro Hist\u00f3rico, segundo a Funda\u00e7\u00e3o Cultural de Jo\u00e3o Pessoa. Alcione \u00e9 homenageada na 30\u00aa edi\u00e7\u00e3o do Pr\u00eamio da M\u00fasica Brasileira\nReprodu\u00e7\u00e3o \/ V\u00eddeo\nUm dos principais nomes da m\u00fasica brasileira, Alcione, deve fazer um show gratuito em Jo\u00e3o Pessoa em setembro deste ano. A informa\u00e7\u00e3o foi confirmada pelo diretor executivo da Funda\u00e7\u00e3o Cultural de Jo\u00e3o Pessoa (Funjope), Marcus Alves, nesta quinta-feira (10).\nVeja o Guia Qual \u00e9 a Boa\nDe acordo com a Funjope, o show da \u201cMarrom\u201d, como Alcione \u00e9 carinhosamente conhecida, ser\u00e1 realizado no Centro Hist\u00f3rico da capital paraibana, no dia 15 de setembro. A apresenta\u00e7\u00e3o faz parte do projeto \u201cCentro em Cena\u201d.\nOs detalhes da programa\u00e7\u00e3o est\u00e3o sendo definidos, e ainda de acordo com a Funjope, devem ser divulgados em breve.\nLEIA TAMB\u00c9M:\nAlcione canta para passageiros de avi\u00e3o que aguardava reparos em S\u00e3o Paulo\nUma das \u00faltimas passagens de Alcione em Jo\u00e3o Pessoa foi em 2018, quando ela apresentou \u201cEu Sou a Marrom\u201d, show em comemora\u00e7\u00e3o aos 45 anos de carreira e 70 de idade da cantora maranhense.\nV\u00eddeos mais assistidos do g1 Para\u00edba  ","protected":false},"excerpt":{"rendered":"<p>        Show deve acontecer no dia 15 de setembro, no Centro Hist\u00f3rico, segundo a Funda\u00e7\u00e3o Cultural de Jo\u00e3o Pessoa. Alcione \u00e9 homenageada na 30\u00aa edi\u00e7\u00e3o do Pr\u00eamio da M\u00fasica Brasileira<br \/>\nReprodu\u00e7\u00e3o \/ V\u00eddeo<br \/>\nUm dos principais nomes da m\u00fasica brasileira, Alci&#8230;<\/p>\n","protected":false},"author":2,"featured_media":0,"comment_status":"closed","ping_status":"closed","sticky":false,"template":"","format":"standard","meta":{"advgb_blocks_editor_width":"","advgb_blocks_columns_visual_guide":"","footnotes":""},"categories":[34],"tags":[35],"class_list":["post-29061","post","type-post","status-publish","format-standard","hentry","category-g1","tag-g1"],"author_meta":{"display_name":"g1 &gt; Para\u00edba","author_link":"https:\/\/sindaopcpb.org.br\/author\/g1-paraiba\/"},"featured_img":null,"coauthors":[],"tax_additional":{"categories":{"linked":["<a href=\"https:\/\/sindaopcpb.org.br\/g1\/\" class=\"advgb-post-tax-term\">G1<\/a>"],"unlinked":["<span class=\"advgb-post-tax-term\">G1<\/span>"]},"tags":{"linked":["<a href=\"https:\/\/sindaopcpb.org.br\/g1\/\" class=\"advgb-post-tax-term\">g1<\/a>"],"unlinked":["<span class=\"advgb-post-tax-term\">g1<\/span>"]}},"comment_count":"0","relative_dates":{"created":"Publicado 3 anos atr\u00e1s","modified":"Atualizado 3 anos atr\u00e1s"},"absolute_dates":{"created":"Publicado em 10 de agosto de 2023","modified":"Atualizado em 10 de agosto de 2023"},"absolute_dates_time":{"created":"Publicado em 10 de agosto de 2023 08:34","modified":"Atualizado em 10 de agosto de 2023 08:34"},"featured_img_caption":"","series_order":"","_links":{"self":[{"href":"https:\/\/sindaopcpb.org.br\/index.php\/wp-json\/wp\/v2\/posts\/29061","targetHints":{"allow":["GET"]}}],"collection":[{"href":"https:\/\/sindaopcpb.org.br\/index.php\/wp-json\/wp\/v2\/posts"}],"about":[{"href":"https:\/\/sindaopcpb.org.br\/index.php\/wp-json\/wp\/v2\/types\/post"}],"author":[{"embeddable":true,"href":"https:\/\/sindaopcpb.org.br\/index.php\/wp-json\/wp\/v2\/users\/2"}],"replies":[{"embeddable":true,"href":"https:\/\/sindaopcpb.org.br\/index.php\/wp-json\/wp\/v2\/comments?post=29061"}],"version-history":[{"count":2,"href":"https:\/\/sindaopcpb.org.br\/index.php\/wp-json\/wp\/v2\/posts\/29061\/revisions"}],"predecessor-version":[{"id":29093,"href":"https:\/\/sindaopcpb.org.br\/index.php\/wp-json\/wp\/v2\/posts\/29061\/revisions\/29093"}],"wp:attachment":[{"href":"https:\/\/sindaopcpb.org.br\/index.php\/wp-json\/wp\/v2\/media?parent=29061"}],"wp:term":[{"taxonomy":"category","embeddable":true,"href":"https:\/\/sindaopcpb.org.br\/index.php\/wp-json\/wp\/v2\/categories?post=29061"},{"taxonomy":"post_tag","embeddable":true,"href":"https:\/\/sindaopcpb.org.br\/index.php\/wp-json\/wp\/v2\/tags?post=29061"}],"curies":[{"name":"wp","href":"https:\/\/api.w.org\/{rel}","templated":true}]}}