{"id":29044,"date":"2023-08-10T08:28:32","date_gmt":"2023-08-10T11:28:32","guid":{"rendered":"https:\/\/wpa.wscom.com.br\/?p=916853"},"modified":"2023-08-10T08:28:32","modified_gmt":"2023-08-10T11:28:32","slug":"tarcisio-diz-que-nao-disputara-a-presidencia-em-2026-e-que-apoiara-quem-bolsonaro-indicar","status":"publish","type":"post","link":"https:\/\/sindaopcpb.org.br\/index.php\/2023\/08\/10\/tarcisio-diz-que-nao-disputara-a-presidencia-em-2026-e-que-apoiara-quem-bolsonaro-indicar\/","title":{"rendered":"Tarc\u00edsio diz que n\u00e3o disputar\u00e1 a presid\u00eancia em 2026 e que apoiar\u00e1 quem Bolsonaro indicar"},"content":{"rendered":"<p>&nbsp;<\/p>\n<p>&nbsp;<\/p>\n<p>O governador de S\u00e3o Paulo, Tarc\u00edsio de Freitas, do partido Republicanos, surpreendeu hoje ao anunciar que n\u00e3o disputar\u00e1 a Presid\u00eancia da Rep\u00fablica nas elei\u00e7\u00f5es de 2026. Em vez disso, ele se comprometeu a apoiar o candidato que for escolhido por Jair Bolsonaro, l\u00edder do partido PL e ex-presidente.<\/p>\n<p>Em uma entrevista ao podcast &#8220;Flow&#8221;, Tarc\u00edsio de Freitas especulou sobre a possibilidade de Jair Bolsonaro reverter sua inelegibilidade antes das pr\u00f3ximas elei\u00e7\u00f5es presidenciais. Contudo, ele reconheceu que isso \u00e9 improv\u00e1vel. Caso essa revers\u00e3o n\u00e3o ocorra, Freitas deixou claro que ser\u00e1 Bolsonaro quem indicar\u00e1 seu substituto. &#8220;N\u00e3o tenho a inten\u00e7\u00e3o de concorrer \u00e0 presid\u00eancia, e vou apoiar a escolha de Bolsonaro&#8221;, declarou o governador, acrescentando que j\u00e1 est\u00e1 satisfeito com sua posi\u00e7\u00e3o atual \u00e0 frente do governo de S\u00e3o Paulo.<\/p>\n<p>Tarc\u00edsio de Freitas destacou o papel de Bolsonaro como l\u00edder da ala conservadora no pa\u00eds e ressaltou que o ex-presidente possui o direito de determinar quem ser\u00e1 o candidato de direita em 2026, independentemente de sua elegibilidade. Ele enfatizou: &#8220;Seja ele ou o candidato que ele indicar, estarei ao lado dele.&#8221; Em rela\u00e7\u00e3o ao seu pr\u00f3prio partido, Republicanos, Freitas expressou preocupa\u00e7\u00e3o com os rumores de aproxima\u00e7\u00e3o com o governo do ex-presidente Luiz In\u00e1cio Lula da Silva. Ele deixou claro que n\u00e3o concorda com essa poss\u00edvel alian\u00e7a e at\u00e9 aventou a ideia de deixar o partido caso a uni\u00e3o se concretize.<\/p>\n<p>O partido Republicanos j\u00e1 est\u00e1 em negocia\u00e7\u00f5es com o governo de Lula e tem um nome sugerido para um minist\u00e9rio, o deputado federal Silvio Costa Filho. A decis\u00e3o sobre a participa\u00e7\u00e3o do partido na base governista est\u00e1 em discuss\u00e3o. O ministro das Rela\u00e7\u00f5es Institucionais, Alexandre Padilha, revelou que Lula escolheu Silvio Costa Filho e Andr\u00e9 Fufuca para integrar o governo, embora os cargos espec\u00edficos ainda n\u00e3o tenham sido determinados.<\/p>\n<p>O post <a rel=\"nofollow noopener\" href=\"https:\/\/wscom.com.br\/tarcisio-diz-que-nao-disputara-a-presidencia-em-2026-e-que-apoiara-quem-bolsonaro-indicar\/\" target=\"_blank\">Tarc\u00edsio diz que n\u00e3o disputar\u00e1 a presid\u00eancia em 2026 e que apoiar\u00e1 quem Bolsonaro indicar<\/a> apareceu primeiro em <a rel=\"nofollow noopener\" href=\"https:\/\/wscom.com.br\/\" target=\"_blank\">WSCOM<\/a>.<\/p>\n","protected":false},"excerpt":{"rendered":"<p>\u00a0 \u00a0 O governador de S\u00e3o Paulo, Tarc\u00edsio de Freitas, do partido Republicanos, surpreendeu hoje ao anunciar que n\u00e3o disputar\u00e1 a Presid\u00eancia da Rep\u00fablica nas elei\u00e7\u00f5es de 2026. Em vez disso, ele se comprometeu a apoiar o candidato que for escolhido por Jair Bolsonaro, l\u00edder do partido PL e ex-presidente. Em uma entrevista ao podcast [\u2026]<\/p>\n<p>O post <a rel=\"nofollow\" href=\"https:\/\/wscom.com.br\/tarcisio-diz-que-nao-disputara-a-presidencia-em-2026-e-que-apoiara-quem-bolsonaro-indicar\/\">Tarc\u00edsio diz que n\u00e3o disputar\u00e1 a presid\u00eancia em 2026 e que apoiar\u00e1 quem Bolsonaro indicar<\/a> apareceu primeiro em <a rel=\"nofollow\" href=\"https:\/\/wscom.com.br\/\">WSCOM<\/a>.<\/p>\n","protected":false},"author":42,"featured_media":0,"comment_status":"closed","ping_status":"closed","sticky":false,"template":"","format":"standard","meta":{"advgb_blocks_editor_width":"","advgb_blocks_columns_visual_guide":"","footnotes":""},"categories":[2164,1636,34,135,47,367],"tags":[35],"class_list":["post-29044","post","type-post","status-publish","format-standard","hentry","category-candidato","category-eleicoes-2026","category-g1","category-jair-bolsonaro","category-politica","category-tarcisio-de-freitas","tag-g1"],"author_meta":{"display_name":"Rafael Andrade","author_link":"https:\/\/sindaopcpb.org.br\/author\/rafael-andrade\/"},"featured_img":null,"coauthors":[],"tax_additional":{"categories":{"linked":["<a href=\"https:\/\/sindaopcpb.org.br\/candidato\/\" class=\"advgb-post-tax-term\">Candidato<\/a>","<a href=\"https:\/\/sindaopcpb.org.br\/eleicoes-2026\/\" class=\"advgb-post-tax-term\">Elei\u00e7\u00f5es 2026<\/a>","<a href=\"https:\/\/sindaopcpb.org.br\/g1\/\" class=\"advgb-post-tax-term\">G1<\/a>","<a href=\"https:\/\/sindaopcpb.org.br\/jair-bolsonaro\/\" class=\"advgb-post-tax-term\">Jair Bolsonaro<\/a>","<a href=\"https:\/\/sindaopcpb.org.br\/politica\/\" class=\"advgb-post-tax-term\">POLITICA<\/a>","<a href=\"https:\/\/sindaopcpb.org.br\/tarcisio-de-freitas\/\" class=\"advgb-post-tax-term\">Tarc\u00edsio de Freitas<\/a>"],"unlinked":["<span class=\"advgb-post-tax-term\">Candidato<\/span>","<span class=\"advgb-post-tax-term\">Elei\u00e7\u00f5es 2026<\/span>","<span class=\"advgb-post-tax-term\">G1<\/span>","<span class=\"advgb-post-tax-term\">Jair Bolsonaro<\/span>","<span class=\"advgb-post-tax-term\">POLITICA<\/span>","<span class=\"advgb-post-tax-term\">Tarc\u00edsio de Freitas<\/span>"]},"tags":{"linked":["<a href=\"https:\/\/sindaopcpb.org.br\/tarcisio-de-freitas\/\" class=\"advgb-post-tax-term\">g1<\/a>"],"unlinked":["<span class=\"advgb-post-tax-term\">g1<\/span>"]}},"comment_count":"0","relative_dates":{"created":"Publicado 3 anos atr\u00e1s","modified":"Atualizado 3 anos atr\u00e1s"},"absolute_dates":{"created":"Publicado em 10 de agosto de 2023","modified":"Atualizado em 10 de agosto de 2023"},"absolute_dates_time":{"created":"Publicado em 10 de agosto de 2023 08:28","modified":"Atualizado em 10 de agosto de 2023 08:28"},"featured_img_caption":"","series_order":"","_links":{"self":[{"href":"https:\/\/sindaopcpb.org.br\/index.php\/wp-json\/wp\/v2\/posts\/29044","targetHints":{"allow":["GET"]}}],"collection":[{"href":"https:\/\/sindaopcpb.org.br\/index.php\/wp-json\/wp\/v2\/posts"}],"about":[{"href":"https:\/\/sindaopcpb.org.br\/index.php\/wp-json\/wp\/v2\/types\/post"}],"author":[{"embeddable":true,"href":"https:\/\/sindaopcpb.org.br\/index.php\/wp-json\/wp\/v2\/users\/42"}],"replies":[{"embeddable":true,"href":"https:\/\/sindaopcpb.org.br\/index.php\/wp-json\/wp\/v2\/comments?post=29044"}],"version-history":[{"count":1,"href":"https:\/\/sindaopcpb.org.br\/index.php\/wp-json\/wp\/v2\/posts\/29044\/revisions"}],"predecessor-version":[{"id":29045,"href":"https:\/\/sindaopcpb.org.br\/index.php\/wp-json\/wp\/v2\/posts\/29044\/revisions\/29045"}],"wp:attachment":[{"href":"https:\/\/sindaopcpb.org.br\/index.php\/wp-json\/wp\/v2\/media?parent=29044"}],"wp:term":[{"taxonomy":"category","embeddable":true,"href":"https:\/\/sindaopcpb.org.br\/index.php\/wp-json\/wp\/v2\/categories?post=29044"},{"taxonomy":"post_tag","embeddable":true,"href":"https:\/\/sindaopcpb.org.br\/index.php\/wp-json\/wp\/v2\/tags?post=29044"}],"curies":[{"name":"wp","href":"https:\/\/api.w.org\/{rel}","templated":true}]}}