{"id":29038,"date":"2023-08-10T09:17:33","date_gmt":"2023-08-10T12:17:33","guid":{"rendered":"https:\/\/wpa.wscom.com.br\/?p=916864"},"modified":"2023-08-10T09:17:33","modified_gmt":"2023-08-10T12:17:33","slug":"ruy-questiona-nomeacao-da-filha-de-cicero-qual-interesse-de-colocar-familiares-em-pastas-estrategicas-e-com-os-maiores-orcamentos","status":"publish","type":"post","link":"https:\/\/sindaopcpb.org.br\/index.php\/2023\/08\/10\/ruy-questiona-nomeacao-da-filha-de-cicero-qual-interesse-de-colocar-familiares-em-pastas-estrategicas-e-com-os-maiores-orcamentos\/","title":{"rendered":"Ruy questiona nomea\u00e7\u00e3o da filha de C\u00edcero: \u201cQual interesse de colocar familiares em pastas estrat\u00e9gicas e com os maiores or\u00e7amentos?\u201d"},"content":{"rendered":"<p>&nbsp;<\/p>\n<p>&nbsp;<\/p>\n<p>A nomea\u00e7\u00e3o da filha do prefeito C\u00edcero Lucena para assumir a titularidade da Secret\u00e1ria de Sa\u00fade de Jo\u00e3o Pessoa foi criticada e questionada pelo deputado federal Ruy Carneiro. \u201cC\u00edcero Lucena perdeu todos os limites do bom senso ao nomear a pr\u00f3pria filha como a Secret\u00e1ria de Sa\u00fade do Munic\u00edpio. Ser\u00e1 que n\u00e3o tem nenhum t\u00e9cnico capacitado na Para\u00edba na \u00e1rea da sa\u00fade para assumir a fun\u00e7\u00e3o?\u201d, condenou Ruy.<\/p>\n<p>O deputado afirmou que a pr\u00e1tica do atual gestor est\u00e1 ligada ao nepotismo e a velha pol\u00edtica. \u201cPor que esse interesse de colocar familiares, em postos estrat\u00e9gicos da gest\u00e3o, principalmente onde est\u00e3o os maiores or\u00e7amentos? Essa postura \u00e9 lament\u00e1vel. \u00c9 um retrato da velha pol\u00edtica. Jo\u00e3o Pessoa n\u00e3o esse tipo de desprezo, muito menos esse tipo de postura\u201d, acrescentou.<\/p>\n<p>Ruy ainda lembrou que foi um dos primeiros parlamentares do Brasil a se posicionar oficialmente contra o nepotismo, ainda no ano de 2006. \u201cDesde o in\u00edcio da minha vida p\u00fablica, eu luto contra o nepotismo. Fui um dos primeiros parlamentares do Brasil a me levantar contra esse absurdo. Aprovamos leis que pro\u00edbem a nomea\u00e7\u00e3o de parentes. T\u00e1 na hora de C\u00edcero aprender que esse tipo de postura n\u00e3o \u00e9 mais tolerada. Essa velha pol\u00edtica ficou pra tr\u00e1s\u201d, finalizou.<\/p>\n<p>O post <a rel=\"nofollow noopener\" href=\"https:\/\/wscom.com.br\/ruy-questiona-nomeacao-da-filha-de-cicero-qual-interesse-de-colocar-familiares-em-pastas-estrategicas-e-com-os-maiores-orcamentos\/\" target=\"_blank\">Ruy questiona nomea\u00e7\u00e3o da filha de C\u00edcero: \u201cQual interesse de colocar familiares em pastas estrat\u00e9gicas e com os maiores or\u00e7amentos?\u201d<\/a> apareceu primeiro em <a rel=\"nofollow noopener\" href=\"https:\/\/wscom.com.br\/\" target=\"_blank\">WSCOM<\/a>.<\/p>\n","protected":false},"excerpt":{"rendered":"<p>\u00a0 \u00a0 A nomea\u00e7\u00e3o da filha do prefeito C\u00edcero Lucena para assumir a titularidade da Secret\u00e1ria de Sa\u00fade de Jo\u00e3o Pessoa foi criticada e questionada pelo deputado federal Ruy Carneiro. \u201cC\u00edcero Lucena perdeu todos os limites do bom senso ao nomear a pr\u00f3pria filha como a Secret\u00e1ria de Sa\u00fade do Munic\u00edpio. Ser\u00e1 que n\u00e3o tem [\u2026]<\/p>\n<p>O post <a rel=\"nofollow\" href=\"https:\/\/wscom.com.br\/ruy-questiona-nomeacao-da-filha-de-cicero-qual-interesse-de-colocar-familiares-em-pastas-estrategicas-e-com-os-maiores-orcamentos\/\">Ruy questiona nomea\u00e7\u00e3o da filha de C\u00edcero: \u201cQual interesse de colocar familiares em pastas estrat\u00e9gicas e com os maiores or\u00e7amentos?\u201d<\/a> apareceu primeiro em <a rel=\"nofollow\" href=\"https:\/\/wscom.com.br\/\">WSCOM<\/a>.<\/p>\n","protected":false},"author":42,"featured_media":0,"comment_status":"closed","ping_status":"closed","sticky":false,"template":"","format":"standard","meta":{"advgb_blocks_editor_width":"","advgb_blocks_columns_visual_guide":"","footnotes":""},"categories":[227,34,71,7559,1143,47,764,7560],"tags":[35],"class_list":["post-29038","post","type-post","status-publish","format-standard","hentry","category-cicero-lucena","category-g1","category-joao-pessoa","category-nepotismo","category-nomeacao","category-politica","category-ruy-carneiro","category-secretaria-de-saude","tag-g1"],"author_meta":{"display_name":"Rafael Andrade","author_link":"https:\/\/sindaopcpb.org.br\/author\/rafael-andrade\/"},"featured_img":null,"coauthors":[],"tax_additional":{"categories":{"linked":["<a href=\"https:\/\/sindaopcpb.org.br\/cicero-lucena\/\" class=\"advgb-post-tax-term\">cicero lucena<\/a>","<a href=\"https:\/\/sindaopcpb.org.br\/g1\/\" class=\"advgb-post-tax-term\">G1<\/a>","<a href=\"https:\/\/sindaopcpb.org.br\/joao-pessoa\/\" class=\"advgb-post-tax-term\">Jo\u00e3o Pessoa<\/a>","<a href=\"https:\/\/sindaopcpb.org.br\/nepotismo\/\" class=\"advgb-post-tax-term\">nepotismo<\/a>","<a href=\"https:\/\/sindaopcpb.org.br\/nomeacao\/\" class=\"advgb-post-tax-term\">nomea\u00e7\u00e3o<\/a>","<a href=\"https:\/\/sindaopcpb.org.br\/politica\/\" class=\"advgb-post-tax-term\">POLITICA<\/a>","<a href=\"https:\/\/sindaopcpb.org.br\/ruy-carneiro\/\" class=\"advgb-post-tax-term\">ruy carneiro<\/a>","<a href=\"https:\/\/sindaopcpb.org.br\/secretaria-de-saude\/\" class=\"advgb-post-tax-term\">Secret\u00e1ria de Sa\u00fade<\/a>"],"unlinked":["<span class=\"advgb-post-tax-term\">cicero lucena<\/span>","<span class=\"advgb-post-tax-term\">G1<\/span>","<span class=\"advgb-post-tax-term\">Jo\u00e3o Pessoa<\/span>","<span class=\"advgb-post-tax-term\">nepotismo<\/span>","<span class=\"advgb-post-tax-term\">nomea\u00e7\u00e3o<\/span>","<span class=\"advgb-post-tax-term\">POLITICA<\/span>","<span class=\"advgb-post-tax-term\">ruy carneiro<\/span>","<span class=\"advgb-post-tax-term\">Secret\u00e1ria de Sa\u00fade<\/span>"]},"tags":{"linked":["<a href=\"https:\/\/sindaopcpb.org.br\/secretaria-de-saude\/\" class=\"advgb-post-tax-term\">g1<\/a>"],"unlinked":["<span class=\"advgb-post-tax-term\">g1<\/span>"]}},"comment_count":"0","relative_dates":{"created":"Publicado 3 anos atr\u00e1s","modified":"Atualizado 3 anos atr\u00e1s"},"absolute_dates":{"created":"Publicado em 10 de agosto de 2023","modified":"Atualizado em 10 de agosto de 2023"},"absolute_dates_time":{"created":"Publicado em 10 de agosto de 2023 09:17","modified":"Atualizado em 10 de agosto de 2023 09:17"},"featured_img_caption":"","series_order":"","_links":{"self":[{"href":"https:\/\/sindaopcpb.org.br\/index.php\/wp-json\/wp\/v2\/posts\/29038","targetHints":{"allow":["GET"]}}],"collection":[{"href":"https:\/\/sindaopcpb.org.br\/index.php\/wp-json\/wp\/v2\/posts"}],"about":[{"href":"https:\/\/sindaopcpb.org.br\/index.php\/wp-json\/wp\/v2\/types\/post"}],"author":[{"embeddable":true,"href":"https:\/\/sindaopcpb.org.br\/index.php\/wp-json\/wp\/v2\/users\/42"}],"replies":[{"embeddable":true,"href":"https:\/\/sindaopcpb.org.br\/index.php\/wp-json\/wp\/v2\/comments?post=29038"}],"version-history":[{"count":1,"href":"https:\/\/sindaopcpb.org.br\/index.php\/wp-json\/wp\/v2\/posts\/29038\/revisions"}],"predecessor-version":[{"id":29039,"href":"https:\/\/sindaopcpb.org.br\/index.php\/wp-json\/wp\/v2\/posts\/29038\/revisions\/29039"}],"wp:attachment":[{"href":"https:\/\/sindaopcpb.org.br\/index.php\/wp-json\/wp\/v2\/media?parent=29038"}],"wp:term":[{"taxonomy":"category","embeddable":true,"href":"https:\/\/sindaopcpb.org.br\/index.php\/wp-json\/wp\/v2\/categories?post=29038"},{"taxonomy":"post_tag","embeddable":true,"href":"https:\/\/sindaopcpb.org.br\/index.php\/wp-json\/wp\/v2\/tags?post=29038"}],"curies":[{"name":"wp","href":"https:\/\/api.w.org\/{rel}","templated":true}]}}