{"id":29025,"date":"2023-08-10T07:45:18","date_gmt":"2023-08-10T10:45:18","guid":{"rendered":"https:\/\/wpa.wscom.com.br\/?p=916836"},"modified":"2023-08-10T07:45:18","modified_gmt":"2023-08-10T10:45:18","slug":"leo-bezerra-garante-dialogo-e-transparencia-da-prefeitura-na-relocacao-de-artistas-e-artesaos-para-a-estacao-das-artes","status":"publish","type":"post","link":"https:\/\/sindaopcpb.org.br\/index.php\/2023\/08\/10\/leo-bezerra-garante-dialogo-e-transparencia-da-prefeitura-na-relocacao-de-artistas-e-artesaos-para-a-estacao-das-artes\/","title":{"rendered":"Leo Bezerra garante di\u00e1logo e transpar\u00eancia da Prefeitura na reloca\u00e7\u00e3o de artistas e artes\u00e3os para a Esta\u00e7\u00e3o das Artes"},"content":{"rendered":"<p>&nbsp;<\/p>\n<p>&nbsp;<\/p>\n<p>O vice-prefeito de Jo\u00e3o Pessoa, Leo Bezerra, refor\u00e7ou o compromisso da prefeitura em dialogar e ter transpar\u00eancia com os artistas e artes\u00e3os instalados no Celeiro Espa\u00e7o Criativo, no Altiplano, que ser\u00e3o relocados para a Esta\u00e7\u00e3o das Artes. A garantia foi dada durante Consulta P\u00fablica realizada com as duas categorias na tarde desta quarta-feira (9).<\/p>\n<p>O gestor fez uma proje\u00e7\u00e3o otimista junto aos profissionais, que ir\u00e3o se instalar em uma das regi\u00f5es com maior apelo tur\u00edstico da cidade, podendo expor seus trabalhos para um p\u00fablico ainda maior. Em rela\u00e7\u00e3o ao Celeiro Espa\u00e7o Criativo, que ir\u00e1 se transformar em Centro de Coopera\u00e7\u00e3o da Cidade \u2013 integrando cinco secretarias da gest\u00e3o municipal, Leo Bezerra pontuou que a moderniza\u00e7\u00e3o dos servi\u00e7os tamb\u00e9m trar\u00e1 ganhos significativos para a cidade.<\/p>\n<p>\u201cAqui n\u00e3o existe imposi\u00e7\u00e3o e, sim, verdadeiramente o di\u00e1logo. Os artes\u00e3os estar\u00e3o amparados pelo poder p\u00fablico num local com maior desenvolvimento \u2013 na regi\u00e3o do Polo Tur\u00edstico e Centro de Conven\u00e7\u00f5es, com a circula\u00e7\u00e3o tur\u00edstica mais adensada. Enquanto isso, Jo\u00e3o Pessoa ganha um centro moderno, onde ser\u00e1 poss\u00edvel uma maior efici\u00eancia do Samu, interligado com a Semob, para que o deslocamento de uma ambul\u00e2ncia aconte\u00e7a de modo mais \u00e1gil, entre outros servi\u00e7os da Prefeitura\u201d, afirmou Leo Bezerra, na consulta realizada no Celeiro Espa\u00e7o Criativo.<\/p>\n<p>Entre os artes\u00e3os, a medida tamb\u00e9m gera uma expectativa positiva. Adeleide Cavalcanti, que produz pe\u00e7as em cer\u00e2mica e est\u00e1 no Celeiro desde o in\u00edcio de sua cria\u00e7\u00e3o, lembrou que, mesmo contando com uma boa estrutura, o local atual \u00e9 ponto de passagem de turistas para outros roteiros da cidade. Na Esta\u00e7\u00e3o das Artes, os trabalhos ficar\u00e3o expostos para mais gente, num espa\u00e7o que converge com outras atividades tamb\u00e9m na \u00e1rea de Cultura.<\/p>\n<p>\u201cMeu trabalho, que eu aprendi desde crian\u00e7a, \u00e9 uma cer\u00e2mica decorativa, muito bem aceito pelos turistas. Acredito que, na Esta\u00e7\u00e3o das Artes, n\u00e3o s\u00f3 o meu, mas o trabalho de todos aqui ter\u00e3o at\u00e9 uma maior divulga\u00e7\u00e3o. Eu estou otimista, at\u00e9 porque o novo espa\u00e7o tamb\u00e9m ser\u00e1 reestruturado\u201d, projetou.<\/p>\n<p><strong>Centro de Coopera\u00e7\u00e3o\u00a0<\/strong>\u2013 O Centro de Coopera\u00e7\u00e3o da Cidade, que ir\u00e1 funcionar no pr\u00e9dio onde atualmente \u00e9 o Celeiro Espa\u00e7o Criativo, vai fazer o monitoramento inteligente da Capital 24 horas por dia. A partir dos dados coletados pela integra\u00e7\u00e3o das informa\u00e7\u00f5es da Mobilidade Urbana, Seguran\u00e7a P\u00fablica, Samu-JP, Meio Ambiente e Defesa Civil, a gest\u00e3o ter\u00e1 melhores condi\u00e7\u00f5es de tratar problemas urbanos que se agravam com o adensamento populacional, como congestionamentos e acidentes, com mais efici\u00eancia e efetividade. Poder\u00e1, inclusive, se antecipar a situa\u00e7\u00f5es adversas, reduzindo riscos de alagamentos e deslizamentos, prevenindo desastres.<\/p>\n<p><strong>Presen\u00e7a \u2013\u00a0<\/strong>Tamb\u00e9m participaram da Consulta Publica Thiago Diniz, secret\u00e1rio de Participa\u00e7\u00e3o Popular (SEPP); Jo\u00e3o Bosco Ferraz, secret\u00e1rio-executivo de Desenvolvimento Econ\u00f4mico e Trabalho (Sedest); e Coronel Kelson, coordenador da Defesa Civil Municipal (Compdec-JP).<\/p>\n<p>O post <a rel=\"nofollow noopener\" href=\"https:\/\/wscom.com.br\/leo-bezerra-garante-dialogo-e-transparencia-da-prefeitura-na-relocacao-de-artistas-e-artesaos-para-a-estacao-das-artes\/\" target=\"_blank\">Leo Bezerra garante di\u00e1logo e transpar\u00eancia da Prefeitura na reloca\u00e7\u00e3o de artistas e artes\u00e3os para a Esta\u00e7\u00e3o das Artes<\/a> apareceu primeiro em <a rel=\"nofollow noopener\" href=\"https:\/\/wscom.com.br\/\" target=\"_blank\">WSCOM<\/a>.<\/p>\n","protected":false},"excerpt":{"rendered":"<p>\u00a0 \u00a0 O vice-prefeito de Jo\u00e3o Pessoa, Leo Bezerra, refor\u00e7ou o compromisso da prefeitura em dialogar e ter transpar\u00eancia com os artistas e artes\u00e3os instalados no Celeiro Espa\u00e7o Criativo, no Altiplano, que ser\u00e3o relocados para a Esta\u00e7\u00e3o das Artes. A garantia foi dada durante Consulta P\u00fablica realizada com as duas categorias na tarde desta quarta-feira [\u2026]<\/p>\n<p>O post <a rel=\"nofollow\" href=\"https:\/\/wscom.com.br\/leo-bezerra-garante-dialogo-e-transparencia-da-prefeitura-na-relocacao-de-artistas-e-artesaos-para-a-estacao-das-artes\/\">Leo Bezerra garante di\u00e1logo e transpar\u00eancia da Prefeitura na reloca\u00e7\u00e3o de artistas e artes\u00e3os para a Esta\u00e7\u00e3o das Artes<\/a> apareceu primeiro em <a rel=\"nofollow\" href=\"https:\/\/wscom.com.br\/\">WSCOM<\/a>.<\/p>\n","protected":false},"author":42,"featured_media":0,"comment_status":"closed","ping_status":"closed","sticky":false,"template":"","format":"standard","meta":{"advgb_blocks_editor_width":"","advgb_blocks_columns_visual_guide":"","footnotes":""},"categories":[76,4991,7554,34,1084,2017,7555],"tags":[35],"class_list":["post-29025","post","type-post","status-publish","format-standard","hentry","category-artes","category-celeiro-espaco-criativo","category-estacao-das-artes","category-g1","category-leo-bezerra","category-prefeitura-de-joao-pessoa","category-realocacao","tag-g1"],"author_meta":{"display_name":"Rafael Andrade","author_link":"https:\/\/sindaopcpb.org.br\/author\/rafael-andrade\/"},"featured_img":null,"coauthors":[],"tax_additional":{"categories":{"linked":["<a href=\"https:\/\/sindaopcpb.org.br\/artes\/\" class=\"advgb-post-tax-term\">Artes<\/a>","<a href=\"https:\/\/sindaopcpb.org.br\/celeiro-espaco-criativo\/\" class=\"advgb-post-tax-term\">Celeiro Espa\u00e7o Criativo<\/a>","<a href=\"https:\/\/sindaopcpb.org.br\/estacao-das-artes\/\" class=\"advgb-post-tax-term\">esta\u00e7\u00e3o das artes<\/a>","<a href=\"https:\/\/sindaopcpb.org.br\/g1\/\" class=\"advgb-post-tax-term\">G1<\/a>","<a href=\"https:\/\/sindaopcpb.org.br\/leo-bezerra\/\" class=\"advgb-post-tax-term\">leo bezerra<\/a>","<a href=\"https:\/\/sindaopcpb.org.br\/prefeitura-de-joao-pessoa\/\" class=\"advgb-post-tax-term\">Prefeitura de Jo\u00e3o Pessoa<\/a>","<a href=\"https:\/\/sindaopcpb.org.br\/realocacao\/\" class=\"advgb-post-tax-term\">Realoca\u00e7\u00e3o<\/a>"],"unlinked":["<span class=\"advgb-post-tax-term\">Artes<\/span>","<span class=\"advgb-post-tax-term\">Celeiro Espa\u00e7o Criativo<\/span>","<span class=\"advgb-post-tax-term\">esta\u00e7\u00e3o das artes<\/span>","<span class=\"advgb-post-tax-term\">G1<\/span>","<span class=\"advgb-post-tax-term\">leo bezerra<\/span>","<span class=\"advgb-post-tax-term\">Prefeitura de Jo\u00e3o Pessoa<\/span>","<span class=\"advgb-post-tax-term\">Realoca\u00e7\u00e3o<\/span>"]},"tags":{"linked":["<a href=\"https:\/\/sindaopcpb.org.br\/realocacao\/\" class=\"advgb-post-tax-term\">g1<\/a>"],"unlinked":["<span class=\"advgb-post-tax-term\">g1<\/span>"]}},"comment_count":"0","relative_dates":{"created":"Publicado 3 anos atr\u00e1s","modified":"Atualizado 3 anos atr\u00e1s"},"absolute_dates":{"created":"Publicado em 10 de agosto de 2023","modified":"Atualizado em 10 de agosto de 2023"},"absolute_dates_time":{"created":"Publicado em 10 de agosto de 2023 07:45","modified":"Atualizado em 10 de agosto de 2023 07:45"},"featured_img_caption":"","series_order":"","_links":{"self":[{"href":"https:\/\/sindaopcpb.org.br\/index.php\/wp-json\/wp\/v2\/posts\/29025","targetHints":{"allow":["GET"]}}],"collection":[{"href":"https:\/\/sindaopcpb.org.br\/index.php\/wp-json\/wp\/v2\/posts"}],"about":[{"href":"https:\/\/sindaopcpb.org.br\/index.php\/wp-json\/wp\/v2\/types\/post"}],"author":[{"embeddable":true,"href":"https:\/\/sindaopcpb.org.br\/index.php\/wp-json\/wp\/v2\/users\/42"}],"replies":[{"embeddable":true,"href":"https:\/\/sindaopcpb.org.br\/index.php\/wp-json\/wp\/v2\/comments?post=29025"}],"version-history":[{"count":1,"href":"https:\/\/sindaopcpb.org.br\/index.php\/wp-json\/wp\/v2\/posts\/29025\/revisions"}],"predecessor-version":[{"id":29026,"href":"https:\/\/sindaopcpb.org.br\/index.php\/wp-json\/wp\/v2\/posts\/29025\/revisions\/29026"}],"wp:attachment":[{"href":"https:\/\/sindaopcpb.org.br\/index.php\/wp-json\/wp\/v2\/media?parent=29025"}],"wp:term":[{"taxonomy":"category","embeddable":true,"href":"https:\/\/sindaopcpb.org.br\/index.php\/wp-json\/wp\/v2\/categories?post=29025"},{"taxonomy":"post_tag","embeddable":true,"href":"https:\/\/sindaopcpb.org.br\/index.php\/wp-json\/wp\/v2\/tags?post=29025"}],"curies":[{"name":"wp","href":"https:\/\/api.w.org\/{rel}","templated":true}]}}