{"id":29020,"date":"2023-08-10T07:00:18","date_gmt":"2023-08-10T10:00:18","guid":{"rendered":"https:\/\/www.infomoney.com.br\/?p=2211397"},"modified":"2023-08-10T07:00:18","modified_gmt":"2023-08-10T10:00:18","slug":"governo-lula-e-positivo-para-35-dos-deputados-diz-pesquisa-genial-quaest","status":"publish","type":"post","link":"https:\/\/sindaopcpb.org.br\/index.php\/2023\/08\/10\/governo-lula-e-positivo-para-35-dos-deputados-diz-pesquisa-genial-quaest\/","title":{"rendered":"Governo Lula \u00e9 positivo para 35% dos deputados, diz pesquisa Genial\/Quaest"},"content":{"rendered":"<p><img loading=\"lazy\" width=\"300\" height=\"215\" src=\"https:\/\/www.infomoney.com.br\/wp-content\/uploads\/2023\/08\/52937959902_1fe6c6aaa5_c.jpg?fit=300%2C215&amp;quality=70&amp;strip=all\" class=\"attachment-medium size-medium wp-post-image\" alt=\"\" decoding=\"async\" style=\"float:right; margin:0 0 10px 10px;\" srcset=\"https:\/\/www.infomoney.com.br\/wp-content\/uploads\/2023\/08\/52937959902_1fe6c6aaa5_c.jpg?w=800&amp;quality=70&amp;strip=all 800w, https:\/\/www.infomoney.com.br\/wp-content\/uploads\/2023\/08\/52937959902_1fe6c6aaa5_c.jpg?w=300&amp;quality=70&amp;strip=all 300w, https:\/\/www.infomoney.com.br\/wp-content\/uploads\/2023\/08\/52937959902_1fe6c6aaa5_c.jpg?w=768&amp;quality=70&amp;strip=all 768w, https:\/\/www.infomoney.com.br\/wp-content\/uploads\/2023\/08\/52937959902_1fe6c6aaa5_c.jpg?w=150&amp;quality=70&amp;strip=all 150w\" sizes=\"auto, (max-width: 300px) 100vw, 300px\" data-attachment-id=\"2211399\" data-permalink=\"https:\/\/www.infomoney.com.br\/politica\/governo-lula-e-positivo-para-35-dos-deputados-diz-pesquisa-genial-quaest\/attachment\/52937959902_1fe6c6aaa5_c\/\" data-orig-file=\"https:\/\/www.infomoney.com.br\/wp-content\/uploads\/2023\/08\/52937959902_1fe6c6aaa5_c.jpg?fit=800%2C572&amp;quality=70&amp;strip=all\" data-orig-size=\"800,572\" data-comments-opened=\"0\" data-image-meta=\"{&quot;aperture&quot;:&quot;0&quot;,&quot;credit&quot;:&quot;&quot;,&quot;camera&quot;:&quot;&quot;,&quot;caption&quot;:&quot;&quot;,&quot;created_timestamp&quot;:&quot;0&quot;,&quot;copyright&quot;:&quot;&quot;,&quot;focal_length&quot;:&quot;0&quot;,&quot;iso&quot;:&quot;0&quot;,&quot;shutter_speed&quot;:&quot;0&quot;,&quot;title&quot;:&quot;&quot;,&quot;orientation&quot;:&quot;0&quot;}\" data-image-title=\"Lula e Arthur Lira\" data-image-description=\"\" data-image-caption=\"&lt;p&gt;O presidente Luiz In\u00e1cio Lula da Silva (PT) ao lado do presidente da C\u00e2mara dos Deputados, Arthur Lira (PP-AL), durante sess\u00e3o de trabalho com presidentes dos Pa\u00edses da Am\u00e9rica do Sul (Foto: Ricardo Stuckert\/PR)&lt;\/p&gt;\n\" data-medium-file=\"https:\/\/www.infomoney.com.br\/wp-content\/uploads\/2023\/08\/52937959902_1fe6c6aaa5_c.jpg?fit=300%2C215&amp;quality=70&amp;strip=all\" data-large-file=\"https:\/\/www.infomoney.com.br\/wp-content\/uploads\/2023\/08\/52937959902_1fe6c6aaa5_c.jpg?fit=800%2C572&amp;quality=70&amp;strip=all\" title=\"\"><\/p>\n<p>No momento em que o governo federal ainda acerta os detalhes de uma reforma ministerial em busca de maior apoio parlamentar, a C&acirc;mara dos Deputados est&aacute; dividida em praticamente tr&ecirc;s grupos de igual tamanho quanto &agrave; avalia&ccedil;&atilde;o da gest&atilde;o do presidente <strong>Luiz In&aacute;cio Lula da Silva (PT)<\/strong>. &Eacute; o que mostra pesquisa Genial\/Quaest com integrantes da casa legislativa, divulgada nesta quinta-feira (10).<\/p>\n<p>Segundo o levantamento, 35% dos deputados federais classificam a atual administra&ccedil;&atilde;o como positiva, contra 33% de avalia&ccedil;&otilde;es negativas. Outros 30% responderam que o governo em curso &eacute; regular.<\/p>\n<p>Foram feitas 185 entrevistas presenciais e online com deputados federais no exerc&iacute;cio de seus mandatos. A amostra foi definida com base em estratos de regi&atilde;o e posicionamento ideol&oacute;gico dos partidos (esquerda, centro e direita). A margem de erro estimada &eacute; de 4,8 pontos percentuais para cima ou para baixo.<\/p>\n<p>O per&iacute;odo de coleta ocorreu entre 13 de junho e 6 de agosto, capturando um dos piores momentos da rela&ccedil;&atilde;o de Lula com o Congresso Nacional em seu terceiro mandato &#8210; quando a medida provis&oacute;ria da reestrutura&ccedil;&atilde;o dos minist&eacute;rios ficou por um fio de perder validade. Mas tamb&eacute;m contemplou o melhor momento da atual gest&atilde;o no parlamento, ap&oacute;s a aprova&ccedil;&atilde;o do novo marco fiscal e da reforma tribut&aacute;ria &#8210; pautas priorit&aacute;rias da agenda econ&ocirc;mica.<\/p>\n<p>A pesquisa mostra que 86% dos parlamentares filiados a partidos de esquerda entrevistados avaliam a atual administra&ccedil;&atilde;o positivamente e nenhum deste grupo figura no campo oposto.<\/p>\n<p>J&aacute; na direita, 74% s&atilde;o cr&iacute;ticos e apenas 4% apresentam vis&atilde;o favor&aacute;vel ao Pal&aacute;cio do Planalto. Entre os identificados como de &ldquo;centro&rdquo;, o placar &eacute; 34% a 7% a favor de Lula, mas a maioria (56%) classifica a atual gest&atilde;o como regular.<\/p>\n<p>Metade dos parlamentares ouvidos pela Genial\/Quaest respondeu que o partido ao qual est&atilde;o filiados pertencem a base do governo na C&acirc;mara. Outros 19% disseram que suas legendas s&atilde;o independentes, e 26%, de oposi&ccedil;&atilde;o. O restante (5%) optou por n&atilde;o responder.<\/p>\n<p>A regi&atilde;o em que Lula tem mais for&ccedil;a parlamentar &eacute; o Nordeste &#8210; o que coincide com seu desempenho nas pesquisas junto &agrave; popula&ccedil;&atilde;o em geral. Metade dos deputados nordestinos classificaram a atual gest&atilde;o como positiva, contra apenas 15% respostas negativas.<\/p>\n<p>J&aacute; o Centro-Oeste e o Norte s&atilde;o os principais focos de resist&ecirc;ncia do presidente na C&acirc;mara dos Deputados. Segundo o levantamento, 43% avaliam negativamente a atual administra&ccedil;&atilde;o, ao passo que 28% na regi&atilde;o deram respostas favor&aacute;veis.<\/p>\n<p>Em uma compara&ccedil;&atilde;o com seu antecessor Jair Bolsonaro (PL), Lula leva vantagem entre os parlamentares entrevistados: 43% preferem a gest&atilde;o do petista, enquanto 36% apontam o nome do ex-presidente derrotado nas &uacute;ltimas elei&ccedil;&otilde;es.<\/p>\n<p>A diferen&ccedil;a, de 7 pontos percentuais, no entanto, &eacute; menor do que a verificada pelo mesmo instituto junto &agrave; opini&atilde;o p&uacute;blica em junho: 15 pontos percentuais (49% a 34%).<\/p>\n<p>Para 52% dos deputados federais ouvidos pela Genial\/Quaest, o Brasil est&aacute; caminhando na dire&ccedil;&atilde;o correta. Outros 42% pensam o contr&aacute;rio, e 6% dos entrevistados optaram por n&atilde;o responder ao questionamento.<\/p>\n<p>O levantamento mostra, ainda, que 46% acreditam que os brasileiros hoje est&atilde;o mais felizes do que um ano atr&aacute;s &#8210; situa&ccedil;&atilde;o de empate t&eacute;cnico com aqueles que veem a popula&ccedil;&atilde;o menos satisfeita (43%).<\/p>\n<h2><strong>Sinais trocados<\/strong><\/h2>\n<p>Apesar de uma percep&ccedil;&atilde;o levemente majorit&aacute;ria favor&aacute;vel a Lula no parlamento, a maioria dos deputados entrevistados pela pesquisa (41%) considera a rela&ccedil;&atilde;o do governo com o Congresso Nacional ruim. Na outra ponta, 24% avaliam positivamente, enquanto 32%, como regular. Para 67%, o Pal&aacute;cio do Planalto d&aacute; menos aten&ccedil;&atilde;o do que deveria aos parlamentares.<\/p>\n<p>Mesmo assim, 56% veem altas chances de Lula aprovar sua agenda de governo, contra 37% que acreditam no contr&aacute;rio. Para 40%, o fator determinante para o Executivo lograr &ecirc;xito &eacute; o cumprimento de acordos com l&iacute;deres partid&aacute;rios e liberar emendas. Na sequ&ecirc;ncia, aparecem os que dizem que &eacute; o fato de ouvir sugest&otilde;es &agrave;s propostas antes de apresent&aacute;-las (22%).<\/p>\n<\/p>\n<div class=\"cta-end\">\n<div class=\"im-cta\" >\n<div class=\"im-shortcode-forms bg-light bg-opacity-25 border rounded-4 p-3 p-sm-4 p-md-3 p-lg-4 px-xxl-5 my-5\" data-configuration='{\"form_name\":false,\"form_hat\":\"Newsletter\",\"form_email\":true,\"form_icon\":\"newsletter\",\"form_phone\":false,\"form_campaign\":\"NIM\",\"form_thankyou\":\"\",\"form_journey\":\"APIEvent-26a5198d-8e09-06ef-5f80-cd9127757ad1\",\"form_button\":\"Quero receber\",\"form_context\":\"newsletter\",\"form_origin\":\"https:\\\/\\\/www.infomoney.com.br\\\/politica\\\/feed\\\/?utm_medium=materia&#038;utm_source=infomoney&#038;utm_campaign=NIM&#038;utm_term=politica&#038;utm_content=newsletter\",\"form_position\":\"final\",\"form_category\":\"cta_form\"}'>\n<div class=\"d-flex flex-column align-items-center align-items-lg-start mb-4 flex-lg-row\">\n<div class=\"rounded-circle mb-2 mb-lg-0 mr-lg-4 me-lg-4 p-3 p-lg-4 bg-blue-400\"><svg width=\"40\" height=\"40\" viewBox=\"0 0 40 40\" fill=\"none\" xmlns=\"http:\/\/www.w3.org\/2000\/svg\"><path d=\"M20 20.25 6.042 11.042v19.041c0 .167.048.299.146.396a.535.535 0 0 0 .395.146h15.792V32.5H6.583a2.328 2.328 0 0 1-1.708-.708 2.328 2.328 0 0 1-.708-1.709V9.917c0-.667.236-1.236.708-1.709A2.328 2.328 0 0 1 6.583 7.5h26.834c.666 0 1.236.236 1.708.708a2.33 2.33 0 0 1 .708 1.709v12.458h-1.875V11.042L20 20.25Zm0-2 13.667-8.875H6.333L20 18.25Zm11.75 18.958-1.292-1.333 3.334-3.375h-9v-1.875h9l-3.375-3.417 1.333-1.291 5.667 5.625-5.667 5.666ZM6.042 11.042v20.791-9.458.25-13.25 1.667Z\" fill=\"#fff\"\/><\/svg><\/div>\n<div class=\"flex-fill text-center text-lg-left\">\n<div class=\"h6 small text-orange-700 lh-base mb-1\">Newsletter<\/div>\n<div class=\"text-body h4 m-0\">Infomorning<\/div>\n<div class=\"text-body small lh-base mt-2\">Receba no seu e-mail logo pela manh&atilde; as not&iacute;cias que v&atilde;o mexer com os mercados, com os seus investimentos e o seu bolso durante o dia<\/div>\n<\/div>\n<\/div>\n<\/div>\n<\/div>\n<\/div>\n<p>The post <a rel=\"nofollow noopener\" href=\"https:\/\/www.infomoney.com.br\/politica\/governo-lula-e-positivo-para-35-dos-deputados-diz-pesquisa-genial-quaest\/\" target=\"_blank\">Governo Lula \u00e9 positivo para 35% dos deputados, diz pesquisa Genial\/Quaest<\/a> appeared first on <a rel=\"nofollow noopener\" href=\"https:\/\/www.infomoney.com.br\/\" target=\"_blank\">InfoMoney<\/a>.<\/p>\n","protected":false},"excerpt":{"rendered":"<p><img loading=\"lazy\" decoding=\"async\" width=\"300\" height=\"215\" src=\"https:\/\/www.infomoney.com.br\/wp-content\/uploads\/2023\/08\/52937959902_1fe6c6aaa5_c.jpg?fit=300%2C215&amp;quality=70&amp;strip=all\" class=\"attachment-medium size-medium wp-post-image\" alt=\"\" data-attachment-id=\"2211399\" data-permalink=\"https:\/\/www.infomoney.com.br\/politica\/governo-lula-e-positivo-para-35-dos-deputados-diz-pesquisa-genial-quaest\/attachment\/52937959902_1fe6c6aaa5_c\/\" data-orig-file=\"https:\/\/www.infomoney.com.br\/wp-content\/uploads\/2023\/08\/52937959902_1fe6c6aaa5_c.jpg?fit=800%2C572&amp;quality=70&amp;strip=all\" data-orig-size=\"800,572\" data-comments-opened=\"0\" data-image-meta='{\"aperture\":\"0\",\"credit\":\"\",\"camera\":\"\",\"caption\":\"\",\"created_timestamp\":\"0\",\"copyright\":\"\",\"focal_length\":\"0\",\"iso\":\"0\",\"shutter_speed\":\"0\",\"title\":\"\",\"orientation\":\"0\"}' data-image-title=\"Lula e Arthur Lira\" data-image-description=\"\" data-image-caption=\"&lt;p&gt;O presidente Luiz In\u00e1cio Lula da Silva (PT) ao lado do presidente da C\u00e2mara dos Deputados, Arthur Lira (PP-AL), durante sess\u00e3o de trabalho com presidentes dos Pa\u00edses da Am\u00e9rica do Sul (Foto: Ricardo Stuckert\/PR)&lt;\/p&gt;\n\" data-medium-file=\"https:\/\/www.infomoney.com.br\/wp-content\/uploads\/2023\/08\/52937959902_1fe6c6aaa5_c.jpg?fit=300%2C215&amp;quality=70&amp;strip=all\" data-large-file=\"https:\/\/www.infomoney.com.br\/wp-content\/uploads\/2023\/08\/52937959902_1fe6c6aaa5_c.jpg?fit=800%2C572&amp;quality=70&amp;strip=all\">Avalia\u00e7\u00e3o negativa de Lula na casa legislativa, por\u00e9m, \u00e9 de 33%. Mas maioria (56%) v\u00ea chances altas de presidente aprovar agenda de governo<\/p>\n<p>The post <a rel=\"nofollow\" href=\"https:\/\/www.infomoney.com.br\/politica\/governo-lula-e-positivo-para-35-dos-deputados-diz-pesquisa-genial-quaest\/\">Governo Lula \u00e9 positivo para 35% dos deputados, diz pesquisa Genial\/Quaest<\/a> appeared first on <a rel=\"nofollow\" href=\"https:\/\/www.infomoney.com.br\/\">InfoMoney<\/a>.<\/p>\n","protected":false},"author":52,"featured_media":0,"comment_status":"closed","ping_status":"closed","sticky":false,"template":"","format":"standard","meta":{"advgb_blocks_editor_width":"","advgb_blocks_columns_visual_guide":"","footnotes":""},"categories":[276,359,34,129,713,47,1119],"tags":[35],"class_list":["post-29020","post","type-post","status-publish","format-standard","hentry","category-camara-dos-deputados","category-congresso-nacional","category-g1","category-luiz-inacio-lula-da-silva","category-pesquisa","category-politica","category-quaest","tag-g1"],"author_meta":{"display_name":"Marcos Mortari","author_link":"https:\/\/sindaopcpb.org.br\/author\/marcos-mortari\/"},"featured_img":null,"coauthors":[],"tax_additional":{"categories":{"linked":["<a href=\"https:\/\/sindaopcpb.org.br\/camara-dos-deputados\/\" class=\"advgb-post-tax-term\">C\u00e2mara dos Deputados<\/a>","<a href=\"https:\/\/sindaopcpb.org.br\/congresso-nacional\/\" class=\"advgb-post-tax-term\">Congresso Nacional<\/a>","<a href=\"https:\/\/sindaopcpb.org.br\/g1\/\" class=\"advgb-post-tax-term\">G1<\/a>","<a href=\"https:\/\/sindaopcpb.org.br\/luiz-inacio-lula-da-silva\/\" class=\"advgb-post-tax-term\">Luiz In\u00e1cio Lula da Silva<\/a>","<a href=\"https:\/\/sindaopcpb.org.br\/pesquisa\/\" class=\"advgb-post-tax-term\">pesquisa<\/a>","<a href=\"https:\/\/sindaopcpb.org.br\/politica\/\" class=\"advgb-post-tax-term\">POLITICA<\/a>","<a href=\"https:\/\/sindaopcpb.org.br\/quaest\/\" class=\"advgb-post-tax-term\">quaest<\/a>"],"unlinked":["<span class=\"advgb-post-tax-term\">C\u00e2mara dos Deputados<\/span>","<span class=\"advgb-post-tax-term\">Congresso Nacional<\/span>","<span class=\"advgb-post-tax-term\">G1<\/span>","<span class=\"advgb-post-tax-term\">Luiz In\u00e1cio Lula da Silva<\/span>","<span class=\"advgb-post-tax-term\">pesquisa<\/span>","<span class=\"advgb-post-tax-term\">POLITICA<\/span>","<span class=\"advgb-post-tax-term\">quaest<\/span>"]},"tags":{"linked":["<a href=\"https:\/\/sindaopcpb.org.br\/quaest\/\" class=\"advgb-post-tax-term\">g1<\/a>"],"unlinked":["<span class=\"advgb-post-tax-term\">g1<\/span>"]}},"comment_count":"0","relative_dates":{"created":"Publicado 3 anos atr\u00e1s","modified":"Atualizado 3 anos atr\u00e1s"},"absolute_dates":{"created":"Publicado em 10 de agosto de 2023","modified":"Atualizado em 10 de agosto de 2023"},"absolute_dates_time":{"created":"Publicado em 10 de agosto de 2023 07:00","modified":"Atualizado em 10 de agosto de 2023 07:00"},"featured_img_caption":"","series_order":"","_links":{"self":[{"href":"https:\/\/sindaopcpb.org.br\/index.php\/wp-json\/wp\/v2\/posts\/29020","targetHints":{"allow":["GET"]}}],"collection":[{"href":"https:\/\/sindaopcpb.org.br\/index.php\/wp-json\/wp\/v2\/posts"}],"about":[{"href":"https:\/\/sindaopcpb.org.br\/index.php\/wp-json\/wp\/v2\/types\/post"}],"author":[{"embeddable":true,"href":"https:\/\/sindaopcpb.org.br\/index.php\/wp-json\/wp\/v2\/users\/52"}],"replies":[{"embeddable":true,"href":"https:\/\/sindaopcpb.org.br\/index.php\/wp-json\/wp\/v2\/comments?post=29020"}],"version-history":[{"count":2,"href":"https:\/\/sindaopcpb.org.br\/index.php\/wp-json\/wp\/v2\/posts\/29020\/revisions"}],"predecessor-version":[{"id":29037,"href":"https:\/\/sindaopcpb.org.br\/index.php\/wp-json\/wp\/v2\/posts\/29020\/revisions\/29037"}],"wp:attachment":[{"href":"https:\/\/sindaopcpb.org.br\/index.php\/wp-json\/wp\/v2\/media?parent=29020"}],"wp:term":[{"taxonomy":"category","embeddable":true,"href":"https:\/\/sindaopcpb.org.br\/index.php\/wp-json\/wp\/v2\/categories?post=29020"},{"taxonomy":"post_tag","embeddable":true,"href":"https:\/\/sindaopcpb.org.br\/index.php\/wp-json\/wp\/v2\/tags?post=29020"}],"curies":[{"name":"wp","href":"https:\/\/api.w.org\/{rel}","templated":true}]}}