{"id":29,"date":"2019-09-05T20:09:58","date_gmt":"2019-09-05T23:09:58","guid":{"rendered":"https:\/\/sindaopcpb.org.br\/index.php\/2019\/09\/05\/forum\/"},"modified":"2019-09-05T20:09:58","modified_gmt":"2019-09-05T23:09:58","slug":"forum","status":"publish","type":"post","link":"https:\/\/sindaopcpb.org.br\/index.php\/2019\/09\/05\/forum\/","title":{"rendered":"F\u00f3rum com 14 Entidades \u00e9 recebido pelo Secretario da Fazenda, Administra\u00e7\u00e3o e Planejamento"},"content":{"rendered":"<p>\u00a0<\/p>\n<\/p>\n<p style=\"text-align: justify;\">F\u00f3rum Permanente de Seguran\u00e7a P\u00fablica da Para\u00edba com 14 Entidades da Policia Civil, Militar e Bombeiro, reuniram-se nesta ultima quarta-feira 04 de setembro com os Secret\u00e1rios de Estado da Fazenda Marialvo Laureano, Administra\u00e7\u00e3o Jacqueline Fernandes e Planejamento Gilmar Martins, para deliberar sobre aplica\u00e7\u00e3o da Lei 9.082\/2010 que trata do Subs\u00eddio.<\/p>\n<p style=\"text-align: justify;\">Neste segundo encontro com os Secret\u00e1rios de Estado, os representantes do F\u00f3rum mais uma vez externaram a import\u00e2ncia da unidade das Policias da Para\u00edba em prol do pleito do Subs\u00eddio com um reajuste tendo como base objetiva a media do Nordeste.<\/p>\n<p style=\"text-align: justify;\">O Secretario Marialvo colocou toda a equipe Econ\u00f4mica do Governo a disposi\u00e7\u00e3o para buscar o melhor caminho dentro dos limites da Lei de Responsabilidade Fiscal, em pleno reconhecimento e import\u00e2ncia do excelente trabalho prestado pela Seguran\u00e7a P\u00fablica a sociedade paraibana, \u201co pleito \u00e9 justo e iremos achar o melhor caminho, apresentando ao Governador Jo\u00e3o Azevedo estudos t\u00e9cnicos, que n\u00e3o mede esfor\u00e7os e elogios a Seguran\u00e7a P\u00fablica\u201d. \u00a0<\/p>\n<p style=\"text-align: justify;\">Ficou agendado para o pr\u00f3ximo m\u00eas um novo encontro para deliberar sobre novos encaminhamentos. \u00a0<\/p>\n<p><img loading=\"lazy\" decoding=\"async\" class=\" size-full wp-image-28\" src=\"https:\/\/sindaopcpb.org.br\/wp-content\/uploads\/2019\/09\/images_WhatsApp_Image_2019-09-04_at_170847.jpeg\" width=\"614\" height=\"350\" alt=\"\" title=\"\" srcset=\"https:\/\/sindaopcpb.org.br\/wp-content\/uploads\/2019\/09\/images_WhatsApp_Image_2019-09-04_at_170847.jpeg 1080w, https:\/\/sindaopcpb.org.br\/wp-content\/uploads\/2019\/09\/images_WhatsApp_Image_2019-09-04_at_170847-300x171.jpeg 300w, https:\/\/sindaopcpb.org.br\/wp-content\/uploads\/2019\/09\/images_WhatsApp_Image_2019-09-04_at_170847-1024x584.jpeg 1024w, https:\/\/sindaopcpb.org.br\/wp-content\/uploads\/2019\/09\/images_WhatsApp_Image_2019-09-04_at_170847-768x438.jpeg 768w, https:\/\/sindaopcpb.org.br\/wp-content\/uploads\/2019\/09\/images_WhatsApp_Image_2019-09-04_at_170847-420x240.jpeg 420w\" sizes=\"auto, (max-width: 614px) 100vw, 614px\" \/><\/p>\n<p>\u00a0<\/p>\n","protected":false},"excerpt":{"rendered":"<p>\u00a0 F\u00f3rum Permanente de Seguran\u00e7a P\u00fablica da Para\u00edba com 14 Entidades da Policia Civil, Militar<\/p>\n","protected":false},"author":1,"featured_media":27,"comment_status":"open","ping_status":"open","sticky":false,"template":"","format":"standard","meta":{"advgb_blocks_editor_width":"","advgb_blocks_columns_visual_guide":"","footnotes":""},"categories":[3],"tags":[],"class_list":["post-29","post","type-post","status-publish","format-standard","has-post-thumbnail","hentry","category-uncategorised"],"author_meta":{"display_name":"OrlandoPassos","author_link":"https:\/\/sindaopcpb.org.br\/author\/orlandopassos\/"},"featured_img":"https:\/\/sindaopcpb.org.br\/wp-content\/uploads\/2019\/09\/images_WhatsApp_Image_2019-09-04_at_170855-300x146.jpeg","coauthors":[],"tax_additional":{"categories":{"linked":["<a href=\"https:\/\/sindaopcpb.org.br\/uncategorised\/\" class=\"advgb-post-tax-term\">Geral<\/a>"],"unlinked":["<span class=\"advgb-post-tax-term\">Geral<\/span>"]}},"comment_count":"0","relative_dates":{"created":"Publicado 7 anos atr\u00e1s","modified":"Atualizado 7 anos atr\u00e1s"},"absolute_dates":{"created":"Publicado em 5 de setembro de 2019","modified":"Atualizado em 5 de setembro de 2019"},"absolute_dates_time":{"created":"Publicado em 5 de setembro de 2019 20:09","modified":"Atualizado em 5 de setembro de 2019 20:09"},"featured_img_caption":"","series_order":"","_links":{"self":[{"href":"https:\/\/sindaopcpb.org.br\/index.php\/wp-json\/wp\/v2\/posts\/29","targetHints":{"allow":["GET"]}}],"collection":[{"href":"https:\/\/sindaopcpb.org.br\/index.php\/wp-json\/wp\/v2\/posts"}],"about":[{"href":"https:\/\/sindaopcpb.org.br\/index.php\/wp-json\/wp\/v2\/types\/post"}],"author":[{"embeddable":true,"href":"https:\/\/sindaopcpb.org.br\/index.php\/wp-json\/wp\/v2\/users\/1"}],"replies":[{"embeddable":true,"href":"https:\/\/sindaopcpb.org.br\/index.php\/wp-json\/wp\/v2\/comments?post=29"}],"version-history":[{"count":0,"href":"https:\/\/sindaopcpb.org.br\/index.php\/wp-json\/wp\/v2\/posts\/29\/revisions"}],"wp:featuredmedia":[{"embeddable":true,"href":"https:\/\/sindaopcpb.org.br\/index.php\/wp-json\/wp\/v2\/media\/27"}],"wp:attachment":[{"href":"https:\/\/sindaopcpb.org.br\/index.php\/wp-json\/wp\/v2\/media?parent=29"}],"wp:term":[{"taxonomy":"category","embeddable":true,"href":"https:\/\/sindaopcpb.org.br\/index.php\/wp-json\/wp\/v2\/categories?post=29"},{"taxonomy":"post_tag","embeddable":true,"href":"https:\/\/sindaopcpb.org.br\/index.php\/wp-json\/wp\/v2\/tags?post=29"}],"curies":[{"name":"wp","href":"https:\/\/api.w.org\/{rel}","templated":true}]}}