{"id":28982,"date":"2023-08-09T15:56:40","date_gmt":"2023-08-09T18:56:40","guid":{"rendered":"https:\/\/wpa.wscom.com.br\/?p=916761"},"modified":"2023-08-09T15:56:40","modified_gmt":"2023-08-09T18:56:40","slug":"leo-bezerra-entrega-a-39a-unidade-de-saude-da-familia-reformada-pela-prefeitura-de-joao-pessoa","status":"publish","type":"post","link":"https:\/\/sindaopcpb.org.br\/index.php\/2023\/08\/09\/leo-bezerra-entrega-a-39a-unidade-de-saude-da-familia-reformada-pela-prefeitura-de-joao-pessoa\/","title":{"rendered":"Leo Bezerra entrega a 39\u00aa Unidade de Sa\u00fade da Fam\u00edlia reformada pela Prefeitura de Jo\u00e3o Pessoa"},"content":{"rendered":"<p>A Prefeitura de Jo\u00e3o Pessoa segue avan\u00e7ando na recupera\u00e7\u00e3o de todas as Unidades de Sa\u00fade da Fam\u00edlia da Capital. Nesta quarta-feira (9), o vice-prefeito Leo Bezerra entregou a que atende cerca de 15 mil moradores dos bairros Funcion\u00e1rios III, IV e Presidente M\u00e9dici, subindo para 39 o total de equipamentos j\u00e1 reconstru\u00eddos e modernizados para oferecer uma presta\u00e7\u00e3o de servi\u00e7o mais humana para os usu\u00e1rios e com mais condi\u00e7\u00f5es de trabalho para os profissionais.<\/p>\n<p>Durante solenidade, na manh\u00e3 desta quarta-feira (9), nos Funcion\u00e1rios IV, o vice-prefeito Leo Bezerra lembrou que a melhoria dos equipamentos de Sa\u00fade de Jo\u00e3o Pessoa foi uma de suas principais bandeiras durante mandato na C\u00e2mara Municipal. Agora, na Prefeitura, se tornou um compromisso que vem sendo cumprido \u00e0 risca.<\/p>\n<figure class=\"wp-block-gallery has-nested-images columns-default is-cropped wp-block-gallery-3 is-layout-flex\">\n<figure class=\"wp-block-image size-large\"><\/figure>\n<figure class=\"wp-block-image size-large\"><img decoding=\"async\" loading=\"lazy\" class=\"wp-image-321455\" src=\"https:\/\/www.joaopessoa.pb.gov.br\/wp-content\/uploads\/2023\/08\/WhatsApp-Image-2023-08-09-at-12.06.19-2-1024x683.jpeg\" sizes=\"auto, (max-width: 1024px) 100vw, 1024px\" srcset=\"https:\/\/www.joaopessoa.pb.gov.br\/wp-content\/uploads\/2023\/08\/WhatsApp-Image-2023-08-09-at-12.06.19-2-1024x683.jpeg 1024w, https:\/\/www.joaopessoa.pb.gov.br\/wp-content\/uploads\/2023\/08\/WhatsApp-Image-2023-08-09-at-12.06.19-2-768x512.jpeg 768w, https:\/\/www.joaopessoa.pb.gov.br\/wp-content\/uploads\/2023\/08\/WhatsApp-Image-2023-08-09-at-12.06.19-2-600x400.jpeg 600w, https:\/\/www.joaopessoa.pb.gov.br\/wp-content\/uploads\/2023\/08\/WhatsApp-Image-2023-08-09-at-12.06.19-2.jpeg 1280w\" alt=\"\" width=\"1024\" height=\"683\" data-id=\"321455\" title=\"\"><\/figure>\n<figure class=\"wp-block-image size-large\"><img decoding=\"async\" loading=\"lazy\" class=\"wp-image-321458\" src=\"https:\/\/www.joaopessoa.pb.gov.br\/wp-content\/uploads\/2023\/08\/WhatsApp-Image-2023-08-09-at-12.06.19-1024x683.jpeg\" sizes=\"auto, (max-width: 1024px) 100vw, 1024px\" srcset=\"https:\/\/www.joaopessoa.pb.gov.br\/wp-content\/uploads\/2023\/08\/WhatsApp-Image-2023-08-09-at-12.06.19-1024x683.jpeg 1024w, https:\/\/www.joaopessoa.pb.gov.br\/wp-content\/uploads\/2023\/08\/WhatsApp-Image-2023-08-09-at-12.06.19-768x512.jpeg 768w, https:\/\/www.joaopessoa.pb.gov.br\/wp-content\/uploads\/2023\/08\/WhatsApp-Image-2023-08-09-at-12.06.19-600x400.jpeg 600w, https:\/\/www.joaopessoa.pb.gov.br\/wp-content\/uploads\/2023\/08\/WhatsApp-Image-2023-08-09-at-12.06.19.jpeg 1280w\" alt=\"\" width=\"1024\" height=\"683\" data-id=\"321458\" title=\"\"><\/figure>\n<figure class=\"wp-block-image size-large\"><img decoding=\"async\" loading=\"lazy\" class=\"wp-image-321457\" src=\"https:\/\/www.joaopessoa.pb.gov.br\/wp-content\/uploads\/2023\/08\/WhatsApp-Image-2023-08-09-at-12.06.20-3-1024x683.jpeg\" sizes=\"auto, (max-width: 1024px) 100vw, 1024px\" srcset=\"https:\/\/www.joaopessoa.pb.gov.br\/wp-content\/uploads\/2023\/08\/WhatsApp-Image-2023-08-09-at-12.06.20-3-1024x683.jpeg 1024w, https:\/\/www.joaopessoa.pb.gov.br\/wp-content\/uploads\/2023\/08\/WhatsApp-Image-2023-08-09-at-12.06.20-3-768x512.jpeg 768w, https:\/\/www.joaopessoa.pb.gov.br\/wp-content\/uploads\/2023\/08\/WhatsApp-Image-2023-08-09-at-12.06.20-3-600x400.jpeg 600w, https:\/\/www.joaopessoa.pb.gov.br\/wp-content\/uploads\/2023\/08\/WhatsApp-Image-2023-08-09-at-12.06.20-3.jpeg 1280w\" alt=\"\" width=\"1024\" height=\"683\" data-id=\"321457\" title=\"\"><\/figure>\n<p>&nbsp;<\/figure>\n<p>\u201cEstamos n\u00e3o s\u00f3 entregando unidades reformadas, mas humanizando a nossa Sa\u00fade. Queremos que os funcion\u00e1rios tratem os usu\u00e1rios da mesma forma que gostariam que um familiar seu fosse tratado. Porque ningu\u00e9m vai a uma USF porque quer, e, sim, porque necessita. A partir do momento em que a gente entrega uma unidade dessa com a melhor estrutura e os melhores equipamentos, isso se reflete na qualidade do atendimento da nossa popula\u00e7\u00e3o\u201d, disse Leo Bezerra.<\/p>\n<p>&nbsp;<\/p>\n<figure class=\"wp-block-gallery has-nested-images columns-default is-cropped wp-block-gallery-5 is-layout-flex\">\n<figure class=\"wp-block-image size-large\"><img decoding=\"async\" loading=\"lazy\" class=\"wp-image-321462\" src=\"https:\/\/www.joaopessoa.pb.gov.br\/wp-content\/uploads\/2023\/08\/WhatsApp-Image-2023-08-09-at-12.06.19-3-1024x683.jpeg\" sizes=\"auto, (max-width: 1024px) 100vw, 1024px\" srcset=\"https:\/\/www.joaopessoa.pb.gov.br\/wp-content\/uploads\/2023\/08\/WhatsApp-Image-2023-08-09-at-12.06.19-3-1024x683.jpeg 1024w, https:\/\/www.joaopessoa.pb.gov.br\/wp-content\/uploads\/2023\/08\/WhatsApp-Image-2023-08-09-at-12.06.19-3-768x512.jpeg 768w, https:\/\/www.joaopessoa.pb.gov.br\/wp-content\/uploads\/2023\/08\/WhatsApp-Image-2023-08-09-at-12.06.19-3-600x400.jpeg 600w, https:\/\/www.joaopessoa.pb.gov.br\/wp-content\/uploads\/2023\/08\/WhatsApp-Image-2023-08-09-at-12.06.19-3.jpeg 1280w\" alt=\"\" width=\"1024\" height=\"683\" data-id=\"321462\" title=\"\"><\/figure>\n<figure class=\"wp-block-image size-large\"><img decoding=\"async\" loading=\"lazy\" class=\"wp-image-321461\" src=\"https:\/\/www.joaopessoa.pb.gov.br\/wp-content\/uploads\/2023\/08\/WhatsApp-Image-2023-08-09-at-12.06.20-1024x683.jpeg\" sizes=\"auto, (max-width: 1024px) 100vw, 1024px\" srcset=\"https:\/\/www.joaopessoa.pb.gov.br\/wp-content\/uploads\/2023\/08\/WhatsApp-Image-2023-08-09-at-12.06.20-1024x683.jpeg 1024w, https:\/\/www.joaopessoa.pb.gov.br\/wp-content\/uploads\/2023\/08\/WhatsApp-Image-2023-08-09-at-12.06.20-768x512.jpeg 768w, https:\/\/www.joaopessoa.pb.gov.br\/wp-content\/uploads\/2023\/08\/WhatsApp-Image-2023-08-09-at-12.06.20-600x400.jpeg 600w, https:\/\/www.joaopessoa.pb.gov.br\/wp-content\/uploads\/2023\/08\/WhatsApp-Image-2023-08-09-at-12.06.20.jpeg 1280w\" alt=\"\" width=\"1024\" height=\"683\" data-id=\"321461\" title=\"\"><\/figure>\n<figure class=\"wp-block-image size-large\"><img decoding=\"async\" loading=\"lazy\" class=\"wp-image-321463\" src=\"https:\/\/www.joaopessoa.pb.gov.br\/wp-content\/uploads\/2023\/08\/WhatsApp-Image-2023-08-09-at-12.06.21-4-1024x683.jpeg\" sizes=\"auto, (max-width: 1024px) 100vw, 1024px\" srcset=\"https:\/\/www.joaopessoa.pb.gov.br\/wp-content\/uploads\/2023\/08\/WhatsApp-Image-2023-08-09-at-12.06.21-4-1024x683.jpeg 1024w, https:\/\/www.joaopessoa.pb.gov.br\/wp-content\/uploads\/2023\/08\/WhatsApp-Image-2023-08-09-at-12.06.21-4-768x512.jpeg 768w, https:\/\/www.joaopessoa.pb.gov.br\/wp-content\/uploads\/2023\/08\/WhatsApp-Image-2023-08-09-at-12.06.21-4-600x400.jpeg 600w, https:\/\/www.joaopessoa.pb.gov.br\/wp-content\/uploads\/2023\/08\/WhatsApp-Image-2023-08-09-at-12.06.21-4.jpeg 1280w\" alt=\"\" width=\"1024\" height=\"683\" data-id=\"321463\" title=\"\"><\/figure>\n<figure class=\"wp-block-image size-large\"><img decoding=\"async\" loading=\"lazy\" class=\"wp-image-321464\" src=\"https:\/\/www.joaopessoa.pb.gov.br\/wp-content\/uploads\/2023\/08\/WhatsApp-Image-2023-08-09-at-12.06.21-3-1024x683.jpeg\" sizes=\"auto, (max-width: 1024px) 100vw, 1024px\" srcset=\"https:\/\/www.joaopessoa.pb.gov.br\/wp-content\/uploads\/2023\/08\/WhatsApp-Image-2023-08-09-at-12.06.21-3-1024x683.jpeg 1024w, https:\/\/www.joaopessoa.pb.gov.br\/wp-content\/uploads\/2023\/08\/WhatsApp-Image-2023-08-09-at-12.06.21-3-768x512.jpeg 768w, https:\/\/www.joaopessoa.pb.gov.br\/wp-content\/uploads\/2023\/08\/WhatsApp-Image-2023-08-09-at-12.06.21-3-600x400.jpeg 600w, https:\/\/www.joaopessoa.pb.gov.br\/wp-content\/uploads\/2023\/08\/WhatsApp-Image-2023-08-09-at-12.06.21-3.jpeg 1280w\" alt=\"\" width=\"1024\" height=\"683\" data-id=\"321464\" title=\"\"><\/figure>\n<figure class=\"wp-block-image size-large\"><img decoding=\"async\" loading=\"lazy\" class=\"wp-image-321465\" src=\"https:\/\/www.joaopessoa.pb.gov.br\/wp-content\/uploads\/2023\/08\/WhatsApp-Image-2023-08-09-at-12.06.21-2-1024x683.jpeg\" sizes=\"auto, (max-width: 1024px) 100vw, 1024px\" srcset=\"https:\/\/www.joaopessoa.pb.gov.br\/wp-content\/uploads\/2023\/08\/WhatsApp-Image-2023-08-09-at-12.06.21-2-1024x683.jpeg 1024w, https:\/\/www.joaopessoa.pb.gov.br\/wp-content\/uploads\/2023\/08\/WhatsApp-Image-2023-08-09-at-12.06.21-2-768x512.jpeg 768w, https:\/\/www.joaopessoa.pb.gov.br\/wp-content\/uploads\/2023\/08\/WhatsApp-Image-2023-08-09-at-12.06.21-2-600x400.jpeg 600w, https:\/\/www.joaopessoa.pb.gov.br\/wp-content\/uploads\/2023\/08\/WhatsApp-Image-2023-08-09-at-12.06.21-2.jpeg 1280w\" alt=\"\" width=\"1024\" height=\"683\" data-id=\"321465\" title=\"\"><\/figure>\n<figure class=\"wp-block-image size-large\"><img decoding=\"async\" loading=\"lazy\" class=\"wp-image-321466\" src=\"https:\/\/www.joaopessoa.pb.gov.br\/wp-content\/uploads\/2023\/08\/WhatsApp-Image-2023-08-09-at-12.06.21-1-1024x683.jpeg\" sizes=\"auto, (max-width: 1024px) 100vw, 1024px\" srcset=\"https:\/\/www.joaopessoa.pb.gov.br\/wp-content\/uploads\/2023\/08\/WhatsApp-Image-2023-08-09-at-12.06.21-1-1024x683.jpeg 1024w, https:\/\/www.joaopessoa.pb.gov.br\/wp-content\/uploads\/2023\/08\/WhatsApp-Image-2023-08-09-at-12.06.21-1-768x512.jpeg 768w, https:\/\/www.joaopessoa.pb.gov.br\/wp-content\/uploads\/2023\/08\/WhatsApp-Image-2023-08-09-at-12.06.21-1-600x400.jpeg 600w, https:\/\/www.joaopessoa.pb.gov.br\/wp-content\/uploads\/2023\/08\/WhatsApp-Image-2023-08-09-at-12.06.21-1.jpeg 1280w\" alt=\"\" width=\"1024\" height=\"683\" data-id=\"321466\" title=\"\"><\/figure>\n<figure class=\"wp-block-image size-large\"><img decoding=\"async\" loading=\"lazy\" class=\"wp-image-321467\" src=\"https:\/\/www.joaopessoa.pb.gov.br\/wp-content\/uploads\/2023\/08\/WhatsApp-Image-2023-08-09-at-12.06.21-1024x683.jpeg\" sizes=\"auto, (max-width: 1024px) 100vw, 1024px\" srcset=\"https:\/\/www.joaopessoa.pb.gov.br\/wp-content\/uploads\/2023\/08\/WhatsApp-Image-2023-08-09-at-12.06.21-1024x683.jpeg 1024w, https:\/\/www.joaopessoa.pb.gov.br\/wp-content\/uploads\/2023\/08\/WhatsApp-Image-2023-08-09-at-12.06.21-768x512.jpeg 768w, https:\/\/www.joaopessoa.pb.gov.br\/wp-content\/uploads\/2023\/08\/WhatsApp-Image-2023-08-09-at-12.06.21-600x400.jpeg 600w, https:\/\/www.joaopessoa.pb.gov.br\/wp-content\/uploads\/2023\/08\/WhatsApp-Image-2023-08-09-at-12.06.21.jpeg 1280w\" alt=\"\" width=\"1024\" height=\"683\" data-id=\"321467\" title=\"\"><\/figure>\n<figure class=\"wp-block-image size-large\"><img decoding=\"async\" loading=\"lazy\" class=\"wp-image-321468\" src=\"https:\/\/www.joaopessoa.pb.gov.br\/wp-content\/uploads\/2023\/08\/WhatsApp-Image-2023-08-09-at-12.06.22-1024x683.jpeg\" sizes=\"auto, (max-width: 1024px) 100vw, 1024px\" srcset=\"https:\/\/www.joaopessoa.pb.gov.br\/wp-content\/uploads\/2023\/08\/WhatsApp-Image-2023-08-09-at-12.06.22-1024x683.jpeg 1024w, https:\/\/www.joaopessoa.pb.gov.br\/wp-content\/uploads\/2023\/08\/WhatsApp-Image-2023-08-09-at-12.06.22-768x512.jpeg 768w, https:\/\/www.joaopessoa.pb.gov.br\/wp-content\/uploads\/2023\/08\/WhatsApp-Image-2023-08-09-at-12.06.22-600x400.jpeg 600w, https:\/\/www.joaopessoa.pb.gov.br\/wp-content\/uploads\/2023\/08\/WhatsApp-Image-2023-08-09-at-12.06.22.jpeg 1280w\" alt=\"\" width=\"1024\" height=\"683\" data-id=\"321468\" title=\"\"><\/figure>\n<\/figure>\n<p>A secret\u00e1ria interina da Sa\u00fade, Janine Lucena, disse que outras tr\u00eas unidades est\u00e3o prontas para serem entregas \u00e0 popula\u00e7\u00e3o da Capital, s\u00f3 neste m\u00eas de agosto. \u201cN\u00e3o \u00e9 s\u00f3 um pr\u00e9dio de tijolo e cal, s\u00e3o interven\u00e7\u00f5es profundas na estrutura e nos ambientes. \u00c9 um trabalho muito especial que vem sendo feito na Sa\u00fade, liderado pelo prefeito C\u00edcero Lucena e por Leo, que nossa equipe vestiu a camisa e est\u00e1 entregando o melhor para quem precisa de um atendimento de qualidade\u201d, afirmou.<\/p>\n<p>A unidade recebeu obras para a recupera\u00e7\u00e3o da coberta (com troca de telhas e manuten\u00e7\u00e3o do madeiramento), revitaliza\u00e7\u00e3o da fachada, pintura, revis\u00e3o el\u00e9trica e hidr\u00e1ulica, troca de lumin\u00e1rias e esquadrias, climatiza\u00e7\u00e3o, manuten\u00e7\u00e3o externa e paisagismo.<\/p>\n<p>A dona de casa, Ana Paula Soares, aprovou as melhorias. \u201c\u00c9 uma satisfa\u00e7\u00e3o ver a nossa unidade reformada, porque estava precisando muito. Tinha porta que nem fechando estava. Basta agora a gente usar e ajudar a manter tudo que foi feito\u201d, comentou a usu\u00e1ria.<\/p>\n<p><strong>Atendimento \u2013<\/strong>\u00a0S\u00e3o duas equipes atendendo os moradores dos tr\u00eas bairros com m\u00e9dico, enfermagem, agente de sa\u00fade, odontologia, farm\u00e1cia, vacinas, entre outros servi\u00e7os, como sa\u00fade da mulher, exames e cl\u00ednico geral.<\/p>\n<p>A entrega da 39\u00aa USF tamb\u00e9m fez parte da programa\u00e7\u00e3o alusiva ao 438\u00ba anivers\u00e1rio da Capital, em que a Prefeitura de Jo\u00e3o Pessoa vem cumprindo uma agenda de entrega de obras, assinatura de ordem de servi\u00e7o e a\u00e7\u00f5es em benef\u00edcio da popula\u00e7\u00e3o durante o m\u00eas de agosto.<\/p>\n<p>Tamb\u00e9m participaram da solenidade os vereadores Toinho P\u00e9 de A\u00e7o, Coronel Sobreira, L\u00facio Fl\u00e1vio, Professor Gabriel, al\u00e9m dos secret\u00e1rios Marcos Vin\u00edcius (Comunica\u00e7\u00e3o) e Thiago Diniz (Participa\u00e7\u00e3o Popular).<\/p>\n<p>O post <a rel=\"nofollow noopener\" href=\"https:\/\/wscom.com.br\/leo-bezerra-entrega-a-39a-unidade-de-saude-da-familia-reformada-pela-prefeitura-de-joao-pessoa\/\" target=\"_blank\">Leo Bezerra entrega a 39\u00aa Unidade de Sa\u00fade da Fam\u00edlia reformada pela Prefeitura de Jo\u00e3o Pessoa<\/a> apareceu primeiro em <a rel=\"nofollow noopener\" href=\"https:\/\/wscom.com.br\/\" target=\"_blank\">WSCOM<\/a>.<\/p>\n","protected":false},"excerpt":{"rendered":"<p>A Prefeitura de Jo\u00e3o Pessoa segue avan\u00e7ando na recupera\u00e7\u00e3o de todas as Unidades de Sa\u00fade da Fam\u00edlia da Capital. Nesta quarta-feira (9), o vice-prefeito Leo Bezerra entregou a que atende cerca de 15 mil moradores dos bairros Funcion\u00e1rios III, IV e Presidente M\u00e9dici, subindo para 39 o total de equipamentos j\u00e1 reconstru\u00eddos e modernizados para [\u2026]<\/p>\n<p>O post <a rel=\"nofollow\" href=\"https:\/\/wscom.com.br\/leo-bezerra-entrega-a-39a-unidade-de-saude-da-familia-reformada-pela-prefeitura-de-joao-pessoa\/\">Leo Bezerra entrega a 39\u00aa Unidade de Sa\u00fade da Fam\u00edlia reformada pela Prefeitura de Jo\u00e3o Pessoa<\/a> apareceu primeiro em <a rel=\"nofollow\" href=\"https:\/\/wscom.com.br\/\">WSCOM<\/a>.<\/p>\n","protected":false},"author":49,"featured_media":0,"comment_status":"closed","ping_status":"closed","sticky":false,"template":"","format":"standard","meta":{"advgb_blocks_editor_width":"","advgb_blocks_columns_visual_guide":"","footnotes":""},"categories":[34,7534,71,1084,90],"tags":[35],"class_list":["post-28982","post","type-post","status-publish","format-standard","hentry","category-g1","category-janine-lucena","category-joao-pessoa","category-leo-bezerra","category-saude","tag-g1"],"author_meta":{"display_name":"Cristiane Cavalcante","author_link":"https:\/\/sindaopcpb.org.br\/author\/cristiane-cavalcante\/"},"featured_img":null,"coauthors":[],"tax_additional":{"categories":{"linked":["<a href=\"https:\/\/sindaopcpb.org.br\/g1\/\" class=\"advgb-post-tax-term\">G1<\/a>","<a href=\"https:\/\/sindaopcpb.org.br\/janine-lucena\/\" class=\"advgb-post-tax-term\">Janine Lucena<\/a>","<a href=\"https:\/\/sindaopcpb.org.br\/joao-pessoa\/\" class=\"advgb-post-tax-term\">Jo\u00e3o Pessoa<\/a>","<a href=\"https:\/\/sindaopcpb.org.br\/leo-bezerra\/\" class=\"advgb-post-tax-term\">leo bezerra<\/a>","<a href=\"https:\/\/sindaopcpb.org.br\/saude\/\" class=\"advgb-post-tax-term\">Sa\u00fade<\/a>"],"unlinked":["<span class=\"advgb-post-tax-term\">G1<\/span>","<span class=\"advgb-post-tax-term\">Janine Lucena<\/span>","<span class=\"advgb-post-tax-term\">Jo\u00e3o Pessoa<\/span>","<span class=\"advgb-post-tax-term\">leo bezerra<\/span>","<span class=\"advgb-post-tax-term\">Sa\u00fade<\/span>"]},"tags":{"linked":["<a href=\"https:\/\/sindaopcpb.org.br\/saude\/\" class=\"advgb-post-tax-term\">g1<\/a>"],"unlinked":["<span class=\"advgb-post-tax-term\">g1<\/span>"]}},"comment_count":"0","relative_dates":{"created":"Publicado 3 anos atr\u00e1s","modified":"Atualizado 3 anos atr\u00e1s"},"absolute_dates":{"created":"Publicado em 9 de agosto de 2023","modified":"Atualizado em 9 de agosto de 2023"},"absolute_dates_time":{"created":"Publicado em 9 de agosto de 2023 15:56","modified":"Atualizado em 9 de agosto de 2023 15:56"},"featured_img_caption":"","series_order":"","_links":{"self":[{"href":"https:\/\/sindaopcpb.org.br\/index.php\/wp-json\/wp\/v2\/posts\/28982","targetHints":{"allow":["GET"]}}],"collection":[{"href":"https:\/\/sindaopcpb.org.br\/index.php\/wp-json\/wp\/v2\/posts"}],"about":[{"href":"https:\/\/sindaopcpb.org.br\/index.php\/wp-json\/wp\/v2\/types\/post"}],"author":[{"embeddable":true,"href":"https:\/\/sindaopcpb.org.br\/index.php\/wp-json\/wp\/v2\/users\/49"}],"replies":[{"embeddable":true,"href":"https:\/\/sindaopcpb.org.br\/index.php\/wp-json\/wp\/v2\/comments?post=28982"}],"version-history":[{"count":1,"href":"https:\/\/sindaopcpb.org.br\/index.php\/wp-json\/wp\/v2\/posts\/28982\/revisions"}],"predecessor-version":[{"id":28983,"href":"https:\/\/sindaopcpb.org.br\/index.php\/wp-json\/wp\/v2\/posts\/28982\/revisions\/28983"}],"wp:attachment":[{"href":"https:\/\/sindaopcpb.org.br\/index.php\/wp-json\/wp\/v2\/media?parent=28982"}],"wp:term":[{"taxonomy":"category","embeddable":true,"href":"https:\/\/sindaopcpb.org.br\/index.php\/wp-json\/wp\/v2\/categories?post=28982"},{"taxonomy":"post_tag","embeddable":true,"href":"https:\/\/sindaopcpb.org.br\/index.php\/wp-json\/wp\/v2\/tags?post=28982"}],"curies":[{"name":"wp","href":"https:\/\/api.w.org\/{rel}","templated":true}]}}