{"id":28970,"date":"2023-08-09T17:22:59","date_gmt":"2023-08-09T20:22:59","guid":{"rendered":"https:\/\/wpa.wscom.com.br\/?p=916766"},"modified":"2023-08-09T17:22:59","modified_gmt":"2023-08-09T20:22:59","slug":"vestibular-social-com-bolsa-de-ate-100-em-todo-o-curso-acontece-na-paraiba-nos-dias-18-e-19","status":"publish","type":"post","link":"https:\/\/sindaopcpb.org.br\/index.php\/2023\/08\/09\/vestibular-social-com-bolsa-de-ate-100-em-todo-o-curso-acontece-na-paraiba-nos-dias-18-e-19\/","title":{"rendered":"Vestibular Social com bolsa de at\u00e9 100% em todo o curso acontece na Para\u00edba nos dias 18 e 19"},"content":{"rendered":"<p style=\"font-weight: 400;\">A Est\u00e1cio est\u00e1 com inscri\u00e7\u00f5es abertas para o Vestibular Social em diversas unidades de ensino. A iniciativa tem como objetivo facilitar o acesso da popula\u00e7\u00e3o ao ensino superior. O candidato poder\u00e1 agendar a avalia\u00e7\u00e3o (presencial ou online) que dever\u00e1 ser realizada nos dias 18 ou 19 de agosto (sexta-feira e s\u00e1bado), para concorrer aos benef\u00edcios. Para conhecer o regulamento e os cursos dispon\u00edveis na campanha acesse\u00a0<a href=\"https:\/\/estacio.br\/\" data-saferedirecturl=\"https:\/\/www.google.com\/url?q=https:\/\/estacio.br\/&amp;source=gmail&amp;ust=1691694490137000&amp;usg=AOvVaw3C310nAVM_t8eFBATSB1_o\" rel=\"nofollow noopener\" target=\"_blank\">estacio.br<\/a>\u00a0ou entre em contato pelo telefone (83) 9.9979-2306.<\/p>\n<p style=\"font-weight: 400;\">\n<p style=\"font-weight: 400;\">\u201cA import\u00e2ncia do Vestibular Social se confirma por abrir chances para que as pessoas possam ter seu valor revelado e, assim, contribuir para suas comunidades. Um ensino superior de qualidade oferece mais oportunidades diante das exig\u00eancias que o mercado de trabalho imp\u00f5e\u201d, comenta Guilherme Fontana, gestor da Est\u00e1cio Para\u00edba.<\/p>\n<p style=\"font-weight: 400;\">\n<p style=\"font-weight: 400;\">A concess\u00e3o do desconto de 100% sobre o valor das mensalidades durante todo o curso de gradua\u00e7\u00e3o ser\u00e1 destinada aos candidatos que n\u00e3o possuam forma\u00e7\u00e3o superior e obtiverem o melhor aproveitamento na avalia\u00e7\u00e3o. No total, ser\u00e3o concedidas cinco bolsas. Os benef\u00edcios s\u00e3o exclusivos para ingressantes no segundo semestre letivo de 2023 em diversos cursos de gradua\u00e7\u00e3o dispon\u00edveis em cinco diferentes metodologias de ensino: presencial, ao vivo, semipresencial, flex e digital.<\/p>\n<p style=\"font-weight: 400;\">\n<p style=\"font-weight: 400;\">Os candidatos aprovados no vestibular n\u00e3o contemplados com o benef\u00edcio de 100% de desconto, poder\u00e3o ainda obter at\u00e9 70% de bolsa para iniciarem seus estudos.<\/p>\n<p style=\"font-weight: 400;\">\n<p style=\"font-weight: 400;\"><strong>Cursos na Para\u00edba<\/strong><\/p>\n<p style=\"font-weight: 400;\"><strong>\u00a0<\/strong><\/p>\n<p style=\"font-weight: 400;\">Na Para\u00edba, a Est\u00e1cio possui um portf\u00f3lio de cursos amplo e com diferentes formatos de ensino para cada perfil de estudante, e oferece em Jo\u00e3o Pessoa gradua\u00e7\u00f5es em \u00e1reas como\u00a0Direito, Engenharia, TI, Gest\u00e3o e Design Gr\u00e1fico.\u00a0A Est\u00e1cio Jo\u00e3o Pessoa est\u00e1 localizada no 3\u00ba andar do Mag Shopping, no bairro de Mana\u00edra. Nos dias do vestibular social, 18 e 19 de agosto, a institui\u00e7\u00e3o estar\u00e1 com um ponto para doa\u00e7\u00e3o de alimentos para a ASPAN &#8211; Associa\u00e7\u00e3o Promocional do Anci\u00e3o, que presta servi\u00e7os de apoio ao idoso na capital paraibana.<\/p>\n<p>O post <a rel=\"nofollow noopener\" href=\"https:\/\/wscom.com.br\/vestibular-social-com-bolsa-de-ate-100-em-todo-o-curso-acontece-na-paraiba-nos-dias-18-e-19\/\" target=\"_blank\">Vestibular Social com bolsa de at\u00e9 100% em todo o curso acontece na Para\u00edba nos dias 18 e 19<\/a> apareceu primeiro em <a rel=\"nofollow noopener\" href=\"https:\/\/wscom.com.br\/\" target=\"_blank\">WSCOM<\/a>.<\/p>\n","protected":false},"excerpt":{"rendered":"<p>A Est\u00e1cio est\u00e1 com inscri\u00e7\u00f5es abertas para o Vestibular Social em diversas unidades de ensino. A iniciativa tem como objetivo facilitar o acesso da popula\u00e7\u00e3o ao ensino superior. O candidato poder\u00e1 agendar a avalia\u00e7\u00e3o (presencial ou online) que dever\u00e1 ser realizada nos dias 18 ou 19 de agosto (sexta-feira e s\u00e1bado), para concorrer aos benef\u00edcios. [\u2026]<\/p>\n<p>O post <a rel=\"nofollow\" href=\"https:\/\/wscom.com.br\/vestibular-social-com-bolsa-de-ate-100-em-todo-o-curso-acontece-na-paraiba-nos-dias-18-e-19\/\">Vestibular Social com bolsa de at\u00e9 100% em todo o curso acontece na Para\u00edba nos dias 18 e 19<\/a> apareceu primeiro em <a rel=\"nofollow\" href=\"https:\/\/wscom.com.br\/\">WSCOM<\/a>.<\/p>\n","protected":false},"author":49,"featured_media":0,"comment_status":"closed","ping_status":"closed","sticky":false,"template":"","format":"standard","meta":{"advgb_blocks_editor_width":"","advgb_blocks_columns_visual_guide":"","footnotes":""},"categories":[229,34,54,7521,7522],"tags":[35],"class_list":["post-28970","post","type-post","status-publish","format-standard","hentry","category-educacao","category-g1","category-paraiba","category-prova-agendada","category-vestibular-social","tag-g1"],"author_meta":{"display_name":"Cristiane Cavalcante","author_link":"https:\/\/sindaopcpb.org.br\/author\/cristiane-cavalcante\/"},"featured_img":null,"coauthors":[],"tax_additional":{"categories":{"linked":["<a href=\"https:\/\/sindaopcpb.org.br\/educacao\/\" class=\"advgb-post-tax-term\">Educa\u00e7\u00e3o<\/a>","<a href=\"https:\/\/sindaopcpb.org.br\/g1\/\" class=\"advgb-post-tax-term\">G1<\/a>","<a href=\"https:\/\/sindaopcpb.org.br\/paraiba\/\" class=\"advgb-post-tax-term\">Para\u00edba<\/a>","<a href=\"https:\/\/sindaopcpb.org.br\/prova-agendada\/\" class=\"advgb-post-tax-term\">prova agendada<\/a>","<a href=\"https:\/\/sindaopcpb.org.br\/vestibular-social\/\" class=\"advgb-post-tax-term\">Vestibular Social<\/a>"],"unlinked":["<span class=\"advgb-post-tax-term\">Educa\u00e7\u00e3o<\/span>","<span class=\"advgb-post-tax-term\">G1<\/span>","<span class=\"advgb-post-tax-term\">Para\u00edba<\/span>","<span class=\"advgb-post-tax-term\">prova agendada<\/span>","<span class=\"advgb-post-tax-term\">Vestibular Social<\/span>"]},"tags":{"linked":["<a href=\"https:\/\/sindaopcpb.org.br\/vestibular-social\/\" class=\"advgb-post-tax-term\">g1<\/a>"],"unlinked":["<span class=\"advgb-post-tax-term\">g1<\/span>"]}},"comment_count":"0","relative_dates":{"created":"Publicado 3 anos atr\u00e1s","modified":"Atualizado 3 anos atr\u00e1s"},"absolute_dates":{"created":"Publicado em 9 de agosto de 2023","modified":"Atualizado em 9 de agosto de 2023"},"absolute_dates_time":{"created":"Publicado em 9 de agosto de 2023 17:22","modified":"Atualizado em 9 de agosto de 2023 17:22"},"featured_img_caption":"","series_order":"","_links":{"self":[{"href":"https:\/\/sindaopcpb.org.br\/index.php\/wp-json\/wp\/v2\/posts\/28970","targetHints":{"allow":["GET"]}}],"collection":[{"href":"https:\/\/sindaopcpb.org.br\/index.php\/wp-json\/wp\/v2\/posts"}],"about":[{"href":"https:\/\/sindaopcpb.org.br\/index.php\/wp-json\/wp\/v2\/types\/post"}],"author":[{"embeddable":true,"href":"https:\/\/sindaopcpb.org.br\/index.php\/wp-json\/wp\/v2\/users\/49"}],"replies":[{"embeddable":true,"href":"https:\/\/sindaopcpb.org.br\/index.php\/wp-json\/wp\/v2\/comments?post=28970"}],"version-history":[{"count":1,"href":"https:\/\/sindaopcpb.org.br\/index.php\/wp-json\/wp\/v2\/posts\/28970\/revisions"}],"predecessor-version":[{"id":28971,"href":"https:\/\/sindaopcpb.org.br\/index.php\/wp-json\/wp\/v2\/posts\/28970\/revisions\/28971"}],"wp:attachment":[{"href":"https:\/\/sindaopcpb.org.br\/index.php\/wp-json\/wp\/v2\/media?parent=28970"}],"wp:term":[{"taxonomy":"category","embeddable":true,"href":"https:\/\/sindaopcpb.org.br\/index.php\/wp-json\/wp\/v2\/categories?post=28970"},{"taxonomy":"post_tag","embeddable":true,"href":"https:\/\/sindaopcpb.org.br\/index.php\/wp-json\/wp\/v2\/tags?post=28970"}],"curies":[{"name":"wp","href":"https:\/\/api.w.org\/{rel}","templated":true}]}}