{"id":28959,"date":"2023-08-09T15:40:08","date_gmt":"2023-08-09T18:40:08","guid":{"rendered":"https:\/\/wpa.wscom.com.br\/?p=916749"},"modified":"2023-08-09T15:40:08","modified_gmt":"2023-08-09T18:40:08","slug":"projeto-de-ruy-que-torna-quadrilhas-juninas-manifestacao-nacional-e-aprovado-na-comissao-de-cultura","status":"publish","type":"post","link":"https:\/\/sindaopcpb.org.br\/index.php\/2023\/08\/09\/projeto-de-ruy-que-torna-quadrilhas-juninas-manifestacao-nacional-e-aprovado-na-comissao-de-cultura\/","title":{"rendered":"Projeto de Ruy que torna quadrilhas juninas manifestac\u0327a\u0303o nacional \u00e9 aprovado na Comiss\u00e3o de Cultura"},"content":{"rendered":"<p>A luta do deputado federal Ruy Carneiro em defesa das tradi\u00e7\u00f5es nordestinas e da preserva\u00e7\u00e3o da cultura regional obteve mais um importante avan\u00e7o no Congresso Nacional. \u201cEstou muito feliz em contar pra voce\u0302s que a Comissa\u0303o de Cultura da Ca\u0302mara Federal aprovou o projeto de lei, de minha autoria, que torna as quadrilhas juninas manifestac\u0327a\u0303o cultural nacional. Tenho certeza que em breve a mat\u00e9ria ser\u00e1 levada para a aprecia\u00e7\u00e3o dos demais deputados e finalmente aprovada. Isso e\u0301 a for\u00e7a da nossa cultura tendo o devido reconhecimento\u201d, celebrou o parlamentar.<\/p>\n<p>&nbsp;<\/p>\n<p>Ruy tamb\u00e9m solicitou que o segmento receba o registro de bem imaterial do Brasil por parte do Minist\u00e9rio da Cultura. \u201cSomente o poder executivo pode iniciar o processo de registro de bem imaterial. Por isso, apresentei essa solicita\u00e7\u00e3o a ministra da Cultura, Margareth Menezes, para garantir a preserva\u00e7\u00e3o de um dos maiores bens do povo nordestino. Al\u00e9m da quest\u00e3o cultural, nossas quadrilhas movimentam a economia, geram emprego, renda e refor\u00e7am o potencial tur\u00edstico da nossa regi\u00e3o\u201d, defendeu.<\/p>\n<p>&nbsp;<\/p>\n<p>Esse reconhecimento vai contribuir com a gera\u00e7\u00e3o de novos incentivos, preservar as ra\u00edzes juninas e nordestinas, al\u00e9m de ampliar o reconhecimento por parte dos poderes p\u00fablicos e da sociedade em geral.<\/p>\n<p>&nbsp;<\/p>\n<p>O PL 1227\/2023 ser\u00e1 votado na Comiss\u00e3o de Constitui\u00e7\u00e3o e Justi\u00e7a da C\u00e2mara e posteriormente enviado para a an\u00e1lise do Senado Federal.<\/p>\n<p>O post <a rel=\"nofollow noopener\" href=\"https:\/\/wscom.com.br\/projeto-de-ruy-que-torna-quadrilhas-juninas-manifestac%CC%A7a%CC%83o-nacional-e-aprovado-na-comissao-de-cultura\/\" target=\"_blank\">Projeto de Ruy que torna quadrilhas juninas manifestac\u0327a\u0303o nacional \u00e9 aprovado na Comiss\u00e3o de Cultura<\/a> apareceu primeiro em <a rel=\"nofollow noopener\" href=\"https:\/\/wscom.com.br\/\" target=\"_blank\">WSCOM<\/a>.<\/p>\n","protected":false},"excerpt":{"rendered":"<p>A luta do deputado federal Ruy Carneiro em defesa das tradi\u00e7\u00f5es nordestinas e da preserva\u00e7\u00e3o da cultura regional obteve mais um importante avan\u00e7o no Congresso Nacional. \u201cEstou muito feliz em contar pra voce\u0302s que a Comissa\u0303o de Cultura da Ca\u0302mara Federal aprovou o projeto de lei, de minha autoria, que torna as quadrilhas juninas manifestac\u0327a\u0303o [\u2026]<\/p>\n<p>O post <a rel=\"nofollow\" href=\"https:\/\/wscom.com.br\/projeto-de-ruy-que-torna-quadrilhas-juninas-manifestac%CC%A7a%CC%83o-nacional-e-aprovado-na-comissao-de-cultura\/\">Projeto de Ruy que torna quadrilhas juninas manifestac\u0327a\u0303o nacional \u00e9 aprovado na Comiss\u00e3o de Cultura<\/a> apareceu primeiro em <a rel=\"nofollow\" href=\"https:\/\/wscom.com.br\/\">WSCOM<\/a>.<\/p>\n","protected":false},"author":49,"featured_media":0,"comment_status":"closed","ping_status":"closed","sticky":false,"template":"","format":"standard","meta":{"advgb_blocks_editor_width":"","advgb_blocks_columns_visual_guide":"","footnotes":""},"categories":[7515,359,7516,34,7517,47,3233,764],"tags":[35],"class_list":["post-28959","post","type-post","status-publish","format-standard","hentry","category-comissao-de-cultura","category-congresso-nacional","category-cultura-regional","category-g1","category-manifestacao-nacional","category-politica","category-quadrilhas-juninas","category-ruy-carneiro","tag-g1"],"author_meta":{"display_name":"Cristiane Cavalcante","author_link":"https:\/\/sindaopcpb.org.br\/author\/cristiane-cavalcante\/"},"featured_img":null,"coauthors":[],"tax_additional":{"categories":{"linked":["<a href=\"https:\/\/sindaopcpb.org.br\/comissao-de-cultura\/\" class=\"advgb-post-tax-term\">Comiss\u00e3o de Cultura<\/a>","<a href=\"https:\/\/sindaopcpb.org.br\/congresso-nacional\/\" class=\"advgb-post-tax-term\">Congresso Nacional<\/a>","<a href=\"https:\/\/sindaopcpb.org.br\/cultura-regional\/\" class=\"advgb-post-tax-term\">cultura regional<\/a>","<a href=\"https:\/\/sindaopcpb.org.br\/g1\/\" class=\"advgb-post-tax-term\">G1<\/a>","<a href=\"https:\/\/sindaopcpb.org.br\/manifestacao-nacional\/\" class=\"advgb-post-tax-term\">manifestac\u0327a\u0303o nacional<\/a>","<a href=\"https:\/\/sindaopcpb.org.br\/politica\/\" class=\"advgb-post-tax-term\">POLITICA<\/a>","<a href=\"https:\/\/sindaopcpb.org.br\/quadrilhas-juninas\/\" class=\"advgb-post-tax-term\">quadrilhas juninas<\/a>","<a href=\"https:\/\/sindaopcpb.org.br\/ruy-carneiro\/\" class=\"advgb-post-tax-term\">ruy carneiro<\/a>"],"unlinked":["<span class=\"advgb-post-tax-term\">Comiss\u00e3o de Cultura<\/span>","<span class=\"advgb-post-tax-term\">Congresso Nacional<\/span>","<span class=\"advgb-post-tax-term\">cultura regional<\/span>","<span class=\"advgb-post-tax-term\">G1<\/span>","<span class=\"advgb-post-tax-term\">manifestac\u0327a\u0303o nacional<\/span>","<span class=\"advgb-post-tax-term\">POLITICA<\/span>","<span class=\"advgb-post-tax-term\">quadrilhas juninas<\/span>","<span class=\"advgb-post-tax-term\">ruy carneiro<\/span>"]},"tags":{"linked":["<a href=\"https:\/\/sindaopcpb.org.br\/ruy-carneiro\/\" class=\"advgb-post-tax-term\">g1<\/a>"],"unlinked":["<span class=\"advgb-post-tax-term\">g1<\/span>"]}},"comment_count":"0","relative_dates":{"created":"Publicado 3 anos atr\u00e1s","modified":"Atualizado 3 anos atr\u00e1s"},"absolute_dates":{"created":"Publicado em 9 de agosto de 2023","modified":"Atualizado em 9 de agosto de 2023"},"absolute_dates_time":{"created":"Publicado em 9 de agosto de 2023 15:40","modified":"Atualizado em 9 de agosto de 2023 15:40"},"featured_img_caption":"","series_order":"","_links":{"self":[{"href":"https:\/\/sindaopcpb.org.br\/index.php\/wp-json\/wp\/v2\/posts\/28959","targetHints":{"allow":["GET"]}}],"collection":[{"href":"https:\/\/sindaopcpb.org.br\/index.php\/wp-json\/wp\/v2\/posts"}],"about":[{"href":"https:\/\/sindaopcpb.org.br\/index.php\/wp-json\/wp\/v2\/types\/post"}],"author":[{"embeddable":true,"href":"https:\/\/sindaopcpb.org.br\/index.php\/wp-json\/wp\/v2\/users\/49"}],"replies":[{"embeddable":true,"href":"https:\/\/sindaopcpb.org.br\/index.php\/wp-json\/wp\/v2\/comments?post=28959"}],"version-history":[{"count":1,"href":"https:\/\/sindaopcpb.org.br\/index.php\/wp-json\/wp\/v2\/posts\/28959\/revisions"}],"predecessor-version":[{"id":28960,"href":"https:\/\/sindaopcpb.org.br\/index.php\/wp-json\/wp\/v2\/posts\/28959\/revisions\/28960"}],"wp:attachment":[{"href":"https:\/\/sindaopcpb.org.br\/index.php\/wp-json\/wp\/v2\/media?parent=28959"}],"wp:term":[{"taxonomy":"category","embeddable":true,"href":"https:\/\/sindaopcpb.org.br\/index.php\/wp-json\/wp\/v2\/categories?post=28959"},{"taxonomy":"post_tag","embeddable":true,"href":"https:\/\/sindaopcpb.org.br\/index.php\/wp-json\/wp\/v2\/tags?post=28959"}],"curies":[{"name":"wp","href":"https:\/\/api.w.org\/{rel}","templated":true}]}}