{"id":28957,"date":"2023-08-09T15:51:12","date_gmt":"2023-08-09T18:51:12","guid":{"rendered":"https:\/\/wpa.wscom.com.br\/?p=916756"},"modified":"2023-08-09T15:51:12","modified_gmt":"2023-08-09T18:51:12","slug":"musica-eletronica-volta-ao-centro-historico-de-joao-pessoa-neste-sabado-12","status":"publish","type":"post","link":"https:\/\/sindaopcpb.org.br\/index.php\/2023\/08\/09\/musica-eletronica-volta-ao-centro-historico-de-joao-pessoa-neste-sabado-12\/","title":{"rendered":"Musica Eletr\u00f4nica volta ao Centro Hist\u00f3rico de Joao Pessoa neste s\u00e1bado (12)"},"content":{"rendered":"<p>O Centro Hist\u00f3rico de Jo\u00e3o Pessoa tem uma rela\u00e7\u00e3o saudosa e longeva com a M\u00fasica Eletr\u00f4nica. Ao longo das \u00faltimas d\u00e9cadas, dezenas de artistas, m\u00fasicos e DJs se apresentaram em festas dedicadas \u00e0 vertente cultural dos sons bin\u00e1rios. Para relembrar e reviver alguns destes momentos, quatro DJs uniram-se para um evento especial: a festa REVIVAL, neste s\u00e1bado (12\/08), a partir das 21h, na Vila do Porto, que fica na Pra\u00e7a S\u00e3o Frei Pedro Gon\u00e7alves, N\u00b0 8 \u2013 Varadouro.<\/p>\n<p>Esta noite ser\u00e1 comandada por DJs que vem fazendo hist\u00f3ria na noite pessoense h\u00e1 mais de 20 anos: Claudinho Santa Cruz, Rick Mala, Paulinho Cunha e DJ AND&#8217;y, que trazem de volta para a pista da Vila do Porto (antiga Intoca) uma sele\u00e7\u00e3o com grandes cl\u00e1ssicos e hits dos anos 80, 90 e 2000, garantindo uma experi\u00eancia nost\u00e1lgica e animada.<\/p>\n<p>Ser\u00e1 um encontro inesquec\u00edvel, que promete trazer \u00e0 tona as melhores lembran\u00e7as e tamb\u00e9m tornar esta noite memor\u00e1vel. Ent\u00e3o, prepare-se para dan\u00e7ar muito e se divertir ao som de v\u00e1rios estilos de M\u00fasica Eletr\u00f4nica, como: Synth Pop, Eurodance, House, Garage, Techno, Trance, Breakbeat e Drum &amp; Bass, relembrando as festas, clubs e artistas que fizeram hist\u00f3ria nas \u00faltimas d\u00e9cadas.<\/p>\n<p>Os ingressos para essa festa imperd\u00edvel j\u00e1 est\u00e3o dispon\u00edveis, com vendas antecipadas a todo vapor! Portanto, n\u00e3o perca tempo e garanta o seu atrav\u00e9s do WhatsApp (83) 98739- 3598; ou na loja ZAG (Rua David Ferreira Luna, N\u00b0 17 &#8211; Brisamar); ou ainda pela plataforma Sympla:\u00a0<a href=\"https:\/\/is.gd\/j5DLv4\" rel=\"nofollow noopener\" data-saferedirecturl=\"https:\/\/www.google.com\/url?q=https:\/\/is.gd\/j5DLv4&amp;source=gmail&amp;ust=1691693154020000&amp;usg=AOvVaw14Ct_AVhRSQaiQq7Qu4O8R\" target=\"_blank\">https:\/\/is.gd\/j5DLv4<\/a>. A REVIVAL promete uma atmosfera \u00fanica, cheia de energia e boas vibra\u00e7\u00f5es, em um local que tem muita hist\u00f3ria para contar e reviver.<\/p>\n<p>O post <a rel=\"nofollow noopener\" href=\"https:\/\/wscom.com.br\/musica-eletronica-volta-ao-centro-historico-de-joao-pessoa-neste-sabado-12\/\" target=\"_blank\">Musica Eletr\u00f4nica volta ao Centro Hist\u00f3rico de Joao Pessoa neste s\u00e1bado (12)<\/a> apareceu primeiro em <a rel=\"nofollow noopener\" href=\"https:\/\/wscom.com.br\/\" target=\"_blank\">WSCOM<\/a>.<\/p>\n","protected":false},"excerpt":{"rendered":"<p>O Centro Hist\u00f3rico de Jo\u00e3o Pessoa tem uma rela\u00e7\u00e3o saudosa e longeva com a M\u00fasica Eletr\u00f4nica. Ao longo das \u00faltimas d\u00e9cadas, dezenas de artistas, m\u00fasicos e DJs se apresentaram em festas dedicadas \u00e0 vertente cultural dos sons bin\u00e1rios. Para relembrar e reviver alguns destes momentos, quatro DJs uniram-se para um evento especial: a festa REVIVAL, [\u2026]<\/p>\n<p>O post <a rel=\"nofollow\" href=\"https:\/\/wscom.com.br\/musica-eletronica-volta-ao-centro-historico-de-joao-pessoa-neste-sabado-12\/\">Musica Eletr\u00f4nica volta ao Centro Hist\u00f3rico de Joao Pessoa neste s\u00e1bado (12)<\/a> apareceu primeiro em <a rel=\"nofollow\" href=\"https:\/\/wscom.com.br\/\">WSCOM<\/a>.<\/p>\n","protected":false},"author":49,"featured_media":0,"comment_status":"closed","ping_status":"closed","sticky":false,"template":"","format":"standard","meta":{"advgb_blocks_editor_width":"","advgb_blocks_columns_visual_guide":"","footnotes":""},"categories":[7511,7512,34,302,7513,7514],"tags":[35],"class_list":["post-28957","post","type-post","status-publish","format-standard","hentry","category-centro-historico-de-joao-pessoa","category-festa-revival","category-g1","category-musica","category-musica-eletronica","category-vila-do-porto","tag-g1"],"author_meta":{"display_name":"Cristiane Cavalcante","author_link":"https:\/\/sindaopcpb.org.br\/author\/cristiane-cavalcante\/"},"featured_img":null,"coauthors":[],"tax_additional":{"categories":{"linked":["<a href=\"https:\/\/sindaopcpb.org.br\/centro-historico-de-joao-pessoa\/\" class=\"advgb-post-tax-term\">Centro Hist\u00f3rico de Jo\u00e3o Pessoa<\/a>","<a href=\"https:\/\/sindaopcpb.org.br\/festa-revival\/\" class=\"advgb-post-tax-term\">festa REVIVAL<\/a>","<a href=\"https:\/\/sindaopcpb.org.br\/g1\/\" class=\"advgb-post-tax-term\">G1<\/a>","<a href=\"https:\/\/sindaopcpb.org.br\/musica\/\" class=\"advgb-post-tax-term\">M\u00fasica<\/a>","<a href=\"https:\/\/sindaopcpb.org.br\/musica-eletronica\/\" class=\"advgb-post-tax-term\">m\u00fasica eletr\u00f4nica<\/a>","<a href=\"https:\/\/sindaopcpb.org.br\/vila-do-porto\/\" class=\"advgb-post-tax-term\">Vila do Porto<\/a>"],"unlinked":["<span class=\"advgb-post-tax-term\">Centro Hist\u00f3rico de Jo\u00e3o Pessoa<\/span>","<span class=\"advgb-post-tax-term\">festa REVIVAL<\/span>","<span class=\"advgb-post-tax-term\">G1<\/span>","<span class=\"advgb-post-tax-term\">M\u00fasica<\/span>","<span class=\"advgb-post-tax-term\">m\u00fasica eletr\u00f4nica<\/span>","<span class=\"advgb-post-tax-term\">Vila do Porto<\/span>"]},"tags":{"linked":["<a href=\"https:\/\/sindaopcpb.org.br\/vila-do-porto\/\" class=\"advgb-post-tax-term\">g1<\/a>"],"unlinked":["<span class=\"advgb-post-tax-term\">g1<\/span>"]}},"comment_count":"0","relative_dates":{"created":"Publicado 3 anos atr\u00e1s","modified":"Atualizado 3 anos atr\u00e1s"},"absolute_dates":{"created":"Publicado em 9 de agosto de 2023","modified":"Atualizado em 9 de agosto de 2023"},"absolute_dates_time":{"created":"Publicado em 9 de agosto de 2023 15:51","modified":"Atualizado em 9 de agosto de 2023 15:51"},"featured_img_caption":"","series_order":"","_links":{"self":[{"href":"https:\/\/sindaopcpb.org.br\/index.php\/wp-json\/wp\/v2\/posts\/28957","targetHints":{"allow":["GET"]}}],"collection":[{"href":"https:\/\/sindaopcpb.org.br\/index.php\/wp-json\/wp\/v2\/posts"}],"about":[{"href":"https:\/\/sindaopcpb.org.br\/index.php\/wp-json\/wp\/v2\/types\/post"}],"author":[{"embeddable":true,"href":"https:\/\/sindaopcpb.org.br\/index.php\/wp-json\/wp\/v2\/users\/49"}],"replies":[{"embeddable":true,"href":"https:\/\/sindaopcpb.org.br\/index.php\/wp-json\/wp\/v2\/comments?post=28957"}],"version-history":[{"count":1,"href":"https:\/\/sindaopcpb.org.br\/index.php\/wp-json\/wp\/v2\/posts\/28957\/revisions"}],"predecessor-version":[{"id":28958,"href":"https:\/\/sindaopcpb.org.br\/index.php\/wp-json\/wp\/v2\/posts\/28957\/revisions\/28958"}],"wp:attachment":[{"href":"https:\/\/sindaopcpb.org.br\/index.php\/wp-json\/wp\/v2\/media?parent=28957"}],"wp:term":[{"taxonomy":"category","embeddable":true,"href":"https:\/\/sindaopcpb.org.br\/index.php\/wp-json\/wp\/v2\/categories?post=28957"},{"taxonomy":"post_tag","embeddable":true,"href":"https:\/\/sindaopcpb.org.br\/index.php\/wp-json\/wp\/v2\/tags?post=28957"}],"curies":[{"name":"wp","href":"https:\/\/api.w.org\/{rel}","templated":true}]}}