{"id":28911,"date":"2023-08-09T12:04:13","date_gmt":"2023-08-09T15:04:13","guid":{"rendered":"https:\/\/wpa.wscom.com.br\/?p=916708"},"modified":"2023-08-09T12:04:13","modified_gmt":"2023-08-09T15:04:13","slug":"deputados-aprovam-cessao-de-terreno-para-criacao-de-polo-textil-que-deve-gerar-2-mil-empregos-em-joao-pessoa","status":"publish","type":"post","link":"https:\/\/sindaopcpb.org.br\/index.php\/2023\/08\/09\/deputados-aprovam-cessao-de-terreno-para-criacao-de-polo-textil-que-deve-gerar-2-mil-empregos-em-joao-pessoa\/","title":{"rendered":"Deputados aprovam cess\u00e3o de terreno para cria\u00e7\u00e3o de Polo T\u00e9xtil que deve gerar 2 mil empregos, em Jo\u00e3o Pessoa"},"content":{"rendered":"<p><span style=\"font-weight: 400;\">\u00a0A Assembleia Legislativa da Para\u00edba (ALPB) aprovou nesta quarta-feira (9) o projeto de lei encaminhado pelo governador Jo\u00e3o Azev\u00eado (PSB) que versa sobre a autoriza\u00e7\u00e3o da doa\u00e7\u00e3o de um im\u00f3vel pertencente ao governo estadual para a Companhia de Desenvolvimento da Para\u00edba (CINEP), com o intuito de viabilizar a implanta\u00e7\u00e3o de um polo fabril t\u00eaxtil.<\/span><\/p>\n<p><span style=\"font-weight: 400;\">O terreno em quest\u00e3o possui uma \u00e1rea de aproximadamente 6 hectares e est\u00e1 situado no bairro de Mangabeira, na zona sul de Jo\u00e3o Pessoa, pr\u00f3ximo \u00e0 Avenida Hilton Souto Maior. A Superintend\u00eancia de Obras do Plano de Desenvolvimento do Estado (Suplan) avaliou esse im\u00f3vel em cerca de R$ 14,59 milh\u00f5es.<\/span><\/p>\n<p><span style=\"font-weight: 400;\">\u00a0Chico Mendes (PSB), l\u00edder do Governo na ALPB, revelou durante a sess\u00e3o que 35 empresas paraibanas devem usar o Polo Fabril T\u00e9xtil, que tem o per\u00edodo de 5 anos para ser instalado.\u00a0<\/span><\/p>\n<p><span style=\"font-weight: 400;\">O governador justificou a doa\u00e7\u00e3o como sendo para a instala\u00e7\u00e3o de um polo fabril t\u00eaxtil, com potencial para gerar mais de dois mil empregos. A regi\u00e3o de Mangabeira foi ressaltada pelo governador como uma \u00e1rea de elevado potencial para atividades comerciais relacionadas a vestu\u00e1rio, tanto em \u00e2mbito atacadista quanto varejista. Al\u00e9m disso, a regi\u00e3o possui oferta significativa de m\u00e3o de obra especializada no setor t\u00eaxtil.<\/span><\/p>\n<p><span style=\"font-weight: 400;\">O im\u00f3vel, atualmente cadastrado como Parque dos Transmissores da R\u00e1dio Tabajara, est\u00e1 inativo e sem planos definidos para sua utiliza\u00e7\u00e3o. Portanto, segundo a proposta do governo, ele pode ser desafetado sem preju\u00edzo ao interesse p\u00fablico.<\/span><\/p>\n<p><span style=\"font-weight: 400;\">\u00a0<\/span><\/p>\n<p>O post <a rel=\"nofollow noopener\" href=\"https:\/\/wscom.com.br\/deputados-aprovam-cessao-de-terreno-para-criacao-de-polo-textil-que-deve-gerar-2-mil-empregos-em-joao-pessoa\/\" target=\"_blank\">Deputados aprovam cess\u00e3o de terreno para cria\u00e7\u00e3o de Polo T\u00e9xtil que deve gerar 2 mil empregos, em Jo\u00e3o Pessoa<\/a> apareceu primeiro em <a rel=\"nofollow noopener\" href=\"https:\/\/wscom.com.br\/\" target=\"_blank\">WSCOM<\/a>.<\/p>\n","protected":false},"excerpt":{"rendered":"<p>\u00a0A Assembleia Legislativa da Para\u00edba (ALPB) aprovou nesta quarta-feira (9) o projeto de lei encaminhado pelo governador Jo\u00e3o Azev\u00eado (PSB) que versa sobre a autoriza\u00e7\u00e3o da doa\u00e7\u00e3o de um im\u00f3vel pertencente ao governo estadual para a Companhia de Desenvolvimento da Para\u00edba (CINEP), com o intuito de viabilizar a implanta\u00e7\u00e3o de um polo fabril t\u00eaxtil. O [\u2026]<\/p>\n<p>O post <a rel=\"nofollow\" href=\"https:\/\/wscom.com.br\/deputados-aprovam-cessao-de-terreno-para-criacao-de-polo-textil-que-deve-gerar-2-mil-empregos-em-joao-pessoa\/\">Deputados aprovam cess\u00e3o de terreno para cria\u00e7\u00e3o de Polo T\u00e9xtil que deve gerar 2 mil empregos, em Jo\u00e3o Pessoa<\/a> apareceu primeiro em <a rel=\"nofollow\" href=\"https:\/\/wscom.com.br\/\">WSCOM<\/a>.<\/p>\n","protected":false},"author":50,"featured_media":0,"comment_status":"closed","ping_status":"closed","sticky":false,"template":"","format":"standard","meta":{"advgb_blocks_editor_width":"","advgb_blocks_columns_visual_guide":"","footnotes":""},"categories":[2960,4293,34,47,7499],"tags":[35],"class_list":["post-28911","post","type-post","status-publish","format-standard","hentry","category-deputados","category-estados","category-g1","category-politica","category-terrenos","tag-g1"],"author_meta":{"display_name":"Wallyson","author_link":"https:\/\/sindaopcpb.org.br\/author\/wallyson\/"},"featured_img":null,"coauthors":[],"tax_additional":{"categories":{"linked":["<a href=\"https:\/\/sindaopcpb.org.br\/deputados\/\" class=\"advgb-post-tax-term\">Deputados<\/a>","<a href=\"https:\/\/sindaopcpb.org.br\/estados\/\" class=\"advgb-post-tax-term\">Estados<\/a>","<a href=\"https:\/\/sindaopcpb.org.br\/g1\/\" class=\"advgb-post-tax-term\">G1<\/a>","<a href=\"https:\/\/sindaopcpb.org.br\/politica\/\" class=\"advgb-post-tax-term\">POLITICA<\/a>","<a href=\"https:\/\/sindaopcpb.org.br\/terrenos\/\" class=\"advgb-post-tax-term\">terrenos<\/a>"],"unlinked":["<span class=\"advgb-post-tax-term\">Deputados<\/span>","<span class=\"advgb-post-tax-term\">Estados<\/span>","<span class=\"advgb-post-tax-term\">G1<\/span>","<span class=\"advgb-post-tax-term\">POLITICA<\/span>","<span class=\"advgb-post-tax-term\">terrenos<\/span>"]},"tags":{"linked":["<a href=\"https:\/\/sindaopcpb.org.br\/terrenos\/\" class=\"advgb-post-tax-term\">g1<\/a>"],"unlinked":["<span class=\"advgb-post-tax-term\">g1<\/span>"]}},"comment_count":"0","relative_dates":{"created":"Publicado 3 anos atr\u00e1s","modified":"Atualizado 3 anos atr\u00e1s"},"absolute_dates":{"created":"Publicado em 9 de agosto de 2023","modified":"Atualizado em 9 de agosto de 2023"},"absolute_dates_time":{"created":"Publicado em 9 de agosto de 2023 12:04","modified":"Atualizado em 9 de agosto de 2023 12:04"},"featured_img_caption":"","series_order":"","_links":{"self":[{"href":"https:\/\/sindaopcpb.org.br\/index.php\/wp-json\/wp\/v2\/posts\/28911","targetHints":{"allow":["GET"]}}],"collection":[{"href":"https:\/\/sindaopcpb.org.br\/index.php\/wp-json\/wp\/v2\/posts"}],"about":[{"href":"https:\/\/sindaopcpb.org.br\/index.php\/wp-json\/wp\/v2\/types\/post"}],"author":[{"embeddable":true,"href":"https:\/\/sindaopcpb.org.br\/index.php\/wp-json\/wp\/v2\/users\/50"}],"replies":[{"embeddable":true,"href":"https:\/\/sindaopcpb.org.br\/index.php\/wp-json\/wp\/v2\/comments?post=28911"}],"version-history":[{"count":1,"href":"https:\/\/sindaopcpb.org.br\/index.php\/wp-json\/wp\/v2\/posts\/28911\/revisions"}],"predecessor-version":[{"id":28912,"href":"https:\/\/sindaopcpb.org.br\/index.php\/wp-json\/wp\/v2\/posts\/28911\/revisions\/28912"}],"wp:attachment":[{"href":"https:\/\/sindaopcpb.org.br\/index.php\/wp-json\/wp\/v2\/media?parent=28911"}],"wp:term":[{"taxonomy":"category","embeddable":true,"href":"https:\/\/sindaopcpb.org.br\/index.php\/wp-json\/wp\/v2\/categories?post=28911"},{"taxonomy":"post_tag","embeddable":true,"href":"https:\/\/sindaopcpb.org.br\/index.php\/wp-json\/wp\/v2\/tags?post=28911"}],"curies":[{"name":"wp","href":"https:\/\/api.w.org\/{rel}","templated":true}]}}