{"id":28892,"date":"2023-08-09T08:22:56","date_gmt":"2023-08-09T11:22:56","guid":{"rendered":"https:\/\/wpa.wscom.com.br\/?p=916692"},"modified":"2023-08-09T08:22:56","modified_gmt":"2023-08-09T11:22:56","slug":"presidentes-de-oito-paises-amazonicos-assinam-declaracao-de-belem","status":"publish","type":"post","link":"https:\/\/sindaopcpb.org.br\/index.php\/2023\/08\/09\/presidentes-de-oito-paises-amazonicos-assinam-declaracao-de-belem\/","title":{"rendered":"Presidentes de oito pa\u00edses amaz\u00f4nicos assinam Declara\u00e7\u00e3o de Bel\u00e9m"},"content":{"rendered":"<p>Os presidentes dos pa\u00edses amaz\u00f4nicos divulgaram nesta ter\u00e7a-feira (8) a Declara\u00e7\u00e3o de Bel\u00e9m, documento que consolida a agenda comum entre os oito pa\u00edses signat\u00e1rios do Tratado de Coopera\u00e7\u00e3o Amaz\u00f4nica (OTCA) para a regi\u00e3o.<\/p>\n<p>A declara\u00e7\u00e3o, assinada durante o primeiro dia da C\u00fapula Amaz\u00f4nica, apresenta os pontos consensuais de Brasil, Bol\u00edvia, Col\u00f4mbia, Equador, Guiana, Peru, Suriname e Venezuela, tendo por base \u201caportes da sociedade civil\u201d destacados durante o Semin\u00e1rio sobre Desenvolvimento Sustent\u00e1vel da Amaz\u00f4nia, que ocorreu no m\u00eas de maio em Bras\u00edlia, e de \u00f3rg\u00e3os do governo federal.<\/p>\n<p>A Declara\u00e7\u00e3o de Bel\u00e9m cont\u00e9m 113 objetivos e princ\u00edpios transversais, compromissados pelos pa\u00edses signat\u00e1rios. A OTCA exercer\u00e1 papel central na execu\u00e7\u00e3o da nova agenda de coopera\u00e7\u00e3o amaz\u00f4nica.<\/p>\n<p>A \u00edntegra da Declara\u00e7\u00e3o foi divulgada pelo Minist\u00e9rio das Rela\u00e7\u00f5es Exteriores brasileiro.<\/p>\n<p>Coube ao governo brasileiro, na condi\u00e7\u00e3o de anfitri\u00e3o da C\u00fapula, apresentar um texto-base, posteriormente analisado e ajustado pelos demais pa\u00edses.<\/p>\n<p><strong>Compromissos<\/strong><\/p>\n<p>Entre os compromissos apresentados, est\u00e1 a ado\u00e7\u00e3o de princ\u00edpios transversais para a implementa\u00e7\u00e3o da Declara\u00e7\u00e3o, \u201cos quais incluem prote\u00e7\u00e3o e promo\u00e7\u00e3o dos direitos humanos; participa\u00e7\u00e3o ativa e promo\u00e7\u00e3o dos direitos dos povos ind\u00edgenas e das comunidades locais e tradicionais; igualdade de g\u00eanero; combate a toda forma de discrimina\u00e7\u00e3o; com base em abordagem intercultural e intergeracional\u201d.<\/p>\n<p>O documento expressou tamb\u00e9m a necessidade urgente de conscientiza\u00e7\u00e3o e coopera\u00e7\u00e3o regional para evitar o chamado \u201cponto de n\u00e3o retorno\u201d na Amaz\u00f4nia \u2013 termo usado por especialistas para se referir ao ponto em que a floresta perde sua capacidade de se autorregenerar, em fun\u00e7\u00e3o do desmatamento, da degrada\u00e7\u00e3o e do aquecimento global.<\/p>\n<p>Os oito presidentes assumiram o compromisso de lan\u00e7ar a Alian\u00e7a Amaz\u00f4nica de Combate ao Desmatamento, a partir das metas nacionais, como a de desmatamento zero at\u00e9 2030.<\/p>\n<p>A Declara\u00e7\u00e3o de Bel\u00e9m prev\u00ea, ainda, a cria\u00e7\u00e3o de \u201cmecanismos financeiros de fomento do desenvolvimento sustent\u00e1vel, com destaque \u00e0 Coaliz\u00e3o Verde, que congrega bancos de desenvolvimento da regi\u00e3o\u201d.<\/p>\n<p>O governo brasileiro se comprometeu a instalar o Centro de Coopera\u00e7\u00e3o Policial Internacional em Manaus para a integra\u00e7\u00e3o entre as pol\u00edcias dos oito pa\u00edses. Est\u00e1 previsto tamb\u00e9m o estabelecimento de um Sistema Integrado de Controle de Tr\u00e1fego A\u00e9reo para combate ao tr\u00e1fego a\u00e9reo il\u00edcito, o narcotr\u00e1fico e outros crimes na regi\u00e3o.<\/p>\n<p>No \u00e2mbito da OTCA, est\u00e1 prevista a cria\u00e7\u00e3o de algumas inst\u00e2ncias. Entre elas, o Mecanismo Amaz\u00f4nico de Povos Ind\u00edgenas; o Painel T\u00e9cnico-Cient\u00edfico Intergovernamental da Amaz\u00f4nia, que contar\u00e1 com as participa\u00e7\u00f5es governamentais, de pesquisadores, da sociedade civil, bem como dos povos ind\u00edgenas e de comunidades locais e tradicionais.<\/p>\n<p>Ainda entre as institui\u00e7\u00f5es criadas est\u00e1 um observat\u00f3rio da situa\u00e7\u00e3o de defensores de direitos humanos, do meio ambiente e de povos ind\u00edgenas, para identificar financiamento e melhores pr\u00e1ticas de prote\u00e7\u00e3o dos defensores; o Observat\u00f3rio de Mulheres Rurais para a Amaz\u00f4nia, para fortalecer a mulher empreendedora rural; o Foro de Cidades Amaz\u00f4nicas; a Rede de Inova\u00e7\u00e3o e Difus\u00e3o Tecnol\u00f3gica da Amaz\u00f4nia, com foco no desenvolvimento regional sustent\u00e1vel; e a Rede de Autoridades de \u00c1guas, para aperfei\u00e7oar a gest\u00e3o dos recursos h\u00eddricos entre os pa\u00edses.<\/p>\n<p>Em nota, o Itamaraty informa que os ministros das Rela\u00e7\u00f5es Exteriores dos pa\u00edses-membros se reunir\u00e3o em breve para manifestar as conclus\u00f5es sobre os relat\u00f3rios com sugest\u00f5es produzidas durante o Di\u00e1logos Amaz\u00f4nicos, evento pr\u00e9vio \u00e0 C\u00fapula de Bel\u00e9m.<\/p>\n<p>O post <a rel=\"nofollow noopener\" href=\"https:\/\/wscom.com.br\/presidentes-de-oito-paises-amazonicos-assinam-declaracao-de-belem\/\" target=\"_blank\">Presidentes de oito pa\u00edses amaz\u00f4nicos assinam Declara\u00e7\u00e3o de Bel\u00e9m<\/a> apareceu primeiro em <a rel=\"nofollow noopener\" href=\"https:\/\/wscom.com.br\/\" target=\"_blank\">WSCOM<\/a>.<\/p>\n","protected":false},"excerpt":{"rendered":"<p>Os presidentes dos pa\u00edses amaz\u00f4nicos divulgaram nesta ter\u00e7a-feira (8) a Declara\u00e7\u00e3o de Bel\u00e9m, documento que consolida a agenda comum entre os oito pa\u00edses signat\u00e1rios do Tratado de Coopera\u00e7\u00e3o Amaz\u00f4nica (OTCA) para a regi\u00e3o. A declara\u00e7\u00e3o, assinada durante o primeiro dia da C\u00fapula Amaz\u00f4nica, apresenta os pontos consensuais de Brasil, Bol\u00edvia, Col\u00f4mbia, Equador, Guiana, Peru, Suriname [\u2026]<\/p>\n<p>O post <a rel=\"nofollow\" href=\"https:\/\/wscom.com.br\/presidentes-de-oito-paises-amazonicos-assinam-declaracao-de-belem\/\">Presidentes de oito pa\u00edses amaz\u00f4nicos assinam Declara\u00e7\u00e3o de Bel\u00e9m<\/a> apareceu primeiro em <a rel=\"nofollow\" href=\"https:\/\/wscom.com.br\/\">WSCOM<\/a>.<\/p>\n","protected":false},"author":50,"featured_media":0,"comment_status":"closed","ping_status":"closed","sticky":false,"template":"","format":"standard","meta":{"advgb_blocks_editor_width":"","advgb_blocks_columns_visual_guide":"","footnotes":""},"categories":[644,115,7498,34],"tags":[35],"class_list":["post-28892","post","type-post","status-publish","format-standard","hentry","category-amazonia","category-brasil","category-declaracao","category-g1","tag-g1"],"author_meta":{"display_name":"Wallyson","author_link":"https:\/\/sindaopcpb.org.br\/author\/wallyson\/"},"featured_img":null,"coauthors":[],"tax_additional":{"categories":{"linked":["<a href=\"https:\/\/sindaopcpb.org.br\/amazonia\/\" class=\"advgb-post-tax-term\">Amaz\u00f4nia<\/a>","<a href=\"https:\/\/sindaopcpb.org.br\/brasil\/\" class=\"advgb-post-tax-term\">Brasil<\/a>","<a href=\"https:\/\/sindaopcpb.org.br\/declaracao\/\" class=\"advgb-post-tax-term\">declara\u00e7\u00e3o<\/a>","<a href=\"https:\/\/sindaopcpb.org.br\/g1\/\" class=\"advgb-post-tax-term\">G1<\/a>"],"unlinked":["<span class=\"advgb-post-tax-term\">Amaz\u00f4nia<\/span>","<span class=\"advgb-post-tax-term\">Brasil<\/span>","<span class=\"advgb-post-tax-term\">declara\u00e7\u00e3o<\/span>","<span class=\"advgb-post-tax-term\">G1<\/span>"]},"tags":{"linked":["<a href=\"https:\/\/sindaopcpb.org.br\/g1\/\" class=\"advgb-post-tax-term\">g1<\/a>"],"unlinked":["<span class=\"advgb-post-tax-term\">g1<\/span>"]}},"comment_count":"0","relative_dates":{"created":"Publicado 3 anos atr\u00e1s","modified":"Atualizado 3 anos atr\u00e1s"},"absolute_dates":{"created":"Publicado em 9 de agosto de 2023","modified":"Atualizado em 9 de agosto de 2023"},"absolute_dates_time":{"created":"Publicado em 9 de agosto de 2023 08:22","modified":"Atualizado em 9 de agosto de 2023 08:22"},"featured_img_caption":"","series_order":"","_links":{"self":[{"href":"https:\/\/sindaopcpb.org.br\/index.php\/wp-json\/wp\/v2\/posts\/28892","targetHints":{"allow":["GET"]}}],"collection":[{"href":"https:\/\/sindaopcpb.org.br\/index.php\/wp-json\/wp\/v2\/posts"}],"about":[{"href":"https:\/\/sindaopcpb.org.br\/index.php\/wp-json\/wp\/v2\/types\/post"}],"author":[{"embeddable":true,"href":"https:\/\/sindaopcpb.org.br\/index.php\/wp-json\/wp\/v2\/users\/50"}],"replies":[{"embeddable":true,"href":"https:\/\/sindaopcpb.org.br\/index.php\/wp-json\/wp\/v2\/comments?post=28892"}],"version-history":[{"count":1,"href":"https:\/\/sindaopcpb.org.br\/index.php\/wp-json\/wp\/v2\/posts\/28892\/revisions"}],"predecessor-version":[{"id":28893,"href":"https:\/\/sindaopcpb.org.br\/index.php\/wp-json\/wp\/v2\/posts\/28892\/revisions\/28893"}],"wp:attachment":[{"href":"https:\/\/sindaopcpb.org.br\/index.php\/wp-json\/wp\/v2\/media?parent=28892"}],"wp:term":[{"taxonomy":"category","embeddable":true,"href":"https:\/\/sindaopcpb.org.br\/index.php\/wp-json\/wp\/v2\/categories?post=28892"},{"taxonomy":"post_tag","embeddable":true,"href":"https:\/\/sindaopcpb.org.br\/index.php\/wp-json\/wp\/v2\/tags?post=28892"}],"curies":[{"name":"wp","href":"https:\/\/api.w.org\/{rel}","templated":true}]}}