{"id":28836,"date":"2023-08-09T08:22:55","date_gmt":"2023-08-09T11:22:55","guid":{"rendered":"https:\/\/wpa.wscom.com.br\/?p=916655"},"modified":"2023-08-09T08:22:55","modified_gmt":"2023-08-09T11:22:55","slug":"renato-aragao-esta-magoado-com-a-globo-apos-ficar-de-fora-do-crianca-esperanca","status":"publish","type":"post","link":"https:\/\/sindaopcpb.org.br\/index.php\/2023\/08\/09\/renato-aragao-esta-magoado-com-a-globo-apos-ficar-de-fora-do-crianca-esperanca\/","title":{"rendered":"Renato Arag\u00e3o est\u00e1 magoado com a Globo ap\u00f3s ficar de fora do Crian\u00e7a Esperan\u00e7a"},"content":{"rendered":"<p>&nbsp;<\/p>\n<p>&nbsp;<\/p>\n<p>Na noite de segunda-feira (7), o aguardado evento Crian\u00e7a Esperan\u00e7a trouxe consigo n\u00e3o apenas uma constela\u00e7\u00e3o de celebridades, mas tamb\u00e9m uma aus\u00eancia que n\u00e3o passou despercebida pelos telespectadores. Renato Arag\u00e3o, um dos mentores originais do programa desde sua concep\u00e7\u00e3o em 1986, e um fiel embaixador da UNICEF at\u00e9 os dias atuais, n\u00e3o participou da edi\u00e7\u00e3o.<\/p>\n<p>Segundo Lilian Arag\u00e3o, esposa do ator, em entrevista ao\u00a0F5, Renato Arag\u00e3o n\u00e3o recebeu um convite da Globo. Ela continua: &#8220;Ele teria participado com imensa satisfa\u00e7\u00e3o, afinal, \u00e9 um programa que ajudou a conceber&#8221;. Lilian esclarece que Renato ficou profundamente entristecido por n\u00e3o ter sido lembrado, nem mesmo agraciado com uma homenagem m\u00ednima no decorrer do evento. Ela enfatiza: &#8220;Ao longo de quase trinta anos, ele se dedicou de corpo e alma ao Crian\u00e7a Esperan\u00e7a&#8221;.<\/p>\n<p>Renato Arag\u00e3o mantinha a esperan\u00e7a de ser chamado para uma participa\u00e7\u00e3o especial no espet\u00e1culo, mesmo que de maneira breve e sem o papel de apresentador. Sua esposa compartilha: &#8220;Ele ficou animado com os an\u00fancios do programa. Tinha a convic\u00e7\u00e3o de que seria lembrado, mas nem sequer receberam uma liga\u00e7\u00e3o telef\u00f4nica&#8221;. Curiosamente, o humorista chegou a mudar o visual, tingindo seus cabelos e sobrancelhas para aparentar mais jovialidade, na esperan\u00e7a de fazer parte novamente do projeto. Alguns produtores consideraram a import\u00e2ncia de sua participa\u00e7\u00e3o, mas tal sugest\u00e3o n\u00e3o se concretizou.<\/p>\n<p>Nesta edi\u00e7\u00e3o, o Crian\u00e7a Esperan\u00e7a teve como apresentadores Ivete Sangalo e Marcos Mion. O evento alcan\u00e7ou uma audi\u00eancia de 19 pontos na Grande S\u00e3o Paulo, equivalente a cerca de 207 mil indiv\u00edduos. O auge de p\u00fablico coincidiu com a apresenta\u00e7\u00e3o conjunta de Xuxa, Ang\u00e9lica e Eliana. A Globo expressou satisfa\u00e7\u00e3o com o resultado e planeja reprisar a celebra\u00e7\u00e3o no domingo seguinte (13), logo ap\u00f3s a sess\u00e3o de filmes da &#8220;Temperatura M\u00e1xima&#8221;.<\/p>\n<p>O post <a rel=\"nofollow noopener\" href=\"https:\/\/wscom.com.br\/renato-aragao-esta-magoado-com-a-globo-apos-ficar-de-fora-do-crianca-esperanca\/\" target=\"_blank\">Renato Arag\u00e3o est\u00e1 magoado com a Globo ap\u00f3s ficar de fora do Crian\u00e7a Esperan\u00e7a<\/a> apareceu primeiro em <a rel=\"nofollow noopener\" href=\"https:\/\/wscom.com.br\/\" target=\"_blank\">WSCOM<\/a>.<\/p>\n","protected":false},"excerpt":{"rendered":"<p>\u00a0 \u00a0 Na noite de segunda-feira (7), o aguardado evento Crian\u00e7a Esperan\u00e7a trouxe consigo n\u00e3o apenas uma constela\u00e7\u00e3o de celebridades, mas tamb\u00e9m uma aus\u00eancia que n\u00e3o passou despercebida pelos telespectadores. Renato Arag\u00e3o, um dos mentores originais do programa desde sua concep\u00e7\u00e3o em 1986, e um fiel embaixador da UNICEF at\u00e9 os dias atuais, n\u00e3o participou [\u2026]<\/p>\n<p>O post <a rel=\"nofollow\" href=\"https:\/\/wscom.com.br\/renato-aragao-esta-magoado-com-a-globo-apos-ficar-de-fora-do-crianca-esperanca\/\">Renato Arag\u00e3o est\u00e1 magoado com a Globo ap\u00f3s ficar de fora do Crian\u00e7a Esperan\u00e7a<\/a> apareceu primeiro em <a rel=\"nofollow\" href=\"https:\/\/wscom.com.br\/\">WSCOM<\/a>.<\/p>\n","protected":false},"author":42,"featured_media":0,"comment_status":"closed","ping_status":"closed","sticky":false,"template":"","format":"standard","meta":{"advgb_blocks_editor_width":"","advgb_blocks_columns_visual_guide":"","footnotes":""},"categories":[436,7478,34,1685,7479,7480],"tags":[35],"class_list":["post-28836","post","type-post","status-publish","format-standard","hentry","category-celebridades","category-crianca-esperanca","category-g1","category-globo","category-magoa","category-renato-aragao","tag-g1"],"author_meta":{"display_name":"Rafael Andrade","author_link":"https:\/\/sindaopcpb.org.br\/author\/rafael-andrade\/"},"featured_img":null,"coauthors":[],"tax_additional":{"categories":{"linked":["<a href=\"https:\/\/sindaopcpb.org.br\/celebridades\/\" class=\"advgb-post-tax-term\">Celebridades<\/a>","<a href=\"https:\/\/sindaopcpb.org.br\/crianca-esperanca\/\" class=\"advgb-post-tax-term\">crian\u00e7a esperan\u00e7a<\/a>","<a href=\"https:\/\/sindaopcpb.org.br\/g1\/\" class=\"advgb-post-tax-term\">G1<\/a>","<a href=\"https:\/\/sindaopcpb.org.br\/globo\/\" class=\"advgb-post-tax-term\">Globo<\/a>","<a href=\"https:\/\/sindaopcpb.org.br\/magoa\/\" class=\"advgb-post-tax-term\">m\u00e1goa<\/a>","<a href=\"https:\/\/sindaopcpb.org.br\/renato-aragao\/\" class=\"advgb-post-tax-term\">Renato Arag\u00e3o<\/a>"],"unlinked":["<span class=\"advgb-post-tax-term\">Celebridades<\/span>","<span class=\"advgb-post-tax-term\">crian\u00e7a esperan\u00e7a<\/span>","<span class=\"advgb-post-tax-term\">G1<\/span>","<span class=\"advgb-post-tax-term\">Globo<\/span>","<span class=\"advgb-post-tax-term\">m\u00e1goa<\/span>","<span class=\"advgb-post-tax-term\">Renato Arag\u00e3o<\/span>"]},"tags":{"linked":["<a href=\"https:\/\/sindaopcpb.org.br\/renato-aragao\/\" class=\"advgb-post-tax-term\">g1<\/a>"],"unlinked":["<span class=\"advgb-post-tax-term\">g1<\/span>"]}},"comment_count":"0","relative_dates":{"created":"Publicado 3 anos atr\u00e1s","modified":"Atualizado 3 anos atr\u00e1s"},"absolute_dates":{"created":"Publicado em 9 de agosto de 2023","modified":"Atualizado em 9 de agosto de 2023"},"absolute_dates_time":{"created":"Publicado em 9 de agosto de 2023 08:22","modified":"Atualizado em 9 de agosto de 2023 08:22"},"featured_img_caption":"","series_order":"","_links":{"self":[{"href":"https:\/\/sindaopcpb.org.br\/index.php\/wp-json\/wp\/v2\/posts\/28836","targetHints":{"allow":["GET"]}}],"collection":[{"href":"https:\/\/sindaopcpb.org.br\/index.php\/wp-json\/wp\/v2\/posts"}],"about":[{"href":"https:\/\/sindaopcpb.org.br\/index.php\/wp-json\/wp\/v2\/types\/post"}],"author":[{"embeddable":true,"href":"https:\/\/sindaopcpb.org.br\/index.php\/wp-json\/wp\/v2\/users\/42"}],"replies":[{"embeddable":true,"href":"https:\/\/sindaopcpb.org.br\/index.php\/wp-json\/wp\/v2\/comments?post=28836"}],"version-history":[{"count":1,"href":"https:\/\/sindaopcpb.org.br\/index.php\/wp-json\/wp\/v2\/posts\/28836\/revisions"}],"predecessor-version":[{"id":28837,"href":"https:\/\/sindaopcpb.org.br\/index.php\/wp-json\/wp\/v2\/posts\/28836\/revisions\/28837"}],"wp:attachment":[{"href":"https:\/\/sindaopcpb.org.br\/index.php\/wp-json\/wp\/v2\/media?parent=28836"}],"wp:term":[{"taxonomy":"category","embeddable":true,"href":"https:\/\/sindaopcpb.org.br\/index.php\/wp-json\/wp\/v2\/categories?post=28836"},{"taxonomy":"post_tag","embeddable":true,"href":"https:\/\/sindaopcpb.org.br\/index.php\/wp-json\/wp\/v2\/tags?post=28836"}],"curies":[{"name":"wp","href":"https:\/\/api.w.org\/{rel}","templated":true}]}}