{"id":28789,"date":"2023-08-08T17:24:33","date_gmt":"2023-08-08T20:24:33","guid":{"rendered":"https:\/\/wpa.wscom.com.br\/?p=916571"},"modified":"2023-08-08T17:24:33","modified_gmt":"2023-08-08T20:24:33","slug":"duas-pessoas-morrem-apos-queda-de-helicoptero-da-marinha","status":"publish","type":"post","link":"https:\/\/sindaopcpb.org.br\/index.php\/2023\/08\/08\/duas-pessoas-morrem-apos-queda-de-helicoptero-da-marinha\/","title":{"rendered":"Duas pessoas morrem ap\u00f3s queda de helic\u00f3ptero da Marinha"},"content":{"rendered":"<p>Dois militares morreram e seis ficaram feridos ap\u00f3s a queda de um helic\u00f3ptero da Marinha durante um treinamento em Formosa, a 80 km de Bras\u00edlia, nesta ter\u00e7a-feira (8).<\/p>\n<p>Entre os seis feridos, dois precisaram ser encaminhados ao Hospital das For\u00e7as Armadas, no Cruzeiro, regi\u00e3o administrativa do Distrito Federal, enquanto o restante foi atendido no Hospital Regional de Formosa.<\/p>\n<p>A aeronave em quest\u00e3o era um helic\u00f3ptero e UH-15 Super Cougar, que caiu durante um exerc\u00edcio de treinamento enquanto tentava fazer um pouso de emerg\u00eancia.<\/p>\n<p>O post <a rel=\"nofollow noopener\" href=\"https:\/\/wscom.com.br\/duas-pessoas-morrem-apos-queda-de-helicoptero-da-marinha\/\" target=\"_blank\">Duas pessoas morrem ap\u00f3s queda de helic\u00f3ptero da Marinha<\/a> apareceu primeiro em <a rel=\"nofollow noopener\" href=\"https:\/\/wscom.com.br\/\" target=\"_blank\">WSCOM<\/a>.<\/p>\n","protected":false},"excerpt":{"rendered":"<p>Dois militares morreram e seis ficaram feridos ap\u00f3s a queda de um helic\u00f3ptero da Marinha durante um treinamento em Formosa, a 80 km de Bras\u00edlia, nesta ter\u00e7a-feira (8). Entre os seis feridos, dois precisaram ser encaminhados ao Hospital das For\u00e7as Armadas, no Cruzeiro, regi\u00e3o administrativa do Distrito Federal, enquanto o restante foi atendido no Hospital [\u2026]<\/p>\n<p>O post <a rel=\"nofollow\" href=\"https:\/\/wscom.com.br\/duas-pessoas-morrem-apos-queda-de-helicoptero-da-marinha\/\">Duas pessoas morrem ap\u00f3s queda de helic\u00f3ptero da Marinha<\/a> apareceu primeiro em <a rel=\"nofollow\" href=\"https:\/\/wscom.com.br\/\">WSCOM<\/a>.<\/p>\n","protected":false},"author":50,"featured_media":0,"comment_status":"closed","ping_status":"closed","sticky":false,"template":"","format":"standard","meta":{"advgb_blocks_editor_width":"","advgb_blocks_columns_visual_guide":"","footnotes":""},"categories":[115,34,3980,2241,7471],"tags":[35],"class_list":["post-28789","post","type-post","status-publish","format-standard","hentry","category-brasil","category-g1","category-goias","category-helicoptero","category-marinha","tag-g1"],"author_meta":{"display_name":"Wallyson","author_link":"https:\/\/sindaopcpb.org.br\/author\/wallyson\/"},"featured_img":null,"coauthors":[],"tax_additional":{"categories":{"linked":["<a href=\"https:\/\/sindaopcpb.org.br\/brasil\/\" class=\"advgb-post-tax-term\">Brasil<\/a>","<a href=\"https:\/\/sindaopcpb.org.br\/g1\/\" class=\"advgb-post-tax-term\">G1<\/a>","<a href=\"https:\/\/sindaopcpb.org.br\/goias\/\" class=\"advgb-post-tax-term\">Goi\u00e1s<\/a>","<a href=\"https:\/\/sindaopcpb.org.br\/helicoptero\/\" class=\"advgb-post-tax-term\">Helic\u00f3ptero<\/a>","<a href=\"https:\/\/sindaopcpb.org.br\/marinha\/\" class=\"advgb-post-tax-term\">marinha<\/a>"],"unlinked":["<span class=\"advgb-post-tax-term\">Brasil<\/span>","<span class=\"advgb-post-tax-term\">G1<\/span>","<span class=\"advgb-post-tax-term\">Goi\u00e1s<\/span>","<span class=\"advgb-post-tax-term\">Helic\u00f3ptero<\/span>","<span class=\"advgb-post-tax-term\">marinha<\/span>"]},"tags":{"linked":["<a href=\"https:\/\/sindaopcpb.org.br\/marinha\/\" class=\"advgb-post-tax-term\">g1<\/a>"],"unlinked":["<span class=\"advgb-post-tax-term\">g1<\/span>"]}},"comment_count":"0","relative_dates":{"created":"Publicado 3 anos atr\u00e1s","modified":"Atualizado 3 anos atr\u00e1s"},"absolute_dates":{"created":"Publicado em 8 de agosto de 2023","modified":"Atualizado em 8 de agosto de 2023"},"absolute_dates_time":{"created":"Publicado em 8 de agosto de 2023 17:24","modified":"Atualizado em 8 de agosto de 2023 17:24"},"featured_img_caption":"","series_order":"","_links":{"self":[{"href":"https:\/\/sindaopcpb.org.br\/index.php\/wp-json\/wp\/v2\/posts\/28789","targetHints":{"allow":["GET"]}}],"collection":[{"href":"https:\/\/sindaopcpb.org.br\/index.php\/wp-json\/wp\/v2\/posts"}],"about":[{"href":"https:\/\/sindaopcpb.org.br\/index.php\/wp-json\/wp\/v2\/types\/post"}],"author":[{"embeddable":true,"href":"https:\/\/sindaopcpb.org.br\/index.php\/wp-json\/wp\/v2\/users\/50"}],"replies":[{"embeddable":true,"href":"https:\/\/sindaopcpb.org.br\/index.php\/wp-json\/wp\/v2\/comments?post=28789"}],"version-history":[{"count":1,"href":"https:\/\/sindaopcpb.org.br\/index.php\/wp-json\/wp\/v2\/posts\/28789\/revisions"}],"predecessor-version":[{"id":28790,"href":"https:\/\/sindaopcpb.org.br\/index.php\/wp-json\/wp\/v2\/posts\/28789\/revisions\/28790"}],"wp:attachment":[{"href":"https:\/\/sindaopcpb.org.br\/index.php\/wp-json\/wp\/v2\/media?parent=28789"}],"wp:term":[{"taxonomy":"category","embeddable":true,"href":"https:\/\/sindaopcpb.org.br\/index.php\/wp-json\/wp\/v2\/categories?post=28789"},{"taxonomy":"post_tag","embeddable":true,"href":"https:\/\/sindaopcpb.org.br\/index.php\/wp-json\/wp\/v2\/tags?post=28789"}],"curies":[{"name":"wp","href":"https:\/\/api.w.org\/{rel}","templated":true}]}}