{"id":28746,"date":"2023-08-08T14:37:48","date_gmt":"2023-08-08T17:37:48","guid":{"rendered":"https:\/\/www.infomoney.com.br\/?p=2209254"},"modified":"2023-08-08T14:37:48","modified_gmt":"2023-08-08T17:37:48","slug":"com-arcabouco-pendente-governo-tenta-mudar-ldo-para-garantir-recursos-do-novo-pac","status":"publish","type":"post","link":"https:\/\/sindaopcpb.org.br\/index.php\/2023\/08\/08\/com-arcabouco-pendente-governo-tenta-mudar-ldo-para-garantir-recursos-do-novo-pac\/","title":{"rendered":"Com arcabou\u00e7o pendente, governo tenta mudar LDO para garantir recursos do Novo PAC"},"content":{"rendered":"<p><img loading=\"lazy\" width=\"300\" height=\"199\" src=\"https:\/\/www.infomoney.com.br\/wp-content\/uploads\/2023\/04\/fachada-senado_Foto-Leonardo-Sa-Agencia-Senado.jpg?fit=300%2C199&amp;quality=70&amp;strip=all\" class=\"attachment-medium size-medium wp-post-image\" alt=\"\" decoding=\"async\" style=\"float:right; margin:0 0 10px 10px;\" srcset=\"https:\/\/www.infomoney.com.br\/wp-content\/uploads\/2023\/04\/fachada-senado_Foto-Leonardo-Sa-Agencia-Senado.jpg?w=2047&amp;quality=70&amp;strip=all 2047w, https:\/\/www.infomoney.com.br\/wp-content\/uploads\/2023\/04\/fachada-senado_Foto-Leonardo-Sa-Agencia-Senado.jpg?w=300&amp;quality=70&amp;strip=all 300w, https:\/\/www.infomoney.com.br\/wp-content\/uploads\/2023\/04\/fachada-senado_Foto-Leonardo-Sa-Agencia-Senado.jpg?w=768&amp;quality=70&amp;strip=all 768w, https:\/\/www.infomoney.com.br\/wp-content\/uploads\/2023\/04\/fachada-senado_Foto-Leonardo-Sa-Agencia-Senado.jpg?w=1280&amp;quality=70&amp;strip=all 1280w, https:\/\/www.infomoney.com.br\/wp-content\/uploads\/2023\/04\/fachada-senado_Foto-Leonardo-Sa-Agencia-Senado.jpg?w=1536&amp;quality=70&amp;strip=all 1536w, https:\/\/www.infomoney.com.br\/wp-content\/uploads\/2023\/04\/fachada-senado_Foto-Leonardo-Sa-Agencia-Senado.jpg?w=150&amp;quality=70&amp;strip=all 150w\" sizes=\"auto, (max-width: 300px) 100vw, 300px\" data-attachment-id=\"2107631\" data-permalink=\"https:\/\/www.infomoney.com.br\/minhas-financas\/desarquivada-no-senado-proposta-com-novas-regras-para-o-seguro-e-criticada-por-representantes-do-setor\/attachment\/fachada-senado_foto-leonardo-sa-agencia-senado\/\" data-orig-file=\"https:\/\/www.infomoney.com.br\/wp-content\/uploads\/2023\/04\/fachada-senado_Foto-Leonardo-Sa-Agencia-Senado.jpg?fit=2047%2C1357&amp;quality=70&amp;strip=all\" data-orig-size=\"2047,1357\" data-comments-opened=\"0\" data-image-meta=\"{&quot;aperture&quot;:&quot;0&quot;,&quot;credit&quot;:&quot;Leonardo S\\u00e1\\\/Ag\\u00eancia Senado&quot;,&quot;camera&quot;:&quot;&quot;,&quot;caption&quot;:&quot;&quot;,&quot;created_timestamp&quot;:&quot;0&quot;,&quot;copyright&quot;:&quot;Senado Federal do Brasil&quot;,&quot;focal_length&quot;:&quot;0&quot;,&quot;iso&quot;:&quot;0&quot;,&quot;shutter_speed&quot;:&quot;0&quot;,&quot;title&quot;:&quot;&quot;,&quot;orientation&quot;:&quot;0&quot;}\" data-image-title=\"Fachada do Congresso (Foto: Leonardo S\u00e1\/Ag\u00eancia Senado)\" data-image-description=\"\" data-image-caption=\"\" data-medium-file=\"https:\/\/www.infomoney.com.br\/wp-content\/uploads\/2023\/04\/fachada-senado_Foto-Leonardo-Sa-Agencia-Senado.jpg?fit=300%2C199&amp;quality=70&amp;strip=all\" data-large-file=\"https:\/\/www.infomoney.com.br\/wp-content\/uploads\/2023\/04\/fachada-senado_Foto-Leonardo-Sa-Agencia-Senado.jpg?fit=1280%2C849&amp;quality=70&amp;strip=all\" title=\"\"><\/p>\n<p>Em meio &agrave; indefini&ccedil;&atilde;o sobre a data em que a C&acirc;mara dos Deputados ir&aacute; analisar as modifica&ccedil;&otilde;es aprovadas por senadores no projeto de lei que trata do novo arcabou&ccedil;o fiscal (PLP 93\/2023), o governo do presidente Luiz In&aacute;cio Lula da Silva (PT) definiu uma nova estrat&eacute;gia em busca de autoriza&ccedil;&atilde;o do Legislativo para despesas condicionadas no <strong>Or&ccedil;amento de 2024<\/strong>.<\/p>\n<p>O Pal&aacute;cio do Planalto encaminhou, ontem (2), mensagem &agrave; Comiss&atilde;o Mista de Or&ccedil;amento (CMO) do Congresso Nacional para liberar os recursos a partir do pr&oacute;prio Projeto de Lei de Diretrizes Or&ccedil;ament&aacute;rias (PLDO) de 2024. Desta forma, o governo espera garantir recursos para iniciativas como o novo Programa de Acelera&ccedil;&atilde;o do Crescimento (PAC), que ser&aacute; lan&ccedil;ado na sexta-feira (11), no Rio.<\/p>\n<p>O dispositivo busca incluir no texto emenda apresentada pelo l&iacute;der do governo no Congresso Nacional, Randolfe Rodrigues (sem partido-AP), ao projeto de lei complementar do novo marco fiscal. A emenda foi aceita pelo relator e aprovada pelos senadores durante a tramita&ccedil;&atilde;o da mat&eacute;ria na casa legislativa, mas ainda depende do aval dos deputados federais.<\/p>\n<p>A mudan&ccedil;a autoriza que o governo utilize estimativa para a diferen&ccedil;a da infla&ccedil;&atilde;o cheia no ano e a apurada no per&iacute;odo considerado para corre&ccedil;&atilde;o do &ldquo;teto&rdquo; de gastos para incluir programa&ccedil;&otilde;es de despesas prim&aacute;rias. Tal execu&ccedil;&atilde;o, contudo, ficaria condicionada &agrave; aprova&ccedil;&atilde;o pelo Congresso Nacional de projeto de lei de cr&eacute;dito adicional com a amplia&ccedil;&atilde;o do limite individualizado em quest&atilde;o.<\/p>\n<p>Eis a reda&ccedil;&atilde;o sugerida:<\/p>\n<p><em>&ldquo;Art. 23-A. O Projeto de Lei Or&ccedil;ament&aacute;ria de 2024 e a respectiva Lei poder&atilde;o conter despesas condicionadas &agrave; abertura de cr&eacute;dito adicional em decorr&ecirc;ncia de diferen&ccedil;a na base de c&aacute;lculo do &iacute;ndice aplic&aacute;vel &agrave; corre&ccedil;&atilde;o do limite de despesas prim&aacute;rias do Poder Executivo federal.<\/em><\/p>\n<p><em>&sect; 1&ordm; O montante de despesas condicionadas na forma prevista no caput ser&aacute; equivalente &agrave; estimativa de amplia&ccedil;&atilde;o do limite de despesas prim&aacute;rias referido no caput.<\/em><\/p>\n<p><em>&sect; 2&ordm; As despesas referidas no caput dever&atilde;o ser evidenciadas no Projeto de Lei Or&ccedil;ament&aacute;ria de 2024 e n&atilde;o ser&atilde;o consideradas para fins de demonstra&ccedil;&atilde;o de compatibilidade do referido Projeto com o limite individualizado de despesas prim&aacute;rias correspondente&rdquo;<\/em><\/p>\n<p>Segundo Randolfe, a mudan&ccedil;a evitaria o corte de aproximadamente R$ 32 bilh&otilde;es no PLOA &minus; o que, nas suas palavras, poderia afetar &ldquo;investimento em rodovias, saneamento e conten&ccedil;&atilde;o de encostas, al&eacute;m de despesas correntes como emiss&atilde;o de passaportes e funcionamento do INSS e servi&ccedil;os assistenciais para acesso da popula&ccedil;&atilde;o mais vulner&aacute;vel a benef&iacute;cios sociais como Bolsa Fam&iacute;lia, BPC, aposentadoria e pens&atilde;o&rdquo;. C&aacute;lculos do Minist&eacute;rio do Planejamento e Or&ccedil;amento estimam que a mudan&ccedil;a pode abrir espa&ccedil;o de at&eacute; R$ 40 bilh&otilde;es na pe&ccedil;a do ano que vem.<\/p>\n<p>Relator do PLDO, o deputado Danilo Forte (Uni&atilde;o Brasil-CE) reagiu ao movimento do governo. Para ele, s&oacute; a vota&ccedil;&atilde;o pela C&acirc;mara da nova regra fiscal definir&aacute; como ficar&atilde;o essas despesas. &ldquo;&Eacute; uma mensagem retificadora em fun&ccedil;&atilde;o da norma que foi gerada a partir da vota&ccedil;&atilde;o do arcabou&ccedil;o no Senado. Ainda vai ter a vota&ccedil;&atilde;o na C&acirc;mara. Isso (as despesas condicionadas) pode ser mantido ou n&atilde;o&rdquo;, afirmou Forte.<\/p>\n<p>A avalia&ccedil;&atilde;o de integrantes do governo &eacute; que, sem a emenda, o Novo PAC poderia ficar sem dinheiro dispon&iacute;vel nos primeiros meses. A Casa Civil estima uma despesa de R$ 60 bilh&otilde;es por ano no programa &#8210; R$ 240 bilh&otilde;es nos quatro anos do novo mandato presidencial de Lula.<\/p>\n<p>O governo avalia que, com a proposta, a vota&ccedil;&atilde;o ou n&atilde;o do arcabou&ccedil;o fiscal n&atilde;o iria interferir no lan&ccedil;amento do programa, que &eacute; visto como a &uacute;nica bandeira at&eacute; o momento do ministro da Casa Civil, Rui Costa (PT). O lan&ccedil;amento do programa de infraestrutura j&aacute; foi adiado cinco vezes.<\/p>\n<p>O presidente da C&acirc;mara dos Deputados, Arthur Lira (PP-AL), ainda n&atilde;o definiu uma data para vota&ccedil;&atilde;o do arcabou&ccedil;o no plen&aacute;rio e tem dito que n&atilde;o h&aacute; consenso entre os integrantes da casa legislativa sobre as altera&ccedil;&otilde;es aprovadas pelos senadores.<\/p>\n<p>Na semana passada, ele disse que a reforma ministerial n&atilde;o interferiria na an&aacute;lise da regra fiscal, mas l&iacute;deres partid&aacute;rios confirmam que o projeto s&oacute; deve ir ao plen&aacute;rio ap&oacute;s Lula definir quais minist&eacute;rios ser&atilde;o ocupados pelos deputados Andr&eacute; Fufuca (PP-MA) e Silvio Costa Filho (Republicanos-PE).<\/p>\n<p>Para o relator do PLDO, deputado Danilo Forte, a mensagem modificativa do governo n&atilde;o diminui a autonomia do Congresso sobre a defini&ccedil;&atilde;o dos par&acirc;metros do Or&ccedil;amento e &eacute; apenas uma &ldquo;precau&ccedil;&atilde;o&rdquo; com base no que foi aprovado no Senado. Se a C&acirc;mara rejeitar, contudo, a previs&atilde;o de despesas condicionadas que o senadores acataram, a mensagem modificativa, segundo ele, &ldquo;perde o sentido&rdquo;.<\/p>\n<p>&ldquo;Desde o in&iacute;cio, eu digo que a gente s&oacute; vai votar a LDO depois de votar o arcabou&ccedil;o. N&atilde;o tem sentido votar uma LDO que n&atilde;o esteja de comum acordo com o que foi definido pela lei do gasto do governo federal&rdquo;, declarou.<\/p>\n<p>&ldquo;Se a C&acirc;mara entender o contr&aacute;rio e voltar ao projeto original do arcabou&ccedil;o, isso se resolve por si s&oacute;. Perde o sentido (a mensagem modificativa)&rdquo;, disse Forte. A decis&atilde;o, portanto, ser&aacute; do plen&aacute;rio da C&acirc;mara, de acordo com o deputado.<\/p>\n<p>A Constitui&ccedil;&atilde;o Federal estabelece que o presidente da Rep&uacute;blica poder&aacute; enviar mensagem ao Congresso Nacional para propor modifica&ccedil;&otilde;es no projeto de Lei de Diretrizes Or&ccedil;ament&aacute;rias enquanto n&atilde;o iniciada a vota&ccedil;&atilde;o do texto na CMO.<\/p>\n<p>O governo tamb&eacute;m justifica o envio amparado em resolu&ccedil;&atilde;o do Congresso Nacional que diz que proposta de modifica&ccedil;&atilde;o do PLDO enviada pelo Poder Executivo somente ser&aacute; apreciada se recebida at&eacute; o in&iacute;cio da vota&ccedil;&atilde;o do relat&oacute;rio preliminar na comiss&atilde;o.<\/p>\n<p>(com Ag&ecirc;ncia Estado)<\/p>\n<\/p>\n<div class=\"cta-end\">\n<div class=\"im-cta\" >\n<div class=\"im-shortcode-forms bg-light bg-opacity-25 border rounded-4 p-3 p-sm-4 p-md-3 p-lg-4 px-xxl-5 my-5\" data-configuration='{\"form_name\":false,\"form_hat\":\"Newsletter\",\"form_email\":true,\"form_icon\":\"newsletter\",\"form_phone\":false,\"form_campaign\":\"NIM\",\"form_thankyou\":\"\",\"form_journey\":\"APIEvent-26a5198d-8e09-06ef-5f80-cd9127757ad1\",\"form_button\":\"Quero receber\",\"form_context\":\"newsletter\",\"form_origin\":\"https:\\\/\\\/www.infomoney.com.br\\\/politica\\\/feed\\\/?utm_medium=materia&#038;utm_source=infomoney&#038;utm_campaign=NIM&#038;utm_term=politica&#038;utm_content=newsletter\",\"form_position\":\"final\",\"form_category\":\"cta_form\"}'>\n<div class=\"d-flex flex-column align-items-center align-items-lg-start mb-4 flex-lg-row\">\n<div class=\"rounded-circle mb-2 mb-lg-0 mr-lg-4 me-lg-4 p-3 p-lg-4 bg-blue-400\"><svg width=\"40\" height=\"40\" viewBox=\"0 0 40 40\" fill=\"none\" xmlns=\"http:\/\/www.w3.org\/2000\/svg\"><path d=\"M20 20.25 6.042 11.042v19.041c0 .167.048.299.146.396a.535.535 0 0 0 .395.146h15.792V32.5H6.583a2.328 2.328 0 0 1-1.708-.708 2.328 2.328 0 0 1-.708-1.709V9.917c0-.667.236-1.236.708-1.709A2.328 2.328 0 0 1 6.583 7.5h26.834c.666 0 1.236.236 1.708.708a2.33 2.33 0 0 1 .708 1.709v12.458h-1.875V11.042L20 20.25Zm0-2 13.667-8.875H6.333L20 18.25Zm11.75 18.958-1.292-1.333 3.334-3.375h-9v-1.875h9l-3.375-3.417 1.333-1.291 5.667 5.625-5.667 5.666ZM6.042 11.042v20.791-9.458.25-13.25 1.667Z\" fill=\"#fff\"\/><\/svg><\/div>\n<div class=\"flex-fill text-center text-lg-left\">\n<div class=\"h6 small text-orange-700 lh-base mb-1\">Newsletter<\/div>\n<div class=\"text-body h4 m-0\">Infomorning<\/div>\n<div class=\"text-body small lh-base mt-2\">Receba no seu e-mail logo pela manh&atilde; as not&iacute;cias que v&atilde;o mexer com os mercados, com os seus investimentos e o seu bolso durante o dia<\/div>\n<\/div>\n<\/div>\n<\/div>\n<\/div>\n<\/div>\n<p>The post <a rel=\"nofollow noopener\" href=\"https:\/\/www.infomoney.com.br\/politica\/com-arcabouco-pendente-governo-tenta-mudar-ldo-para-recursos-do-novo-pac\/\" target=\"_blank\">Com arcabou\u00e7o pendente, governo tenta mudar LDO para garantir recursos do Novo PAC<\/a> appeared first on <a rel=\"nofollow noopener\" href=\"https:\/\/www.infomoney.com.br\/\" target=\"_blank\">InfoMoney<\/a>.<\/p>\n","protected":false},"excerpt":{"rendered":"<p><img loading=\"lazy\" decoding=\"async\" width=\"300\" height=\"199\" src=\"https:\/\/www.infomoney.com.br\/wp-content\/uploads\/2023\/04\/fachada-senado_Foto-Leonardo-Sa-Agencia-Senado.jpg?fit=300%2C199&amp;quality=70&amp;strip=all\" class=\"attachment-medium size-medium wp-post-image\" alt=\"\" data-attachment-id=\"2107631\" data-permalink=\"https:\/\/www.infomoney.com.br\/minhas-financas\/desarquivada-no-senado-proposta-com-novas-regras-para-o-seguro-e-criticada-por-representantes-do-setor\/attachment\/fachada-senado_foto-leonardo-sa-agencia-senado\/\" data-orig-file=\"https:\/\/www.infomoney.com.br\/wp-content\/uploads\/2023\/04\/fachada-senado_Foto-Leonardo-Sa-Agencia-Senado.jpg?fit=2047%2C1357&amp;quality=70&amp;strip=all\" data-orig-size=\"2047,1357\" data-comments-opened=\"0\" data-image-meta='{\"aperture\":\"0\",\"credit\":\"Leonardo S\\u00e1\\\/Ag\\u00eancia Senado\",\"camera\":\"\",\"caption\":\"\",\"created_timestamp\":\"0\",\"copyright\":\"Senado Federal do Brasil\",\"focal_length\":\"0\",\"iso\":\"0\",\"shutter_speed\":\"0\",\"title\":\"\",\"orientation\":\"0\"}' data-image-title=\"Fachada do Congresso (Foto: Leonardo S\u00e1\/Ag\u00eancia Senado)\" data-image-description=\"\" data-image-caption=\"\" data-medium-file=\"https:\/\/www.infomoney.com.br\/wp-content\/uploads\/2023\/04\/fachada-senado_Foto-Leonardo-Sa-Agencia-Senado.jpg?fit=300%2C199&amp;quality=70&amp;strip=all\" data-large-file=\"https:\/\/www.infomoney.com.br\/wp-content\/uploads\/2023\/04\/fachada-senado_Foto-Leonardo-Sa-Agencia-Senado.jpg?fit=1280%2C849&amp;quality=70&amp;strip=all\">Mudan\u00e7a governo a utilizar estimativa para diferen\u00e7a da infla\u00e7\u00e3o cheia e a apurada no per\u00edodo de corre\u00e7\u00e3o do \u201cteto\u201d para incluir programa\u00e7\u00f5es de despesas<\/p>\n<p>The post <a rel=\"nofollow\" href=\"https:\/\/www.infomoney.com.br\/politica\/com-arcabouco-pendente-governo-tenta-mudar-ldo-para-recursos-do-novo-pac\/\">Com arcabou\u00e7o pendente, governo tenta mudar LDO para garantir recursos do Novo PAC<\/a> appeared first on <a rel=\"nofollow\" href=\"https:\/\/www.infomoney.com.br\/\">InfoMoney<\/a>.<\/p>\n","protected":false},"author":52,"featured_media":0,"comment_status":"closed","ping_status":"closed","sticky":false,"template":"","format":"standard","meta":{"advgb_blocks_editor_width":"","advgb_blocks_columns_visual_guide":"","footnotes":""},"categories":[108,359,34,260,274,489,343,47],"tags":[35],"class_list":["post-28746","post","type-post","status-publish","format-standard","hentry","category-arcabouco-fiscal","category-congresso-nacional","category-g1","category-governo","category-ldo","category-orcamento","category-pac","category-politica","tag-g1"],"author_meta":{"display_name":"Marcos Mortari","author_link":"https:\/\/sindaopcpb.org.br\/author\/marcos-mortari\/"},"featured_img":null,"coauthors":[],"tax_additional":{"categories":{"linked":["<a href=\"https:\/\/sindaopcpb.org.br\/arcabouco-fiscal\/\" class=\"advgb-post-tax-term\">Arcabou\u00e7o Fiscal<\/a>","<a href=\"https:\/\/sindaopcpb.org.br\/congresso-nacional\/\" class=\"advgb-post-tax-term\">Congresso Nacional<\/a>","<a href=\"https:\/\/sindaopcpb.org.br\/g1\/\" class=\"advgb-post-tax-term\">G1<\/a>","<a href=\"https:\/\/sindaopcpb.org.br\/governo\/\" class=\"advgb-post-tax-term\">Governo<\/a>","<a href=\"https:\/\/sindaopcpb.org.br\/ldo\/\" class=\"advgb-post-tax-term\">LDO<\/a>","<a href=\"https:\/\/sindaopcpb.org.br\/orcamento\/\" class=\"advgb-post-tax-term\">Or\u00e7amento<\/a>","<a href=\"https:\/\/sindaopcpb.org.br\/pac\/\" class=\"advgb-post-tax-term\">pac<\/a>","<a href=\"https:\/\/sindaopcpb.org.br\/politica\/\" class=\"advgb-post-tax-term\">POLITICA<\/a>"],"unlinked":["<span class=\"advgb-post-tax-term\">Arcabou\u00e7o Fiscal<\/span>","<span class=\"advgb-post-tax-term\">Congresso Nacional<\/span>","<span class=\"advgb-post-tax-term\">G1<\/span>","<span class=\"advgb-post-tax-term\">Governo<\/span>","<span class=\"advgb-post-tax-term\">LDO<\/span>","<span class=\"advgb-post-tax-term\">Or\u00e7amento<\/span>","<span class=\"advgb-post-tax-term\">pac<\/span>","<span class=\"advgb-post-tax-term\">POLITICA<\/span>"]},"tags":{"linked":["<a href=\"https:\/\/sindaopcpb.org.br\/politica\/\" class=\"advgb-post-tax-term\">g1<\/a>"],"unlinked":["<span class=\"advgb-post-tax-term\">g1<\/span>"]}},"comment_count":"0","relative_dates":{"created":"Publicado 3 anos atr\u00e1s","modified":"Atualizado 3 anos atr\u00e1s"},"absolute_dates":{"created":"Publicado em 8 de agosto de 2023","modified":"Atualizado em 8 de agosto de 2023"},"absolute_dates_time":{"created":"Publicado em 8 de agosto de 2023 14:37","modified":"Atualizado em 8 de agosto de 2023 14:37"},"featured_img_caption":"","series_order":"","_links":{"self":[{"href":"https:\/\/sindaopcpb.org.br\/index.php\/wp-json\/wp\/v2\/posts\/28746","targetHints":{"allow":["GET"]}}],"collection":[{"href":"https:\/\/sindaopcpb.org.br\/index.php\/wp-json\/wp\/v2\/posts"}],"about":[{"href":"https:\/\/sindaopcpb.org.br\/index.php\/wp-json\/wp\/v2\/types\/post"}],"author":[{"embeddable":true,"href":"https:\/\/sindaopcpb.org.br\/index.php\/wp-json\/wp\/v2\/users\/52"}],"replies":[{"embeddable":true,"href":"https:\/\/sindaopcpb.org.br\/index.php\/wp-json\/wp\/v2\/comments?post=28746"}],"version-history":[{"count":2,"href":"https:\/\/sindaopcpb.org.br\/index.php\/wp-json\/wp\/v2\/posts\/28746\/revisions"}],"predecessor-version":[{"id":28767,"href":"https:\/\/sindaopcpb.org.br\/index.php\/wp-json\/wp\/v2\/posts\/28746\/revisions\/28767"}],"wp:attachment":[{"href":"https:\/\/sindaopcpb.org.br\/index.php\/wp-json\/wp\/v2\/media?parent=28746"}],"wp:term":[{"taxonomy":"category","embeddable":true,"href":"https:\/\/sindaopcpb.org.br\/index.php\/wp-json\/wp\/v2\/categories?post=28746"},{"taxonomy":"post_tag","embeddable":true,"href":"https:\/\/sindaopcpb.org.br\/index.php\/wp-json\/wp\/v2\/tags?post=28746"}],"curies":[{"name":"wp","href":"https:\/\/api.w.org\/{rel}","templated":true}]}}