{"id":28692,"date":"2023-08-08T10:04:16","date_gmt":"2023-08-08T13:04:16","guid":{"rendered":"https:\/\/www.infomoney.com.br\/?p=2208904"},"modified":"2023-08-08T10:04:16","modified_gmt":"2023-08-08T13:04:16","slug":"nicolas-maduro-cancela-ida-a-cupula-da-amazonia","status":"publish","type":"post","link":"https:\/\/sindaopcpb.org.br\/index.php\/2023\/08\/08\/nicolas-maduro-cancela-ida-a-cupula-da-amazonia\/","title":{"rendered":"Nicol\u00e1s Maduro cancela ida \u00e0 C\u00fapula da Amaz\u00f4nia"},"content":{"rendered":"<p><img loading=\"lazy\" width=\"300\" height=\"205\" src=\"https:\/\/www.infomoney.com.br\/wp-content\/uploads\/2019\/06\/venezuela-maduro.jpg?fit=300%2C205&amp;quality=70&amp;strip=all\" class=\"attachment-medium size-medium wp-post-image\" alt=\"\" decoding=\"async\" style=\"float:right; margin:0 0 10px 10px;\" srcset=\"https:\/\/www.infomoney.com.br\/wp-content\/uploads\/2019\/06\/venezuela-maduro.jpg?w=900&amp;quality=70&amp;strip=all 900w, https:\/\/www.infomoney.com.br\/wp-content\/uploads\/2019\/06\/venezuela-maduro.jpg?w=300&amp;quality=70&amp;strip=all 300w, https:\/\/www.infomoney.com.br\/wp-content\/uploads\/2019\/06\/venezuela-maduro.jpg?w=768&amp;quality=70&amp;strip=all 768w, https:\/\/www.infomoney.com.br\/wp-content\/uploads\/2019\/06\/venezuela-maduro.jpg?w=150&amp;quality=70&amp;strip=all 150w\" sizes=\"auto, (max-width: 300px) 100vw, 300px\" data-attachment-id=\"36845\" data-permalink=\"https:\/\/www.infomoney.com.br\/venezuela-maduro\/\" data-orig-file=\"https:\/\/www.infomoney.com.br\/wp-content\/uploads\/2019\/06\/venezuela-maduro.jpg?fit=900%2C614&amp;quality=70&amp;strip=all\" data-orig-size=\"900,614\" data-comments-opened=\"1\" data-image-meta=\"{&quot;aperture&quot;:&quot;0&quot;,&quot;credit&quot;:&quot;&quot;,&quot;camera&quot;:&quot;&quot;,&quot;caption&quot;:&quot;&quot;,&quot;created_timestamp&quot;:&quot;0&quot;,&quot;copyright&quot;:&quot;&quot;,&quot;focal_length&quot;:&quot;0&quot;,&quot;iso&quot;:&quot;0&quot;,&quot;shutter_speed&quot;:&quot;0&quot;,&quot;title&quot;:&quot;&quot;,&quot;orientation&quot;:&quot;0&quot;}\" data-image-title=\"venezuela-maduro\" data-image-description=\"\" data-image-caption=\"\" data-medium-file=\"https:\/\/www.infomoney.com.br\/wp-content\/uploads\/2019\/06\/venezuela-maduro.jpg?fit=300%2C205&amp;quality=70&amp;strip=all\" data-large-file=\"https:\/\/www.infomoney.com.br\/wp-content\/uploads\/2019\/06\/venezuela-maduro.jpg?fit=900%2C614&amp;quality=70&amp;strip=all\" title=\"\"><\/p>\n<p>O presidente da Venezuela, Nicol&aacute;s Maduro, desmarcou a ida a Bel&eacute;m (PA), onde participaria da C&uacute;pula da Amaz&ocirc;nia, encontro de chefes de Estado organizada com o objetivo de discutir pol&iacute;ticas p&uacute;blicas sustent&aacute;veis para a Amaz&ocirc;nia.<\/p>\n<p>&ldquo;Por recomenda&ccedil;&atilde;o m&eacute;dica, em decorr&ecirc;ncia de uma otite m&eacute;dia que tenho, fui obrigado a suspender minha agenda p&uacute;blica&rdquo;, tuitou Maduro<\/p>\n<p>A expectativa &eacute; de que o pa&iacute;s vizinho seja representado pela vice-presidente Delcy Rodr&iacute;guez e pelo ministro das Rela&ccedil;&otilde;es Exteriores, Yv&aacute;n Gil, que j&aacute; se encontra em solo brasileiro.<\/p>\n<p>A c&uacute;pula re&uacute;ne os pa&iacute;ses signat&aacute;rios da Organiza&ccedil;&atilde;o do Tratado de Coopera&ccedil;&atilde;o Amaz&ocirc;nica (OTCA), entidade intergovernamental formada pelos oito pa&iacute;ses amaz&ocirc;nicos. O grupo foi institu&iacute;do a partir da assinatura do Tratado de Coopera&ccedil;&atilde;o Amaz&ocirc;nica, em 1978.<\/p>\n<p>Com o cancelamento da viagem de Maduro, tr&ecirc;s pa&iacute;ses optaram por enviar representantes, em vez de chefes de Estado. Por quest&otilde;es internas, Suriname e Equador j&aacute; haviam feito o mesmo.<\/p>\n<p>Al&eacute;m do presidente Luiz In&aacute;cio Lula da Silva, participar&atilde;o da C&uacute;pula da Amaz&ocirc;nia os presidentes da Bol&iacute;via, Luis Arce; da Col&ocirc;mbia, Gustavo Petro; da Guiana, Mohamed Irfaan Ali; e do Peru, Dina Boluarte.<\/p>\n<\/p>\n<div class=\"cta-end\">\n<div class=\"im-cta\" >\n<div class=\"im-shortcode-forms bg-light bg-opacity-25 border rounded-4 p-3 p-sm-4 p-md-3 p-lg-4 px-xxl-5 my-5\" data-configuration='{\"form_name\":false,\"form_hat\":\"Newsletter\",\"form_email\":true,\"form_icon\":\"newsletter\",\"form_phone\":false,\"form_campaign\":\"NIM\",\"form_thankyou\":\"\",\"form_journey\":\"APIEvent-26a5198d-8e09-06ef-5f80-cd9127757ad1\",\"form_button\":\"Quero receber\",\"form_context\":\"newsletter\",\"form_origin\":\"https:\\\/\\\/www.infomoney.com.br\\\/politica\\\/feed\\\/?utm_medium=materia&#038;utm_source=infomoney&#038;utm_campaign=NIM&#038;utm_term=politica&#038;utm_content=newsletter\",\"form_position\":\"final\",\"form_category\":\"cta_form\"}'>\n<div class=\"d-flex flex-column align-items-center align-items-lg-start mb-4 flex-lg-row\">\n<div class=\"rounded-circle mb-2 mb-lg-0 mr-lg-4 me-lg-4 p-3 p-lg-4 bg-blue-400\"><svg width=\"40\" height=\"40\" viewBox=\"0 0 40 40\" fill=\"none\" xmlns=\"http:\/\/www.w3.org\/2000\/svg\"><path d=\"M20 20.25 6.042 11.042v19.041c0 .167.048.299.146.396a.535.535 0 0 0 .395.146h15.792V32.5H6.583a2.328 2.328 0 0 1-1.708-.708 2.328 2.328 0 0 1-.708-1.709V9.917c0-.667.236-1.236.708-1.709A2.328 2.328 0 0 1 6.583 7.5h26.834c.666 0 1.236.236 1.708.708a2.33 2.33 0 0 1 .708 1.709v12.458h-1.875V11.042L20 20.25Zm0-2 13.667-8.875H6.333L20 18.25Zm11.75 18.958-1.292-1.333 3.334-3.375h-9v-1.875h9l-3.375-3.417 1.333-1.291 5.667 5.625-5.667 5.666ZM6.042 11.042v20.791-9.458.25-13.25 1.667Z\" fill=\"#fff\"\/><\/svg><\/div>\n<div class=\"flex-fill text-center text-lg-left\">\n<div class=\"h6 small text-orange-700 lh-base mb-1\">Newsletter<\/div>\n<div class=\"text-body h4 m-0\">Infomorning<\/div>\n<div class=\"text-body small lh-base mt-2\">Receba no seu e-mail logo pela manh&atilde; as not&iacute;cias que v&atilde;o mexer com os mercados, com os seus investimentos e o seu bolso durante o dia<\/div>\n<\/div>\n<\/div>\n<\/div>\n<\/div>\n<\/div>\n<p>The post <a rel=\"nofollow noopener\" href=\"https:\/\/www.infomoney.com.br\/politica\/nicolas-maduro-cancela-ida-a-cupula-da-amazonia\/\" target=\"_blank\">Nicol\u00e1s Maduro cancela ida \u00e0 C\u00fapula da Amaz\u00f4nia<\/a> appeared first on <a rel=\"nofollow noopener\" href=\"https:\/\/www.infomoney.com.br\/\" target=\"_blank\">InfoMoney<\/a>.<\/p>\n","protected":false},"excerpt":{"rendered":"<p><img loading=\"lazy\" decoding=\"async\" width=\"300\" height=\"205\" src=\"https:\/\/www.infomoney.com.br\/wp-content\/uploads\/2019\/06\/venezuela-maduro.jpg?fit=300%2C205&amp;quality=70&amp;strip=all\" class=\"attachment-medium size-medium wp-post-image\" alt=\"\" data-attachment-id=\"36845\" data-permalink=\"https:\/\/www.infomoney.com.br\/venezuela-maduro\/\" data-orig-file=\"https:\/\/www.infomoney.com.br\/wp-content\/uploads\/2019\/06\/venezuela-maduro.jpg?fit=900%2C614&amp;quality=70&amp;strip=all\" data-orig-size=\"900,614\" data-comments-opened=\"1\" data-image-meta='{\"aperture\":\"0\",\"credit\":\"\",\"camera\":\"\",\"caption\":\"\",\"created_timestamp\":\"0\",\"copyright\":\"\",\"focal_length\":\"0\",\"iso\":\"0\",\"shutter_speed\":\"0\",\"title\":\"\",\"orientation\":\"0\"}' data-image-title=\"venezuela-maduro\" data-image-description=\"\" data-image-caption=\"\" data-medium-file=\"https:\/\/www.infomoney.com.br\/wp-content\/uploads\/2019\/06\/venezuela-maduro.jpg?fit=300%2C205&amp;quality=70&amp;strip=all\" data-large-file=\"https:\/\/www.infomoney.com.br\/wp-content\/uploads\/2019\/06\/venezuela-maduro.jpg?fit=900%2C614&amp;quality=70&amp;strip=all\">Agenda do presidente venezuelano foi cancelada por recomenda\u00e7\u00e3o m\u00e9dica<\/p>\n<p>The post <a rel=\"nofollow\" href=\"https:\/\/www.infomoney.com.br\/politica\/nicolas-maduro-cancela-ida-a-cupula-da-amazonia\/\">Nicol\u00e1s Maduro cancela ida \u00e0 C\u00fapula da Amaz\u00f4nia<\/a> appeared first on <a rel=\"nofollow\" href=\"https:\/\/www.infomoney.com.br\/\">InfoMoney<\/a>.<\/p>\n","protected":false},"author":44,"featured_media":0,"comment_status":"closed","ping_status":"closed","sticky":false,"template":"","format":"standard","meta":{"advgb_blocks_editor_width":"","advgb_blocks_columns_visual_guide":"","footnotes":""},"categories":[644,3658,34,3771,47,2990],"tags":[35],"class_list":["post-28692","post","type-post","status-publish","format-standard","hentry","category-amazonia","category-belem","category-g1","category-nicolas-maduro","category-politica","category-venezuela","tag-g1"],"author_meta":{"display_name":"Ag\u00eancia Brasil","author_link":"https:\/\/sindaopcpb.org.br\/author\/agencia-brasil\/"},"featured_img":null,"coauthors":[],"tax_additional":{"categories":{"linked":["<a href=\"https:\/\/sindaopcpb.org.br\/amazonia\/\" class=\"advgb-post-tax-term\">Amaz\u00f4nia<\/a>","<a href=\"https:\/\/sindaopcpb.org.br\/belem\/\" class=\"advgb-post-tax-term\">bel\u00e9m<\/a>","<a href=\"https:\/\/sindaopcpb.org.br\/g1\/\" class=\"advgb-post-tax-term\">G1<\/a>","<a href=\"https:\/\/sindaopcpb.org.br\/nicolas-maduro\/\" class=\"advgb-post-tax-term\">Nicol\u00e1s Maduro<\/a>","<a href=\"https:\/\/sindaopcpb.org.br\/politica\/\" class=\"advgb-post-tax-term\">POLITICA<\/a>","<a href=\"https:\/\/sindaopcpb.org.br\/venezuela\/\" class=\"advgb-post-tax-term\">Venezuela<\/a>"],"unlinked":["<span class=\"advgb-post-tax-term\">Amaz\u00f4nia<\/span>","<span class=\"advgb-post-tax-term\">bel\u00e9m<\/span>","<span class=\"advgb-post-tax-term\">G1<\/span>","<span class=\"advgb-post-tax-term\">Nicol\u00e1s Maduro<\/span>","<span class=\"advgb-post-tax-term\">POLITICA<\/span>","<span class=\"advgb-post-tax-term\">Venezuela<\/span>"]},"tags":{"linked":["<a href=\"https:\/\/sindaopcpb.org.br\/venezuela\/\" class=\"advgb-post-tax-term\">g1<\/a>"],"unlinked":["<span class=\"advgb-post-tax-term\">g1<\/span>"]}},"comment_count":"0","relative_dates":{"created":"Publicado 3 anos atr\u00e1s","modified":"Atualizado 3 anos atr\u00e1s"},"absolute_dates":{"created":"Publicado em 8 de agosto de 2023","modified":"Atualizado em 8 de agosto de 2023"},"absolute_dates_time":{"created":"Publicado em 8 de agosto de 2023 10:04","modified":"Atualizado em 8 de agosto de 2023 10:04"},"featured_img_caption":"","series_order":"","_links":{"self":[{"href":"https:\/\/sindaopcpb.org.br\/index.php\/wp-json\/wp\/v2\/posts\/28692","targetHints":{"allow":["GET"]}}],"collection":[{"href":"https:\/\/sindaopcpb.org.br\/index.php\/wp-json\/wp\/v2\/posts"}],"about":[{"href":"https:\/\/sindaopcpb.org.br\/index.php\/wp-json\/wp\/v2\/types\/post"}],"author":[{"embeddable":true,"href":"https:\/\/sindaopcpb.org.br\/index.php\/wp-json\/wp\/v2\/users\/44"}],"replies":[{"embeddable":true,"href":"https:\/\/sindaopcpb.org.br\/index.php\/wp-json\/wp\/v2\/comments?post=28692"}],"version-history":[{"count":1,"href":"https:\/\/sindaopcpb.org.br\/index.php\/wp-json\/wp\/v2\/posts\/28692\/revisions"}],"predecessor-version":[{"id":28693,"href":"https:\/\/sindaopcpb.org.br\/index.php\/wp-json\/wp\/v2\/posts\/28692\/revisions\/28693"}],"wp:attachment":[{"href":"https:\/\/sindaopcpb.org.br\/index.php\/wp-json\/wp\/v2\/media?parent=28692"}],"wp:term":[{"taxonomy":"category","embeddable":true,"href":"https:\/\/sindaopcpb.org.br\/index.php\/wp-json\/wp\/v2\/categories?post=28692"},{"taxonomy":"post_tag","embeddable":true,"href":"https:\/\/sindaopcpb.org.br\/index.php\/wp-json\/wp\/v2\/tags?post=28692"}],"curies":[{"name":"wp","href":"https:\/\/api.w.org\/{rel}","templated":true}]}}