{"id":28674,"date":"2023-08-08T07:41:13","date_gmt":"2023-08-08T10:41:13","guid":{"rendered":"https:\/\/wpa.wscom.com.br\/?p=916473"},"modified":"2023-08-08T07:41:13","modified_gmt":"2023-08-08T10:41:13","slug":"jovem-de-19-anos-suspeito-de-incitar-massacre-nas-escolas-e-alvo-de-operacao-em-joao-pessoa","status":"publish","type":"post","link":"https:\/\/sindaopcpb.org.br\/index.php\/2023\/08\/08\/jovem-de-19-anos-suspeito-de-incitar-massacre-nas-escolas-e-alvo-de-operacao-em-joao-pessoa\/","title":{"rendered":"Jovem de 19 anos suspeito de incitar massacre nas escolas \u00e9 alvo de opera\u00e7\u00e3o em Jo\u00e3o Pessoa"},"content":{"rendered":"<p>&nbsp;<\/p>\n<p>&nbsp;<\/p>\n<p>Um estudante de 19 anos est\u00e1 no foco de uma opera\u00e7\u00e3o policial deflagrada nesta ter\u00e7a-feira (8) em Jo\u00e3o Pessoa. De acordo com a Pol\u00edcia Civil, ele \u00e9 suspeito de incitar massacres nas escolas da Para\u00edba. Com a coordena\u00e7\u00e3o do Minist\u00e9rio da Justi\u00e7a, a opera\u00e7\u00e3o tamb\u00e9m cumpriu mandados em S\u00e3o Paulo.<\/p>\n<p>Resid\u00eancias do jovem e de familiares dele localizadas no bairro de Valentina Figueir\u00eado foram os alvos da a\u00e7\u00e3o policial. Durante a opera\u00e7\u00e3o, foram apreendidos um celular e materiais utilizados para fazer apologia a crimes violentos. Todos os objetos passar\u00e3o por per\u00edcia para eventual responsabiliza\u00e7\u00e3o.<\/p>\n<p><strong>Opera\u00e7\u00e3o Pessinus<\/strong><\/p>\n<p>A primeira fase da Opera\u00e7\u00e3o Pessinus iniciou com o trabalho do Grupo de Investiga\u00e7\u00e3o de Crimes Cibern\u00e9ticos (CyberGaeco) do Minist\u00e9rio P\u00fablico de Santa Catarina, notadamente com a detec\u00e7\u00e3o da exist\u00eancia de perfis em redes sociais que demonstravam a inten\u00e7\u00e3o de cometer atos graves de viol\u00eancia contra pessoas, incluindo estupros e mutila\u00e7\u00f5es, massacres em estabelecimentos de ensino e culto e enaltecimento a s\u00edmbolos ligados ao nazismo. Com base nas informa\u00e7\u00f5es recebidas, a Pol\u00edcia do Piau\u00ed instaurou inqu\u00e9rito e representou judicialmente por mandados de busca e apreens\u00e3o, bem como interna\u00e7\u00e3o provis\u00f3ria dos adolescentes infratores.<\/p>\n<p>Um dos adolescentes investigados no estado do Piau\u00ed possu\u00eda perfis de culto a s\u00edmbolos nazistas, incluindo imagens de automutila\u00e7\u00e3o e a cruz su\u00e1stica. Al\u00e9m de idolatrar e propagar imagens de assassinos de massacres escolares, praticava por meio desses perfis apologia e incita\u00e7\u00e3o a crimes contra a vida, bem como pela divulgava link de acesso a um grupo de mensageria, onde conte\u00fados proibidos de tortura, pedofilia, crueldade contra animais e pessoas s\u00e3o compartilhados, promovendo comportamentos perturbadores e ilegais.<\/p>\n<p>As investiga\u00e7\u00f5es continuaram e na data de hoje est\u00e3o sendo cumpridos 03 (tr\u00eas) mandados de busca e apreens\u00e3o no estado da Para\u00edba e 1 (um) mandado no estado de S\u00e3o Paulo. Legisla\u00e7\u00e3o: Os investigados devem responder pela pr\u00e1tica dos crimes de previstos nos artigos 146 (Constrangimento ilegal), 147 (amea\u00e7a), 147-B (Viol\u00eancia psicol\u00f3gica contra a mulher), 217-A (Estupro de vulner\u00e1vel) e art. 287 (Apologia de crime ou criminoso) do C\u00f3digo Penal, assim como do art. 20, \u00a7 1\u00ba, da Lei n. 7.716\/89.<\/p>\n<p>Opera\u00e7\u00e3o Pessinus: o nome faz alus\u00e3o a cidade que serviu de sepultamento ao semideus \u00c1tis, da mitologia grega. De acordo com a mitologia, \u00c1tis acabou enlouquecendo e se automutilando como forma de expia\u00e7\u00e3o ou como parte de rituais religiosos. Ele foi morto e seu t\u00famulo est\u00e1 na cidade de Pessinus, simbolizando, dessa forma o fim da automutila\u00e7\u00e3o e refor\u00e7ando o objetivo da opera\u00e7\u00e3o em garantir a seguran\u00e7a e o bem-estar de crian\u00e7as e adolescentes.<\/p>\n<p>O post <a rel=\"nofollow noopener\" href=\"https:\/\/wscom.com.br\/jovem-de-19-anos-suspeito-de-incitar-massacre-nas-escolas-e-alvo-de-operacao-em-joao-pessoa\/\" target=\"_blank\">Jovem de 19 anos suspeito de incitar massacre nas escolas \u00e9 alvo de opera\u00e7\u00e3o em Jo\u00e3o Pessoa<\/a> apareceu primeiro em <a rel=\"nofollow noopener\" href=\"https:\/\/wscom.com.br\/\" target=\"_blank\">WSCOM<\/a>.<\/p>\n","protected":false},"excerpt":{"rendered":"<p>\u00a0 \u00a0 Um estudante de 19 anos est\u00e1 no foco de uma opera\u00e7\u00e3o policial deflagrada nesta ter\u00e7a-feira (8) em Jo\u00e3o Pessoa. De acordo com a Pol\u00edcia Civil, ele \u00e9 suspeito de incitar massacres nas escolas da Para\u00edba. Com a coordena\u00e7\u00e3o do Minist\u00e9rio da Justi\u00e7a, a opera\u00e7\u00e3o tamb\u00e9m cumpriu mandados em S\u00e3o Paulo. Resid\u00eancias do jovem [\u2026]<\/p>\n<p>O post <a rel=\"nofollow\" href=\"https:\/\/wscom.com.br\/jovem-de-19-anos-suspeito-de-incitar-massacre-nas-escolas-e-alvo-de-operacao-em-joao-pessoa\/\">Jovem de 19 anos suspeito de incitar massacre nas escolas \u00e9 alvo de opera\u00e7\u00e3o em Jo\u00e3o Pessoa<\/a> apareceu primeiro em <a rel=\"nofollow\" href=\"https:\/\/wscom.com.br\/\">WSCOM<\/a>.<\/p>\n","protected":false},"author":42,"featured_media":0,"comment_status":"closed","ping_status":"closed","sticky":false,"template":"","format":"standard","meta":{"advgb_blocks_editor_width":"","advgb_blocks_columns_visual_guide":"","footnotes":""},"categories":[4792,34,71,7452,7453,66],"tags":[35],"class_list":["post-28674","post","type-post","status-publish","format-standard","hentry","category-estudante","category-g1","category-joao-pessoa","category-massacre-nas-escolas","category-operacao-pessinus","category-policial","tag-g1"],"author_meta":{"display_name":"Rafael Andrade","author_link":"https:\/\/sindaopcpb.org.br\/author\/rafael-andrade\/"},"featured_img":null,"coauthors":[],"tax_additional":{"categories":{"linked":["<a href=\"https:\/\/sindaopcpb.org.br\/estudante\/\" class=\"advgb-post-tax-term\">Estudante<\/a>","<a href=\"https:\/\/sindaopcpb.org.br\/g1\/\" class=\"advgb-post-tax-term\">G1<\/a>","<a href=\"https:\/\/sindaopcpb.org.br\/joao-pessoa\/\" class=\"advgb-post-tax-term\">Jo\u00e3o Pessoa<\/a>","<a href=\"https:\/\/sindaopcpb.org.br\/massacre-nas-escolas\/\" class=\"advgb-post-tax-term\">Massacre nas escolas<\/a>","<a href=\"https:\/\/sindaopcpb.org.br\/operacao-pessinus\/\" class=\"advgb-post-tax-term\">Opera\u00e7\u00e3o Pessinus<\/a>","<a href=\"https:\/\/sindaopcpb.org.br\/policial\/\" class=\"advgb-post-tax-term\">Policial<\/a>"],"unlinked":["<span class=\"advgb-post-tax-term\">Estudante<\/span>","<span class=\"advgb-post-tax-term\">G1<\/span>","<span class=\"advgb-post-tax-term\">Jo\u00e3o Pessoa<\/span>","<span class=\"advgb-post-tax-term\">Massacre nas escolas<\/span>","<span class=\"advgb-post-tax-term\">Opera\u00e7\u00e3o Pessinus<\/span>","<span class=\"advgb-post-tax-term\">Policial<\/span>"]},"tags":{"linked":["<a href=\"https:\/\/sindaopcpb.org.br\/policial\/\" class=\"advgb-post-tax-term\">g1<\/a>"],"unlinked":["<span class=\"advgb-post-tax-term\">g1<\/span>"]}},"comment_count":"0","relative_dates":{"created":"Publicado 3 anos atr\u00e1s","modified":"Atualizado 3 anos atr\u00e1s"},"absolute_dates":{"created":"Publicado em 8 de agosto de 2023","modified":"Atualizado em 8 de agosto de 2023"},"absolute_dates_time":{"created":"Publicado em 8 de agosto de 2023 07:41","modified":"Atualizado em 8 de agosto de 2023 07:41"},"featured_img_caption":"","series_order":"","_links":{"self":[{"href":"https:\/\/sindaopcpb.org.br\/index.php\/wp-json\/wp\/v2\/posts\/28674","targetHints":{"allow":["GET"]}}],"collection":[{"href":"https:\/\/sindaopcpb.org.br\/index.php\/wp-json\/wp\/v2\/posts"}],"about":[{"href":"https:\/\/sindaopcpb.org.br\/index.php\/wp-json\/wp\/v2\/types\/post"}],"author":[{"embeddable":true,"href":"https:\/\/sindaopcpb.org.br\/index.php\/wp-json\/wp\/v2\/users\/42"}],"replies":[{"embeddable":true,"href":"https:\/\/sindaopcpb.org.br\/index.php\/wp-json\/wp\/v2\/comments?post=28674"}],"version-history":[{"count":1,"href":"https:\/\/sindaopcpb.org.br\/index.php\/wp-json\/wp\/v2\/posts\/28674\/revisions"}],"predecessor-version":[{"id":28675,"href":"https:\/\/sindaopcpb.org.br\/index.php\/wp-json\/wp\/v2\/posts\/28674\/revisions\/28675"}],"wp:attachment":[{"href":"https:\/\/sindaopcpb.org.br\/index.php\/wp-json\/wp\/v2\/media?parent=28674"}],"wp:term":[{"taxonomy":"category","embeddable":true,"href":"https:\/\/sindaopcpb.org.br\/index.php\/wp-json\/wp\/v2\/categories?post=28674"},{"taxonomy":"post_tag","embeddable":true,"href":"https:\/\/sindaopcpb.org.br\/index.php\/wp-json\/wp\/v2\/tags?post=28674"}],"curies":[{"name":"wp","href":"https:\/\/api.w.org\/{rel}","templated":true}]}}