{"id":28668,"date":"2023-08-08T08:22:44","date_gmt":"2023-08-08T11:22:44","guid":{"rendered":"https:\/\/wpa.wscom.com.br\/?p=916484"},"modified":"2023-08-08T08:22:44","modified_gmt":"2023-08-08T11:22:44","slug":"governo-bolsonaro-preparou-discurso-de-reconhecimento-da-vitoria-de-lula-mostram-e-mails","status":"publish","type":"post","link":"https:\/\/sindaopcpb.org.br\/index.php\/2023\/08\/08\/governo-bolsonaro-preparou-discurso-de-reconhecimento-da-vitoria-de-lula-mostram-e-mails\/","title":{"rendered":"Governo Bolsonaro preparou discurso de reconhecimento da vit\u00f3ria de Lula, mostram e-mails"},"content":{"rendered":"<p>&nbsp;<\/p>\n<p>&nbsp;<\/p>\n<p>Um conjunto de e-mails em posse da Comiss\u00e3o Parlamentar Mista de Inqu\u00e9rito (CPMI) do 8 de janeiro indica que, no dia 31 de outubro de 2022, logo ap\u00f3s o segundo turno das elei\u00e7\u00f5es, um pronunciamento preparado por assessores de Jair Bolsonaro (PL) foi enviado para considera\u00e7\u00e3o do ent\u00e3o chefe do Pal\u00e1cio do Planalto, informa o jornal\u00a0O Globo. A proposta de discurso foi encaminhada a Daniel Lopes de Luccas, um dos colaboradores mais pr\u00f3ximos de Bolsonaro, com c\u00f3pia para Carlos Fran\u00e7a, ent\u00e3o ministro das Rela\u00e7\u00f5es Exteriores.<\/p>\n<p>O teor da sugest\u00e3o de discurso revela um tom conciliat\u00f3rio e reconhecimento da derrota, com a seguinte declara\u00e7\u00e3o: &#8220;eu sempre disse que o Brasil est\u00e1 acima de tudo e Deus acima de todos e que daria minha vida pelo Brasil. Por esse motivo, n\u00e3o contestarei o resultado das elei\u00e7\u00f5es&#8221;. No entanto, Bolsonaro n\u00e3o fez o pronunciamento conforme proposto. F\u00e1bio Faria, o ex-ministro das Comunica\u00e7\u00f5es, que enviou o texto, confirmou o envio por e-mail, mas n\u00e3o explicou a raz\u00e3o pela qual Bolsonaro n\u00e3o o leu.<\/p>\n<p>Durante o per\u00edodo de sil\u00eancio ap\u00f3s a elei\u00e7\u00e3o, Bolsonaro permaneceu isolado no Pal\u00e1cio da Alvorada, reduzindo suas apari\u00e7\u00f5es p\u00fablicas e agendas no Pal\u00e1cio do Planalto. Somente 48 horas ap\u00f3s a vit\u00f3ria de seu opositor, o hoje presidente Lula (PT), \u00e9 que Bolsonaro se pronunciou. Na ocasi\u00e3o, ele se reuniu com ministros e aliados antes de fazer um discurso breve, que n\u00e3o mencionou a derrota nem fez refer\u00eancias ao presidente eleito.<\/p>\n<p>Apesar da tentativa de preparar um discurso de reconhecimento, Bolsonaro fez cr\u00edticas aos institutos de pesquisa e \u00e0 Justi\u00e7a por suspender perfis de direita nas redes sociais. Especialistas observam que pesquisas eleitorais indicam tend\u00eancias e n\u00e3o predizem resultados, e as suspens\u00f5es de contas nas redes visavam conter a dissemina\u00e7\u00e3o de informa\u00e7\u00f5es falsas sobre as urnas eletr\u00f4nicas, cuja integridade foi confirmada pelo Tribunal Superior Eleitoral (TSE).<\/p>\n<p>A recorrente contesta\u00e7\u00e3o do processo eleitoral resultou em uma condena\u00e7\u00e3o que tornou Bolsonaro ineleg\u00edvel at\u00e9 2030, por abuso de poder pol\u00edtico e uso inadequado dos meios de comunica\u00e7\u00e3o. O TSE ratificou a confiabilidade das urnas eletr\u00f4nicas e a lisura do pleito, com reconhecimento internacional da elei\u00e7\u00e3o brasileira por diversos pa\u00edses, incluindo os Estados Unidos, a China, membros da Uni\u00e3o Europeia e na\u00e7\u00f5es latino-americanas.<\/p>\n<p>O post <a rel=\"nofollow noopener\" href=\"https:\/\/wscom.com.br\/governo-bolsonaro-preparou-discurso-de-reconhecimento-da-vitoria-de-lula-mostram-e-mails\/\" target=\"_blank\">Governo Bolsonaro preparou discurso de reconhecimento da vit\u00f3ria de Lula, mostram e-mails<\/a> apareceu primeiro em <a rel=\"nofollow noopener\" href=\"https:\/\/wscom.com.br\/\" target=\"_blank\">WSCOM<\/a>.<\/p>\n","protected":false},"excerpt":{"rendered":"<p>\u00a0 \u00a0 Um conjunto de e-mails em posse da Comiss\u00e3o Parlamentar Mista de Inqu\u00e9rito (CPMI) do 8 de janeiro indica que, no dia 31 de outubro de 2022, logo ap\u00f3s o segundo turno das elei\u00e7\u00f5es, um pronunciamento preparado por assessores de Jair Bolsonaro (PL) foi enviado para considera\u00e7\u00e3o do ent\u00e3o chefe do Pal\u00e1cio do Planalto, [\u2026]<\/p>\n<p>O post <a rel=\"nofollow\" href=\"https:\/\/wscom.com.br\/governo-bolsonaro-preparou-discurso-de-reconhecimento-da-vitoria-de-lula-mostram-e-mails\/\">Governo Bolsonaro preparou discurso de reconhecimento da vit\u00f3ria de Lula, mostram e-mails<\/a> apareceu primeiro em <a rel=\"nofollow\" href=\"https:\/\/wscom.com.br\/\">WSCOM<\/a>.<\/p>\n","protected":false},"author":42,"featured_media":0,"comment_status":"closed","ping_status":"closed","sticky":false,"template":"","format":"standard","meta":{"advgb_blocks_editor_width":"","advgb_blocks_columns_visual_guide":"","footnotes":""},"categories":[4373,7449,728,34,135,110,47],"tags":[35],"class_list":["post-28668","post","type-post","status-publish","format-standard","hentry","category-derrota","category-discurso","category-eleicoes-2022","category-g1","category-jair-bolsonaro","category-lula","category-politica","tag-g1"],"author_meta":{"display_name":"Rafael Andrade","author_link":"https:\/\/sindaopcpb.org.br\/author\/rafael-andrade\/"},"featured_img":null,"coauthors":[],"tax_additional":{"categories":{"linked":["<a href=\"https:\/\/sindaopcpb.org.br\/derrota\/\" class=\"advgb-post-tax-term\">Derrota<\/a>","<a href=\"https:\/\/sindaopcpb.org.br\/discurso\/\" class=\"advgb-post-tax-term\">Discurso<\/a>","<a href=\"https:\/\/sindaopcpb.org.br\/eleicoes-2022\/\" class=\"advgb-post-tax-term\">Elei\u00e7\u00f5es 2022<\/a>","<a href=\"https:\/\/sindaopcpb.org.br\/g1\/\" class=\"advgb-post-tax-term\">G1<\/a>","<a href=\"https:\/\/sindaopcpb.org.br\/jair-bolsonaro\/\" class=\"advgb-post-tax-term\">Jair Bolsonaro<\/a>","<a href=\"https:\/\/sindaopcpb.org.br\/lula\/\" class=\"advgb-post-tax-term\">Lula<\/a>","<a href=\"https:\/\/sindaopcpb.org.br\/politica\/\" class=\"advgb-post-tax-term\">POLITICA<\/a>"],"unlinked":["<span class=\"advgb-post-tax-term\">Derrota<\/span>","<span class=\"advgb-post-tax-term\">Discurso<\/span>","<span class=\"advgb-post-tax-term\">Elei\u00e7\u00f5es 2022<\/span>","<span class=\"advgb-post-tax-term\">G1<\/span>","<span class=\"advgb-post-tax-term\">Jair Bolsonaro<\/span>","<span class=\"advgb-post-tax-term\">Lula<\/span>","<span class=\"advgb-post-tax-term\">POLITICA<\/span>"]},"tags":{"linked":["<a href=\"https:\/\/sindaopcpb.org.br\/politica\/\" class=\"advgb-post-tax-term\">g1<\/a>"],"unlinked":["<span class=\"advgb-post-tax-term\">g1<\/span>"]}},"comment_count":"0","relative_dates":{"created":"Publicado 3 anos atr\u00e1s","modified":"Atualizado 3 anos atr\u00e1s"},"absolute_dates":{"created":"Publicado em 8 de agosto de 2023","modified":"Atualizado em 8 de agosto de 2023"},"absolute_dates_time":{"created":"Publicado em 8 de agosto de 2023 08:22","modified":"Atualizado em 8 de agosto de 2023 08:22"},"featured_img_caption":"","series_order":"","_links":{"self":[{"href":"https:\/\/sindaopcpb.org.br\/index.php\/wp-json\/wp\/v2\/posts\/28668","targetHints":{"allow":["GET"]}}],"collection":[{"href":"https:\/\/sindaopcpb.org.br\/index.php\/wp-json\/wp\/v2\/posts"}],"about":[{"href":"https:\/\/sindaopcpb.org.br\/index.php\/wp-json\/wp\/v2\/types\/post"}],"author":[{"embeddable":true,"href":"https:\/\/sindaopcpb.org.br\/index.php\/wp-json\/wp\/v2\/users\/42"}],"replies":[{"embeddable":true,"href":"https:\/\/sindaopcpb.org.br\/index.php\/wp-json\/wp\/v2\/comments?post=28668"}],"version-history":[{"count":1,"href":"https:\/\/sindaopcpb.org.br\/index.php\/wp-json\/wp\/v2\/posts\/28668\/revisions"}],"predecessor-version":[{"id":28669,"href":"https:\/\/sindaopcpb.org.br\/index.php\/wp-json\/wp\/v2\/posts\/28668\/revisions\/28669"}],"wp:attachment":[{"href":"https:\/\/sindaopcpb.org.br\/index.php\/wp-json\/wp\/v2\/media?parent=28668"}],"wp:term":[{"taxonomy":"category","embeddable":true,"href":"https:\/\/sindaopcpb.org.br\/index.php\/wp-json\/wp\/v2\/categories?post=28668"},{"taxonomy":"post_tag","embeddable":true,"href":"https:\/\/sindaopcpb.org.br\/index.php\/wp-json\/wp\/v2\/tags?post=28668"}],"curies":[{"name":"wp","href":"https:\/\/api.w.org\/{rel}","templated":true}]}}