{"id":28627,"date":"2023-08-07T16:47:24","date_gmt":"2023-08-07T19:47:24","guid":{"rendered":"https:\/\/wpa.wscom.com.br\/?p=916421"},"modified":"2023-08-07T16:47:24","modified_gmt":"2023-08-07T19:47:24","slug":"humorista-mizael-silva-recebe-alta-apos-acidente-entre-moto-e-caminhao-em-joao-pessoa","status":"publish","type":"post","link":"https:\/\/sindaopcpb.org.br\/index.php\/2023\/08\/07\/humorista-mizael-silva-recebe-alta-apos-acidente-entre-moto-e-caminhao-em-joao-pessoa\/","title":{"rendered":"Humorista Mizael Silva recebe alta ap\u00f3s acidente entre moto e caminh\u00e3o, em Jo\u00e3o Pessoa"},"content":{"rendered":"<p>O humorista e influencer Mizael Silva teve alta do Hospital de Trauma da cidade ap\u00f3s o acidente ocorrido no \u00faltimo s\u00e1bado (05). Ele sofreu ferimentos ao colidir sua moto na traseira de uma carreta no bairro das Ind\u00fastrias.<\/p>\n<p>Mizael descreveu \u00e0 Tv Arapuan\u00a0 os momentos que se seguiram ap\u00f3s o acidente. &#8220;N\u00e3o lembro de nada, s\u00f3 lembro da hora que acordei no Trauma, o pessoal dando assist\u00eancia&#8230; mas, antes disso eu n\u00e3o lembro de nada. Muito ruim voc\u00ea acordar e n\u00e3o saber onde voc\u00ea est\u00e1. Eu acordei pensando que era um sonho. Foi um livramento dos grandes&#8221;, relatou.<\/p>\n<p>O artista paraibano tem presen\u00e7a marcante nas redes sociais, onde conta com mais de 339 mil seguidores. Mizael \u00e9 reconhecido por suas pegadinhas.<\/p>\n<p>O humorista foi prontamente socorrido por uma equipe do Samu e encaminhado ao Hospital de Trauma, onde passou por cuidados m\u00e9dicos e avalia\u00e7\u00f5es.<\/p>\n<p>O post <a rel=\"nofollow noopener\" href=\"https:\/\/wscom.com.br\/humorista-mizael-silva-recebe-alta-apos-acidente-entre-moto-e-caminhao-em-joao-pessoa\/\" target=\"_blank\">Humorista Mizael Silva recebe alta ap\u00f3s acidente entre moto e caminh\u00e3o, em Jo\u00e3o Pessoa<\/a> apareceu primeiro em <a rel=\"nofollow noopener\" href=\"https:\/\/wscom.com.br\/\" target=\"_blank\">WSCOM<\/a>.<\/p>\n","protected":false},"excerpt":{"rendered":"<p>O humorista e influencer Mizael Silva teve alta do Hospital de Trauma da cidade ap\u00f3s o acidente ocorrido no \u00faltimo s\u00e1bado (05). Ele sofreu ferimentos ao colidir sua moto na traseira de uma carreta no bairro das Ind\u00fastrias. Mizael descreveu \u00e0 Tv Arapuan\u00a0 os momentos que se seguiram ap\u00f3s o acidente. \u201cN\u00e3o lembro de nada, [\u2026]<\/p>\n<p>O post <a rel=\"nofollow\" href=\"https:\/\/wscom.com.br\/humorista-mizael-silva-recebe-alta-apos-acidente-entre-moto-e-caminhao-em-joao-pessoa\/\">Humorista Mizael Silva recebe alta ap\u00f3s acidente entre moto e caminh\u00e3o, em Jo\u00e3o Pessoa<\/a> apareceu primeiro em <a rel=\"nofollow\" href=\"https:\/\/wscom.com.br\/\">WSCOM<\/a>.<\/p>\n","protected":false},"author":50,"featured_media":0,"comment_status":"closed","ping_status":"closed","sticky":false,"template":"","format":"standard","meta":{"advgb_blocks_editor_width":"","advgb_blocks_columns_visual_guide":"","footnotes":""},"categories":[3568,34,787,7398,54],"tags":[35],"class_list":["post-28627","post","type-post","status-publish","format-standard","hentry","category-alta","category-g1","category-hospital","category-mizael","category-paraiba","tag-g1"],"author_meta":{"display_name":"Wallyson","author_link":"https:\/\/sindaopcpb.org.br\/author\/wallyson\/"},"featured_img":null,"coauthors":[],"tax_additional":{"categories":{"linked":["<a href=\"https:\/\/sindaopcpb.org.br\/alta\/\" class=\"advgb-post-tax-term\">alta<\/a>","<a href=\"https:\/\/sindaopcpb.org.br\/g1\/\" class=\"advgb-post-tax-term\">G1<\/a>","<a href=\"https:\/\/sindaopcpb.org.br\/hospital\/\" class=\"advgb-post-tax-term\">hospital<\/a>","<a href=\"https:\/\/sindaopcpb.org.br\/mizael\/\" class=\"advgb-post-tax-term\">mizael<\/a>","<a href=\"https:\/\/sindaopcpb.org.br\/paraiba\/\" class=\"advgb-post-tax-term\">Para\u00edba<\/a>"],"unlinked":["<span class=\"advgb-post-tax-term\">alta<\/span>","<span class=\"advgb-post-tax-term\">G1<\/span>","<span class=\"advgb-post-tax-term\">hospital<\/span>","<span class=\"advgb-post-tax-term\">mizael<\/span>","<span class=\"advgb-post-tax-term\">Para\u00edba<\/span>"]},"tags":{"linked":["<a href=\"https:\/\/sindaopcpb.org.br\/paraiba\/\" class=\"advgb-post-tax-term\">g1<\/a>"],"unlinked":["<span class=\"advgb-post-tax-term\">g1<\/span>"]}},"comment_count":"0","relative_dates":{"created":"Publicado 3 anos atr\u00e1s","modified":"Atualizado 3 anos atr\u00e1s"},"absolute_dates":{"created":"Publicado em 7 de agosto de 2023","modified":"Atualizado em 7 de agosto de 2023"},"absolute_dates_time":{"created":"Publicado em 7 de agosto de 2023 16:47","modified":"Atualizado em 7 de agosto de 2023 16:47"},"featured_img_caption":"","series_order":"","_links":{"self":[{"href":"https:\/\/sindaopcpb.org.br\/index.php\/wp-json\/wp\/v2\/posts\/28627","targetHints":{"allow":["GET"]}}],"collection":[{"href":"https:\/\/sindaopcpb.org.br\/index.php\/wp-json\/wp\/v2\/posts"}],"about":[{"href":"https:\/\/sindaopcpb.org.br\/index.php\/wp-json\/wp\/v2\/types\/post"}],"author":[{"embeddable":true,"href":"https:\/\/sindaopcpb.org.br\/index.php\/wp-json\/wp\/v2\/users\/50"}],"replies":[{"embeddable":true,"href":"https:\/\/sindaopcpb.org.br\/index.php\/wp-json\/wp\/v2\/comments?post=28627"}],"version-history":[{"count":1,"href":"https:\/\/sindaopcpb.org.br\/index.php\/wp-json\/wp\/v2\/posts\/28627\/revisions"}],"predecessor-version":[{"id":28628,"href":"https:\/\/sindaopcpb.org.br\/index.php\/wp-json\/wp\/v2\/posts\/28627\/revisions\/28628"}],"wp:attachment":[{"href":"https:\/\/sindaopcpb.org.br\/index.php\/wp-json\/wp\/v2\/media?parent=28627"}],"wp:term":[{"taxonomy":"category","embeddable":true,"href":"https:\/\/sindaopcpb.org.br\/index.php\/wp-json\/wp\/v2\/categories?post=28627"},{"taxonomy":"post_tag","embeddable":true,"href":"https:\/\/sindaopcpb.org.br\/index.php\/wp-json\/wp\/v2\/tags?post=28627"}],"curies":[{"name":"wp","href":"https:\/\/api.w.org\/{rel}","templated":true}]}}