{"id":28606,"date":"2023-08-07T13:46:43","date_gmt":"2023-08-07T16:46:43","guid":{"rendered":"https:\/\/www.infomoney.com.br\/?p=2207594"},"modified":"2023-08-07T13:46:43","modified_gmt":"2023-08-07T16:46:43","slug":"declaracao-de-zema-sobre-alianca-sul-sudeste-gera-criticas-entre-governadores-e-ministros","status":"publish","type":"post","link":"https:\/\/sindaopcpb.org.br\/index.php\/2023\/08\/07\/declaracao-de-zema-sobre-alianca-sul-sudeste-gera-criticas-entre-governadores-e-ministros\/","title":{"rendered":"Declara\u00e7\u00e3o de Zema sobre \u201calian\u00e7a Sul-Sudeste\u201d gera cr\u00edticas entre governadores e ministros"},"content":{"rendered":"<p><img loading=\"lazy\" width=\"300\" height=\"206\" src=\"https:\/\/www.infomoney.com.br\/wp-content\/uploads\/2019\/06\/romeu-zema-2.jpg?fit=300%2C206&amp;quality=70&amp;strip=all\" class=\"attachment-medium size-medium wp-post-image\" alt=\"\" decoding=\"async\" style=\"float:right; margin:0 0 10px 10px;\" srcset=\"https:\/\/www.infomoney.com.br\/wp-content\/uploads\/2019\/06\/romeu-zema-2.jpg?w=900&amp;quality=70&amp;strip=all 900w, https:\/\/www.infomoney.com.br\/wp-content\/uploads\/2019\/06\/romeu-zema-2.jpg?w=300&amp;quality=70&amp;strip=all 300w, https:\/\/www.infomoney.com.br\/wp-content\/uploads\/2019\/06\/romeu-zema-2.jpg?w=768&amp;quality=70&amp;strip=all 768w, https:\/\/www.infomoney.com.br\/wp-content\/uploads\/2019\/06\/romeu-zema-2.jpg?w=150&amp;quality=70&amp;strip=all 150w\" sizes=\"auto, (max-width: 300px) 100vw, 300px\" data-attachment-id=\"54378\" data-permalink=\"https:\/\/www.infomoney.com.br\/romeu-zema-2\/\" data-orig-file=\"https:\/\/www.infomoney.com.br\/wp-content\/uploads\/2019\/06\/romeu-zema-2.jpg?fit=900%2C618&amp;quality=70&amp;strip=all\" data-orig-size=\"900,618\" data-comments-opened=\"1\" data-image-meta=\"{&quot;aperture&quot;:&quot;0&quot;,&quot;credit&quot;:&quot;&quot;,&quot;camera&quot;:&quot;&quot;,&quot;caption&quot;:&quot;&quot;,&quot;created_timestamp&quot;:&quot;0&quot;,&quot;copyright&quot;:&quot;&quot;,&quot;focal_length&quot;:&quot;0&quot;,&quot;iso&quot;:&quot;0&quot;,&quot;shutter_speed&quot;:&quot;0&quot;,&quot;title&quot;:&quot;&quot;,&quot;orientation&quot;:&quot;0&quot;}\" data-image-title=\"romeu-zema-2\" data-image-description=\"\" data-image-caption=\"\" data-medium-file=\"https:\/\/www.infomoney.com.br\/wp-content\/uploads\/2019\/06\/romeu-zema-2.jpg?fit=300%2C206&amp;quality=70&amp;strip=all\" data-large-file=\"https:\/\/www.infomoney.com.br\/wp-content\/uploads\/2019\/06\/romeu-zema-2.jpg?fit=900%2C618&amp;quality=70&amp;strip=all\" title=\"\"><\/p>\n<p>A fala recente do governador de Minas Gerais, Romeu Zema (Novo), que, ao pedir maior engajamento entre seus hom&oacute;logos do Sul e do Sudeste na defesa dos interesses em comum, comparou os Estados do Nordeste a &ldquo;vaquinhas que produzem pouco&rdquo;, n&atilde;o foi bem recebida entre governadores da regi&atilde;o.<\/p>\n<p>A declara&ccedil;&atilde;o de Zema ocorreu durante entrevista publicada pelo jornal <em>O Estado de S. Paulo<\/em>, na edi&ccedil;&atilde;o impressa de domingo (6). Nela, o governador mineiro pediu maior capacidade de articula&ccedil;&atilde;o e indicou que a formaliza&ccedil;&atilde;o do Cons&oacute;rcio Sul-Sudeste &eacute; um movimento importante para atuar de maneira estrat&eacute;gica na interlocu&ccedil;&atilde;o com 256 deputados federais que representam esses Estados.<\/p>\n<p>&ldquo;Tamb&eacute;m j&aacute; decidimos que, al&eacute;m do protagonismo econ&ocirc;mico que temos, porque representamos 70% da economia brasileira, n&oacute;s queremos &ndash; que &eacute; o que nunca tivemos &ndash; protagonismo pol&iacute;tico. Outras regi&otilde;es do Brasil, com Estados muito menores em termos de economia e popula&ccedil;&atilde;o, se unem e conseguem aprovar uma s&eacute;rie de projetos em Bras&iacute;lia. E n&oacute;s, que representamos 56% dos brasileiros, mas que ficamos cada um por si, olhando s&oacute; o seu quintal, perdemos&rdquo;, afirmou.<\/p>\n<p>Presidido pelo governador da Para&iacute;ba, Jo&atilde;o Azevedo (PSB), o cons&oacute;rcio de governadores do Nordeste divulgou uma nota p&uacute;blica indicando que Zema faz uma &ldquo;leitura preocupante do Brasil&rdquo;.<\/p>\n<p>&ldquo;A uni&atilde;o dos Estados do Sul e do Sudeste num cons&oacute;rcio interfederativo pode representar um avan&ccedil;o na consolida&ccedil;&atilde;o de um novo arranjo federativo no pa&iacute;s. Esse avan&ccedil;o, por&eacute;m, s&oacute; vai se dar na medida em que todos apostarmos num Brasil que combate suas desigualdades, respeita as diversidades, aposta na sustentabilidade e acredita no seu povo&rdquo;.<\/p>\n<p>Pelo Twitter, o governadora do Rio Grande do Norte, F&aacute;tima Bezerra (PT), compartilhou o comunicado divulgado pelo Cons&oacute;rcio Nordeste. Na mesma rede, o governador do Piau&iacute;, Rafael Fonteles (PT) afirmou que &ldquo;no momento em que o nosso pa&iacute;s mais precisa de uni&atilde;o, Zema revela-se o maior inimigo da federa&ccedil;&atilde;o brasileira&rdquo;.<\/p>\n<p>Jer&ocirc;nimo Rodrigues (PT), governador da Bahia, tamb&eacute;m criticou a postura de Romeu Zema. Tamb&eacute;m pelo Twitter, ele pediu uni&atilde;o entre as unidades federativas.<\/p>\n<p>&ldquo;N&atilde;o existe n&oacute;s e eles, somos um s&oacute; povo. Para o pa&iacute;s dar certo, &eacute; preciso uni&atilde;o entre os estados. N&atilde;o devemos perder tempo com narrativas segregadoras, cuidar da nossa gente &eacute; o que realmente importa. Quando se trata de Brasil, vale o velho ditado: a uni&atilde;o faz a for&ccedil;a&rdquo;, disse.<\/p>\n<p>As cr&iacute;ticas ao comportamento de Zema encontraram coro na presidente do PT, a deputada federal Gleisi Hoffmann (PR). Pelo Twitter, ela associou o governador mineiro ao bolsonarismo e classificou a fala como &ldquo;inadmiss&iacute;vel&rdquo;.<\/p>\n<p>&ldquo;S&oacute; mesmo o bolsonarista Zema pra propor uni&atilde;o sul sudeste contra os nordeste. Preconceituoso e atrasado. Eu sou do sul e essa fala &eacute; inadmiss&iacute;vel, temos orgulho no nordeste, do povo nordestino. Queremos a uni&atilde;o do povo brasileiro por um pa&iacute;s justo, solid&aacute;rio, livre de discrimina&ccedil;&atilde;o&rdquo;, criticou.<\/p>\n<p>J&aacute; o ministro da Justi&ccedil;a, Fl&aacute;vio Dino (PSB-MA) afirmou que a Constitui&ccedil;&atilde;o de 1988 veda qualquer tipo de distin&ccedil;&atilde;o entre brasileiros. Ele relacionou a declara&ccedil;&atilde;o dada por Zema &agrave; extrema-direita, e disse que estimular tens&otilde;es regionais vai contra os valores patri&oacute;ticos.<\/p>\n<p>A ministra do Meio Ambiente, Marina Silva (Rede), tamb&eacute;m rebateu as cr&iacute;ticas de Zema e defendeu o ecossistema da Regi&atilde;o Norte como fator fundamental para a gera&ccedil;&atilde;o de riquezas e o desenvolvimento econ&ocirc;mico do Pa&iacute;s, para al&eacute;m de aspectos comparativos elencados pelo governador de Minas Gerais na entrevista, como a densidade demogr&aacute;fica e a concentra&ccedil;&atilde;o de atividade econ&ocirc;mica.<\/p>\n<p>&ldquo;Setenta e cinco por cento do PIB da Am&eacute;rica do Sul est&aacute; relacionado &agrave;s chuvas que s&atilde;o produzidas pela Amaz&ocirc;nia. Sem a Amaz&ocirc;nia n&atilde;o tem como ter agricultura ou ind&uacute;stria. N&atilde;o tem como ter vida no Sul e no Sudeste. N&atilde;o &eacute; uma quest&atilde;o de quantidade em rela&ccedil;&atilde;o a peso populacional, mas trabalharmos com a justi&ccedil;a ambiental&rdquo;, argumentou.<\/p>\n<h2><strong>Leite: Nordeste serve como inspira&ccedil;&atilde;o<\/strong><\/h2>\n<p>O governador do Rio Grande do Sul, Eduardo Leite (PSDB), gravou um v&iacute;deo afirmando que &eacute; contra qualquer tipo de discrimina&ccedil;&atilde;o ou segrega&ccedil;&atilde;o entre unidades federativas. Segundo ele, a iniciativa do Nordeste serve de inspira&ccedil;&atilde;o para que os Estados do Sul e Sudeste se agrupem na defesa de pautas em comum, que v&atilde;o desde a&ccedil;&otilde;es para o desenvolvimento e quest&otilde;es tribut&aacute;rias, passando por prote&ccedil;&atilde;o ao meio ambiente e defesa do agroneg&oacute;cio.<\/p>\n<p>&ldquo;A gente nunca achou at&eacute; hoje que estados do Norte e do Nordeste haviam se unido contra os demais Estados do pa&iacute;s. Pelo contr&aacute;rio: a uni&atilde;o destes estados em torno da pauta que &eacute; de interesse comum deles serviu de inspira&ccedil;&atilde;o para que a gente possa, finalmente, fazer o mesmo&rdquo;.<\/p>\n<p>Na entrevista, Zema criticou o que classificou como tratamento privilegiado a outros Estados no &acirc;mbito da reforma tribut&aacute;ria, e disse que cidades do Sul e Sudeste tamb&eacute;m possuem bols&otilde;es de pobreza e por isso h&aacute; necessidade de investimento em programas sociais.<\/p>\n<p>&ldquo;Est&aacute; sendo criado um fundo para Nordeste, Centro-Oeste e Norte. Sul e Sudeste n&atilde;o t&ecirc;m pobreza? Aqui todo mundo vive bem, ningu&eacute;m tem desemprego, n&atilde;o tem comunidade&hellip; Tem sim. N&oacute;s tamb&eacute;m precisamos de a&ccedil;&otilde;es sociais. Sul e Sudeste v&atilde;o continuar com a arrecada&ccedil;&atilde;o muito maior do que recebem de volta? Isso n&atilde;o pode ser intensificado, ano a ano, d&eacute;cada a d&eacute;cada. Se n&atilde;o, voc&ecirc; vai cair naquela hist&oacute;ria do produtor rural que come&ccedil;a s&oacute; a dar tratamento bom para as vaquinhas que produzem pouco e deixa de lado as que est&atilde;o produzindo muito. As que produzem muito v&atilde;o come&ccedil;ar a reclamar o mesmo tratamento&rdquo;, comparou.<\/p>\n<p>A &ldquo;guerra&rdquo; federativa tem sido uma das nuances da reforma tribut&aacute;ria, que prev&ecirc; a cria&ccedil;&atilde;o de dois fundos de repasses para os Estados, como forma de compensar perdas na arrecada&ccedil;&atilde;o e distor&ccedil;&otilde;es regionais.<\/p>\n<p>Dados obtidos pelo InfoMoney junto &agrave;s 27 secretarias estaduais de Fazenda e Planejamento mostram que, apenas neste ano, a expectativa dos entes &eacute; que as ren&uacute;ncias de receitas com o Imposto sobre a Circula&ccedil;&atilde;o de Mercadorias e Servi&ccedil;os (ICMS) <a href=\"https:\/\/www.infomoney.com.br\/politica\/incentivos-dos-estados-com-icms-devem-chegar-a-r-2325-bilhoes-em-2023\/\" rel=\"nofollow noopener\" target=\"_blank\">fiquem em R$ 232,49 bilh&otilde;es.<\/a><\/p>\n<p>Estados que concedem mais benef&iacute;cios fiscais querem a reda&ccedil;&atilde;o da PEC 45\/2019 como est&aacute; atualmente, com compensa&ccedil;&atilde;o integral no Fundo do ICMS, enquanto unidades federativas menos desenvolvidas priorizam o Fundo de Desenvolvimento Regional, que contaria com outros crit&eacute;rios de distribui&ccedil;&atilde;o, mais favor&aacute;veis a entes com menor capacidade econ&ocirc;mico-financeira.<\/p>\n<p>Veja algumas das manifesta&ccedil;&otilde;es &agrave; fala de Zema:<\/p>\n<blockquote class=\"twitter-tweet\" data-width=\"500\" data-dnt=\"true\">\n<p lang=\"pt\" dir=\"ltr\">Seremos todos mais fortes quanto mais formos um s&oacute; Brasil. &#127463;&#127479;<\/p>\n<p>N&atilde;o acredito que o governador Zema tenha dito nada diferente disso. Se disse, n&atilde;o me representa. <a href=\"https:\/\/t.co\/18JSLCsA1K\" rel=\"nofollow\">pic.twitter.com\/18JSLCsA1K<\/a><\/p>\n<p>&mdash; Eduardo Leite (@EduardoLeite_) <a href=\"https:\/\/twitter.com\/EduardoLeite_\/status\/1688241000660045824?ref_src=twsrc%5Etfw\" rel=\"nofollow noopener\" target=\"_blank\">August 6, 2023<\/a><\/p>\n<\/blockquote>\n<p><script async src=\"https:\/\/platform.twitter.com\/widgets.js\" charset=\"utf-8\"><\/script><\/p>\n<blockquote class=\"twitter-tweet\" data-width=\"500\" data-dnt=\"true\">\n<p lang=\"pt\" dir=\"ltr\">No momento em que o nosso pa&iacute;s mais precisa de uni&atilde;o, o Governador Zema, de Minas Gerais, em sua entrevista ao Estad&atilde;o, revela-se o maior inimigo da federa&ccedil;&atilde;o brasileira. Quem apostar contra a uni&atilde;o do povo brasileiro vai perder!!! <a href=\"https:\/\/t.co\/G2pT1AJnye\" rel=\"nofollow\">https:\/\/t.co\/G2pT1AJnye<\/a><\/p>\n<p>&mdash; Rafael Fonteles (@RafaelFonteles_) <a href=\"https:\/\/twitter.com\/RafaelFonteles_\/status\/1688008278092001280?ref_src=twsrc%5Etfw\" rel=\"nofollow noopener\" target=\"_blank\">August 6, 2023<\/a><\/p>\n<\/blockquote>\n<p><script async src=\"https:\/\/platform.twitter.com\/widgets.js\" charset=\"utf-8\"><\/script><\/p>\n<p>&nbsp;<\/p>\n<blockquote class=\"twitter-tweet\" data-width=\"500\" data-dnt=\"true\">\n<p lang=\"pt\" dir=\"ltr\">Brasil pr&oacute;spero e justo &eacute; Brasil unido! <br \/>Respeite o Nordeste! <a href=\"https:\/\/t.co\/mkjcC8nJ3w\" rel=\"nofollow\">pic.twitter.com\/mkjcC8nJ3w<\/a><\/p>\n<p>&mdash; F&aacute;tima Bezerra (@fatimabezerra) <a href=\"https:\/\/twitter.com\/fatimabezerra\/status\/1688260466215178241?ref_src=twsrc%5Etfw\" rel=\"nofollow noopener\" target=\"_blank\">August 6, 2023<\/a><\/p>\n<\/blockquote>\n<p><script async src=\"https:\/\/platform.twitter.com\/widgets.js\" charset=\"utf-8\"><\/script><\/p>\n<blockquote class=\"twitter-tweet\" data-width=\"500\" data-dnt=\"true\">\n<p lang=\"pt\" dir=\"ltr\">N&atilde;o existe eles e n&oacute;s, somos um s&oacute; povo. Para o pa&iacute;s dar certo, &eacute; preciso uni&atilde;o entre os estados. N&atilde;o devemos perder tempo com narrativas segregadoras, cuidar da nossa gente &eacute; o que realmente importa. Quando se trata de Brasil, vale o velho ditado: a uni&atilde;o faz a for&ccedil;a.<\/p>\n<p>&mdash; Jer&ocirc;nimo Rodrigues (@Jeronimoba13) <a href=\"https:\/\/twitter.com\/Jeronimoba13\/status\/1688235879905497088?ref_src=twsrc%5Etfw\" rel=\"nofollow noopener\" target=\"_blank\">August 6, 2023<\/a><\/p>\n<\/blockquote>\n<p><script async src=\"https:\/\/platform.twitter.com\/widgets.js\" charset=\"utf-8\"><\/script><\/p>\n<p>&nbsp;<\/p>\n<blockquote class=\"twitter-tweet\" data-width=\"500\" data-dnt=\"true\">\n<p lang=\"pt\" dir=\"ltr\">Nota Oficial do Cons&oacute;rcio Nordeste <a href=\"https:\/\/t.co\/0h7LJTFXhy\" rel=\"nofollow\">pic.twitter.com\/0h7LJTFXhy<\/a><\/p>\n<p>&mdash; Jo&atilde;o Azev&ecirc;do (@joaoazevedolins) <a href=\"https:\/\/twitter.com\/joaoazevedolins\/status\/1688234740808065024?ref_src=twsrc%5Etfw\" rel=\"nofollow noopener\" target=\"_blank\">August 6, 2023<\/a><\/p>\n<\/blockquote>\n<p><script async src=\"https:\/\/platform.twitter.com\/widgets.js\" charset=\"utf-8\"><\/script><\/p>\n<\/p>\n<div class=\"cta-end\">\n<div class=\"im-cta\" >\n<div class=\"im-shortcode-forms bg-light bg-opacity-25 border rounded-4 p-3 p-sm-4 p-md-3 p-lg-4 px-xxl-5 my-5\" data-configuration='{\"form_name\":false,\"form_hat\":\"Newsletter\",\"form_email\":true,\"form_icon\":\"newsletter\",\"form_phone\":false,\"form_campaign\":\"NIM\",\"form_thankyou\":\"\",\"form_journey\":\"APIEvent-26a5198d-8e09-06ef-5f80-cd9127757ad1\",\"form_button\":\"Quero receber\",\"form_context\":\"newsletter\",\"form_origin\":\"https:\\\/\\\/www.infomoney.com.br\\\/politica\\\/feed\\\/?utm_medium=materia&#038;utm_source=infomoney&#038;utm_campaign=NIM&#038;utm_term=politica&#038;utm_content=newsletter\",\"form_position\":\"final\",\"form_category\":\"cta_form\"}'>\n<div class=\"d-flex flex-column align-items-center align-items-lg-start mb-4 flex-lg-row\">\n<div class=\"rounded-circle mb-2 mb-lg-0 mr-lg-4 me-lg-4 p-3 p-lg-4 bg-blue-400\"><svg width=\"40\" height=\"40\" viewBox=\"0 0 40 40\" fill=\"none\" xmlns=\"http:\/\/www.w3.org\/2000\/svg\"><path d=\"M20 20.25 6.042 11.042v19.041c0 .167.048.299.146.396a.535.535 0 0 0 .395.146h15.792V32.5H6.583a2.328 2.328 0 0 1-1.708-.708 2.328 2.328 0 0 1-.708-1.709V9.917c0-.667.236-1.236.708-1.709A2.328 2.328 0 0 1 6.583 7.5h26.834c.666 0 1.236.236 1.708.708a2.33 2.33 0 0 1 .708 1.709v12.458h-1.875V11.042L20 20.25Zm0-2 13.667-8.875H6.333L20 18.25Zm11.75 18.958-1.292-1.333 3.334-3.375h-9v-1.875h9l-3.375-3.417 1.333-1.291 5.667 5.625-5.667 5.666ZM6.042 11.042v20.791-9.458.25-13.25 1.667Z\" fill=\"#fff\"\/><\/svg><\/div>\n<div class=\"flex-fill text-center text-lg-left\">\n<div class=\"h6 small text-orange-700 lh-base mb-1\">Newsletter<\/div>\n<div class=\"text-body h4 m-0\">Infomorning<\/div>\n<div class=\"text-body small lh-base mt-2\">Receba no seu e-mail logo pela manh&atilde; as not&iacute;cias que v&atilde;o mexer com os mercados, com os seus investimentos e o seu bolso durante o dia<\/div>\n<\/div>\n<\/div>\n<\/div>\n<\/div>\n<\/div>\n<p>The post <a rel=\"nofollow noopener\" href=\"https:\/\/www.infomoney.com.br\/politica\/declaracao-de-zema-sobre-alianca-sul-sudeste-gera-criticas-entre-governadores-e-ministros\/\" target=\"_blank\">Declara\u00e7\u00e3o de Zema sobre &#8220;alian\u00e7a Sul-Sudeste&#8221; gera cr\u00edticas entre governadores e ministros<\/a> appeared first on <a rel=\"nofollow noopener\" href=\"https:\/\/www.infomoney.com.br\/\" target=\"_blank\">InfoMoney<\/a>.<\/p>\n","protected":false},"excerpt":{"rendered":"<p><img loading=\"lazy\" decoding=\"async\" width=\"300\" height=\"206\" src=\"https:\/\/www.infomoney.com.br\/wp-content\/uploads\/2019\/06\/romeu-zema-2.jpg?fit=300%2C206&amp;quality=70&amp;strip=all\" class=\"attachment-medium size-medium wp-post-image\" alt=\"\" data-attachment-id=\"54378\" data-permalink=\"https:\/\/www.infomoney.com.br\/romeu-zema-2\/\" data-orig-file=\"https:\/\/www.infomoney.com.br\/wp-content\/uploads\/2019\/06\/romeu-zema-2.jpg?fit=900%2C618&amp;quality=70&amp;strip=all\" data-orig-size=\"900,618\" data-comments-opened=\"1\" data-image-meta='{\"aperture\":\"0\",\"credit\":\"\",\"camera\":\"\",\"caption\":\"\",\"created_timestamp\":\"0\",\"copyright\":\"\",\"focal_length\":\"0\",\"iso\":\"0\",\"shutter_speed\":\"0\",\"title\":\"\",\"orientation\":\"0\"}' data-image-title=\"romeu-zema-2\" data-image-description=\"\" data-image-caption=\"\" data-medium-file=\"https:\/\/www.infomoney.com.br\/wp-content\/uploads\/2019\/06\/romeu-zema-2.jpg?fit=300%2C206&amp;quality=70&amp;strip=all\" data-large-file=\"https:\/\/www.infomoney.com.br\/wp-content\/uploads\/2019\/06\/romeu-zema-2.jpg?fit=900%2C618&amp;quality=70&amp;strip=all\">Governador mineiro v\u00ea tratamento privilegiado a outros Estados no \u00e2mbito da reforma tribut\u00e1ria, e diz que h\u00e1 necessidade de a\u00e7\u00f5es no Sul e no Sudeste<\/p>\n<p>The post <a rel=\"nofollow\" href=\"https:\/\/www.infomoney.com.br\/politica\/declaracao-de-zema-sobre-alianca-sul-sudeste-gera-criticas-entre-governadores-e-ministros\/\">Declara\u00e7\u00e3o de Zema sobre \u201calian\u00e7a Sul-Sudeste\u201d gera cr\u00edticas entre governadores e ministros<\/a> appeared first on <a rel=\"nofollow\" href=\"https:\/\/www.infomoney.com.br\/\">InfoMoney<\/a>.<\/p>\n","protected":false},"author":47,"featured_media":0,"comment_status":"closed","ping_status":"closed","sticky":false,"template":"","format":"standard","meta":{"advgb_blocks_editor_width":"","advgb_blocks_columns_visual_guide":"","footnotes":""},"categories":[5496,219,34,299,197,47,191,6817,5491],"tags":[35],"class_list":["post-28606","post","type-post","status-publish","format-standard","hentry","category-eduardo-leite","category-flavio-dino","category-g1","category-gleisi-hoffmann","category-nordeste","category-politica","category-reforma-tributaria","category-romeu-zema","category-sudeste","tag-g1"],"author_meta":{"display_name":"luispereira","author_link":"https:\/\/sindaopcpb.org.br\/author\/luispereira\/"},"featured_img":null,"coauthors":[],"tax_additional":{"categories":{"linked":["<a href=\"https:\/\/sindaopcpb.org.br\/eduardo-leite\/\" class=\"advgb-post-tax-term\">Eduardo Leite<\/a>","<a href=\"https:\/\/sindaopcpb.org.br\/flavio-dino\/\" class=\"advgb-post-tax-term\">fl\u00e1vio dino<\/a>","<a href=\"https:\/\/sindaopcpb.org.br\/g1\/\" class=\"advgb-post-tax-term\">G1<\/a>","<a href=\"https:\/\/sindaopcpb.org.br\/gleisi-hoffmann\/\" class=\"advgb-post-tax-term\">Gleisi Hoffmann<\/a>","<a href=\"https:\/\/sindaopcpb.org.br\/nordeste\/\" class=\"advgb-post-tax-term\">Nordeste<\/a>","<a href=\"https:\/\/sindaopcpb.org.br\/politica\/\" class=\"advgb-post-tax-term\">POLITICA<\/a>","<a href=\"https:\/\/sindaopcpb.org.br\/reforma-tributaria\/\" class=\"advgb-post-tax-term\">reforma tribut\u00e1ria<\/a>","<a href=\"https:\/\/sindaopcpb.org.br\/romeu-zema\/\" class=\"advgb-post-tax-term\">Romeu Zema<\/a>","<a href=\"https:\/\/sindaopcpb.org.br\/sudeste\/\" class=\"advgb-post-tax-term\">sudeste<\/a>"],"unlinked":["<span class=\"advgb-post-tax-term\">Eduardo Leite<\/span>","<span class=\"advgb-post-tax-term\">fl\u00e1vio dino<\/span>","<span class=\"advgb-post-tax-term\">G1<\/span>","<span class=\"advgb-post-tax-term\">Gleisi Hoffmann<\/span>","<span class=\"advgb-post-tax-term\">Nordeste<\/span>","<span class=\"advgb-post-tax-term\">POLITICA<\/span>","<span class=\"advgb-post-tax-term\">reforma tribut\u00e1ria<\/span>","<span class=\"advgb-post-tax-term\">Romeu Zema<\/span>","<span class=\"advgb-post-tax-term\">sudeste<\/span>"]},"tags":{"linked":["<a href=\"https:\/\/sindaopcpb.org.br\/sudeste\/\" class=\"advgb-post-tax-term\">g1<\/a>"],"unlinked":["<span class=\"advgb-post-tax-term\">g1<\/span>"]}},"comment_count":"0","relative_dates":{"created":"Publicado 3 anos atr\u00e1s","modified":"Atualizado 3 anos atr\u00e1s"},"absolute_dates":{"created":"Publicado em 7 de agosto de 2023","modified":"Atualizado em 7 de agosto de 2023"},"absolute_dates_time":{"created":"Publicado em 7 de agosto de 2023 13:46","modified":"Atualizado em 7 de agosto de 2023 13:46"},"featured_img_caption":"","series_order":"","_links":{"self":[{"href":"https:\/\/sindaopcpb.org.br\/index.php\/wp-json\/wp\/v2\/posts\/28606","targetHints":{"allow":["GET"]}}],"collection":[{"href":"https:\/\/sindaopcpb.org.br\/index.php\/wp-json\/wp\/v2\/posts"}],"about":[{"href":"https:\/\/sindaopcpb.org.br\/index.php\/wp-json\/wp\/v2\/types\/post"}],"author":[{"embeddable":true,"href":"https:\/\/sindaopcpb.org.br\/index.php\/wp-json\/wp\/v2\/users\/47"}],"replies":[{"embeddable":true,"href":"https:\/\/sindaopcpb.org.br\/index.php\/wp-json\/wp\/v2\/comments?post=28606"}],"version-history":[{"count":1,"href":"https:\/\/sindaopcpb.org.br\/index.php\/wp-json\/wp\/v2\/posts\/28606\/revisions"}],"predecessor-version":[{"id":28607,"href":"https:\/\/sindaopcpb.org.br\/index.php\/wp-json\/wp\/v2\/posts\/28606\/revisions\/28607"}],"wp:attachment":[{"href":"https:\/\/sindaopcpb.org.br\/index.php\/wp-json\/wp\/v2\/media?parent=28606"}],"wp:term":[{"taxonomy":"category","embeddable":true,"href":"https:\/\/sindaopcpb.org.br\/index.php\/wp-json\/wp\/v2\/categories?post=28606"},{"taxonomy":"post_tag","embeddable":true,"href":"https:\/\/sindaopcpb.org.br\/index.php\/wp-json\/wp\/v2\/tags?post=28606"}],"curies":[{"name":"wp","href":"https:\/\/api.w.org\/{rel}","templated":true}]}}