{"id":28570,"date":"2023-08-07T10:55:30","date_gmt":"2023-08-07T13:55:30","guid":{"rendered":"https:\/\/www.infomoney.com.br\/?p=2207673"},"modified":"2023-08-07T10:55:30","modified_gmt":"2023-08-07T13:55:30","slug":"congresso-deve-promulgar-reforma-tributaria-ainda-em-2023-projetam-analistas","status":"publish","type":"post","link":"https:\/\/sindaopcpb.org.br\/index.php\/2023\/08\/07\/congresso-deve-promulgar-reforma-tributaria-ainda-em-2023-projetam-analistas\/","title":{"rendered":"Congresso deve promulgar reforma tribut\u00e1ria ainda em 2023, projetam analistas"},"content":{"rendered":"<p><img loading=\"lazy\" width=\"300\" height=\"200\" src=\"https:\/\/www.infomoney.com.br\/wp-content\/uploads\/2022\/07\/img20220712104623327MED.jpg?fit=300%2C200&amp;quality=70&amp;strip=all\" class=\"attachment-medium size-medium wp-post-image\" alt=\"\" decoding=\"async\" style=\"float:right; margin:0 0 10px 10px;\" srcset=\"https:\/\/www.infomoney.com.br\/wp-content\/uploads\/2022\/07\/img20220712104623327MED.jpg?w=1000&amp;quality=70&amp;strip=all 1000w, https:\/\/www.infomoney.com.br\/wp-content\/uploads\/2022\/07\/img20220712104623327MED.jpg?w=300&amp;quality=70&amp;strip=all 300w, https:\/\/www.infomoney.com.br\/wp-content\/uploads\/2022\/07\/img20220712104623327MED.jpg?w=768&amp;quality=70&amp;strip=all 768w, https:\/\/www.infomoney.com.br\/wp-content\/uploads\/2022\/07\/img20220712104623327MED.jpg?w=150&amp;quality=70&amp;strip=all 150w\" sizes=\"auto, (max-width: 300px) 100vw, 300px\" data-attachment-id=\"1889436\" data-permalink=\"https:\/\/www.infomoney.com.br\/politica\/congresso-aprova-texto-base-da-ldo-de-2023-apos-retirada-de-trecho-que-tornava-emendas-de-relator-impositivas\/attachment\/img20220712104623327med\/\" data-orig-file=\"https:\/\/www.infomoney.com.br\/wp-content\/uploads\/2022\/07\/img20220712104623327MED.jpg?fit=1000%2C668&amp;quality=70&amp;strip=all\" data-orig-size=\"1000,668\" data-comments-opened=\"1\" data-image-meta=\"{&quot;aperture&quot;:&quot;0&quot;,&quot;credit&quot;:&quot;&quot;,&quot;camera&quot;:&quot;&quot;,&quot;caption&quot;:&quot;&quot;,&quot;created_timestamp&quot;:&quot;0&quot;,&quot;copyright&quot;:&quot;&quot;,&quot;focal_length&quot;:&quot;0&quot;,&quot;iso&quot;:&quot;0&quot;,&quot;shutter_speed&quot;:&quot;0&quot;,&quot;title&quot;:&quot;&quot;,&quot;orientation&quot;:&quot;0&quot;}\" data-image-title=\"Congresso Nacional\" data-image-description=\"\" data-image-caption=\"&lt;p&gt;O Congresso Nacional em sess\u00e3o conjunta para vota\u00e7\u00e3o da LDO de 2023 (Foto: Wesley Amaral\/C\u00e2mara dos Deputados)&lt;\/p&gt;\n\" data-medium-file=\"https:\/\/www.infomoney.com.br\/wp-content\/uploads\/2022\/07\/img20220712104623327MED.jpg?fit=300%2C200&amp;quality=70&amp;strip=all\" data-large-file=\"https:\/\/www.infomoney.com.br\/wp-content\/uploads\/2022\/07\/img20220712104623327MED.jpg?fit=1000%2C668&amp;quality=70&amp;strip=all\" title=\"\"><\/p>\n<p>Considerada uma das agendas priorit&aacute;rias do governo do presidente Luiz In&aacute;cio Lula da Silva (PT) para o segundo semestre legislativo, a Proposta de Emenda &agrave; Constitui&ccedil;&atilde;o que trata da <strong>reforma tribut&aacute;ria<\/strong> dos impostos sobre o consumo (PEC 45\/2019) tem boas chances de ter tramita&ccedil;&atilde;o conclu&iacute;da pelo Congresso Nacional ainda em 2023.<\/p>\n<p>&Eacute; o que esperam analistas pol&iacute;ticos consultados pela 47&ordf; edi&ccedil;&atilde;o do <strong>Bar&ocirc;metro do Poder<\/strong>, levantamento feito mensalmente pelo <strong>InfoMoney<\/strong> com consultorias e analistas independentes sobre alguns dos principais temas em discuss&atilde;o na pol&iacute;tica nacional.<\/p>\n<p><a href=\"https:\/\/www.infomoney.com.br\/wp-content\/uploads\/2023\/08\/INF_barometro_47_JUL23_FINAL_compressed.pdf\" rel=\"nofollow noopener\" target=\"_blank\"><u>Clique aqui para acessar a &iacute;ntegra.<\/u><\/a><\/p>\n<p>O levantamento, realizado entre os dias 27 de julho e 1&ordm; de agosto, mostra que 92% dos especialistas consultados atribuem probabilidade &ldquo;alta&rdquo; ou &ldquo;muito alta&rdquo; de as mudan&ccedil;as no sistema tribut&aacute;rio serem promulgadas pelo parlamento at&eacute; dezembro. Outros 8% veem chances &ldquo;moderadas&rdquo; de isso acontecer. Nenhum especialista demonstrou maior ceticismo.<\/p>\n<p>Considerando uma escala de 1 (muito baixa) a 5 (muito alta), a probabilidade m&eacute;dia atribu&iacute;da pelos analistas pol&iacute;ticos consultados pelo levantamento para a conclus&atilde;o da tramita&ccedil;&atilde;o da mat&eacute;ria no Congresso Nacional at&eacute; o fim de 2023 ficou em 4,08.<\/p>\n<p><img loading=\"lazy\" data-attachment-id=\"2207681\" data-permalink=\"https:\/\/www.infomoney.com.br\/politica\/congresso-deve-promulgar-reforma-tributaria-ainda-em-2023-projetam-analistas\/attachment\/barometro-do-poder-0307e\/\" data-orig-file=\"https:\/\/www.infomoney.com.br\/wp-content\/uploads\/2023\/08\/Barometro-do-Poder-0307E.jpg?fit=1423%2C754&amp;quality=70&amp;strip=all\" data-orig-size=\"1423,754\" data-comments-opened=\"0\" data-image-meta=\"{&quot;aperture&quot;:&quot;0&quot;,&quot;credit&quot;:&quot;&quot;,&quot;camera&quot;:&quot;&quot;,&quot;caption&quot;:&quot;&quot;,&quot;created_timestamp&quot;:&quot;0&quot;,&quot;copyright&quot;:&quot;&quot;,&quot;focal_length&quot;:&quot;0&quot;,&quot;iso&quot;:&quot;0&quot;,&quot;shutter_speed&quot;:&quot;0&quot;,&quot;title&quot;:&quot;&quot;,&quot;orientation&quot;:&quot;0&quot;}\" data-image-title=\"Barometro-do-Poder-0307E\" data-image-description=\"\" data-image-caption=\"\" data-medium-file=\"https:\/\/www.infomoney.com.br\/wp-content\/uploads\/2023\/08\/Barometro-do-Poder-0307E.jpg?fit=300%2C159&amp;quality=70&amp;strip=all\" data-large-file=\"https:\/\/www.infomoney.com.br\/wp-content\/uploads\/2023\/08\/Barometro-do-Poder-0307E.jpg?fit=1280%2C678&amp;quality=70&amp;strip=all\" decoding=\"async\" class=\"img-fluid alignnone size-full wp-image-2207681\" src=\"https:\/\/www.infomoney.com.br\/wp-content\/uploads\/2023\/08\/Barometro-do-Poder-0307E.jpg?quality=70&#038;resize=1024%2C543&#038;%23038;strip=all\" alt=\"\" width=\"1024\" height=\"543\" srcset=\"https:\/\/www.infomoney.com.br\/wp-content\/uploads\/2023\/08\/Barometro-do-Poder-0307E.jpg?w=1423&amp;quality=70&amp;strip=all 1423w, https:\/\/www.infomoney.com.br\/wp-content\/uploads\/2023\/08\/Barometro-do-Poder-0307E.jpg?w=300&amp;quality=70&amp;strip=all 300w, https:\/\/www.infomoney.com.br\/wp-content\/uploads\/2023\/08\/Barometro-do-Poder-0307E.jpg?w=768&amp;quality=70&amp;strip=all 768w, https:\/\/www.infomoney.com.br\/wp-content\/uploads\/2023\/08\/Barometro-do-Poder-0307E.jpg?w=1280&amp;quality=70&amp;strip=all 1280w, https:\/\/www.infomoney.com.br\/wp-content\/uploads\/2023\/08\/Barometro-do-Poder-0307E.jpg?w=150&amp;quality=70&amp;strip=all 150w\" sizes=\"auto, (max-width: 1000px) 100vw, 1000px\" data-recalc-dims=\"1\" title=\"\"><\/p>\n<p>As apostas convergem com o calend&aacute;rio indicado pelo presidente do Senado Federal, Rodrigo Pacheco (PSD-MG). O parlamentar tem dito que pretende pautar a mat&eacute;ria no plen&aacute;rio da casa legislativa at&eacute; outubro. Como a tend&ecirc;ncia &eacute; que sejam feitas modifica&ccedil;&otilde;es em rela&ccedil;&atilde;o &agrave; vers&atilde;o recebida dos deputados, o texto precisaria passar por nova an&aacute;lise da C&acirc;mara dos Deputados.<\/p>\n<p>Esta tamb&eacute;m &eacute; a expectativa do governo do presidente Luiz In&aacute;cio Lula da Silva (PT), que trabalha para encaminhar a segunda fase da reforma tribut&aacute;ria &#8210; que dever&aacute; tratar da tributa&ccedil;&atilde;o sobre a renda &#8210; ao parlamento, via projeto de lei, neste segundo semestre.<\/p>\n<p>No Senado Federal, a proposta da reforma tribut&aacute;ria dos impostos sobre o consumo deve passar pela Comiss&atilde;o de Constitui&ccedil;&atilde;o de Justi&ccedil;a (CCJ), sob relatoria do experiente senador Eduardo Braga (MDB-AM), e contar com suporte t&eacute;cnico da Comiss&atilde;o de Assuntos Econ&ocirc;micos (CAE), antes de ir a plen&aacute;rio.<\/p>\n<p>Por se tratar de Proposta de Emenda &agrave; Constitui&ccedil;&atilde;o, o texto precisa do apoio de 3\/5 dos senadores (ou seja, pelo menos 49 dos 81 integrantes da casa) em dois turnos de vota&ccedil;&atilde;o em plen&aacute;rio. Caso ele seja aprovado com mudan&ccedil;as de m&eacute;rito em rela&ccedil;&atilde;o &agrave; vers&atilde;o recebida dos deputados, &eacute; necess&aacute;ria nova an&aacute;lise da C&acirc;mara dos Deputados.<\/p>\n<p>A PEC vai de uma casa para a outra (o chamado pingue-pongue) at&eacute; que seja votada sem diferen&ccedil;as. Ela somente vai &agrave; promulga&ccedil;&atilde;o do Congresso Nacional quando superadas essas diverg&ecirc;ncias.<\/p>\n<p>&ldquo;Ap&oacute;s aprova&ccedil;&atilde;o da C&acirc;mara, o Senado ser&aacute; compelido a aprovar a reforma tribut&aacute;ria ainda neste ano&rdquo;, observou um analista pol&iacute;tico consultado pelo <strong>Bar&ocirc;metro do Poder<\/strong>.<\/p>\n<p>&ldquo;Com modifica&ccedil;&otilde;es, a mat&eacute;ria retornar&aacute; &agrave; C&acirc;mara, onde deve ter uma nova tramita&ccedil;&atilde;o &lsquo;fast track&rsquo;, com Lira acelerando as discuss&otilde;es&rdquo;, prosseguiu.<\/p>\n<p>A expectativa dos especialistas &eacute; que o Senado Federal d&ecirc; maior aten&ccedil;&atilde;o ao debate federativo, avan&ccedil;ando sobre regras de distribui&ccedil;&atilde;o de recursos do Fundo Nacional de Desenvolvimento Regional (FNDR) e de composi&ccedil;&atilde;o do Conselho Federativo do novo Imposto sobre Bens e Servi&ccedil;os (IBS). Al&eacute;m de uma poss&iacute;vel revis&atilde;o das exce&ccedil;&otilde;es setoriais aprovadas pelos deputados.<\/p>\n<p>Esta edi&ccedil;&atilde;o do <strong>Bar&ocirc;metro do Poder<\/strong> ouviu 9 consultorias pol&iacute;ticas &ndash; BMJ Consultores Associados, Dharma Political Risk &amp; Strategy; Empower Consultoria; Eurasia Group; Medley Global Advisors; Patri Pol&iacute;ticas P&uacute;blicas; Ponteio Pol&iacute;tica; Prospectiva Consultoria; Pulso P&uacute;blico &ndash; e 4 analistas independentes &ndash; Antonio Lavareda (Ipespe); Carlos Melo (Insper); Cl&aacute;udio Couto (EAESP\/FGV) e Thomas Traumann.<\/p>\n<p>Conforme acordado previamente com os participantes, os resultados s&atilde;o divulgados apenas de forma agregada, sendo preservado o anonimato das respostas e dos coment&aacute;rios.<\/p>\n<p><a href=\"https:\/\/www.infomoney.com.br\/wp-content\/uploads\/2023\/08\/INF_barometro_47_JUL23_FINAL_compressed.pdf\" rel=\"nofollow noopener\" target=\"_blank\"><u>Clique aqui para acessar a &iacute;ntegra.<\/u><\/a><\/p>\n<\/p>\n<div class=\"cta-end\">\n<div class=\"im-cta\" >\n<div class=\"im-shortcode-forms bg-light bg-opacity-25 border rounded-4 p-3 p-sm-4 p-md-3 p-lg-4 px-xxl-5 my-5\" data-configuration='{\"form_name\":false,\"form_hat\":\"Newsletter\",\"form_email\":true,\"form_icon\":\"newsletter\",\"form_phone\":false,\"form_campaign\":\"NIM\",\"form_thankyou\":\"\",\"form_journey\":\"APIEvent-26a5198d-8e09-06ef-5f80-cd9127757ad1\",\"form_button\":\"Quero receber\",\"form_context\":\"newsletter\",\"form_origin\":\"https:\\\/\\\/www.infomoney.com.br\\\/politica\\\/feed\\\/?utm_medium=materia&#038;utm_source=infomoney&#038;utm_campaign=NIM&#038;utm_term=politica&#038;utm_content=newsletter\",\"form_position\":\"final\",\"form_category\":\"cta_form\"}'>\n<div class=\"d-flex flex-column align-items-center align-items-lg-start mb-4 flex-lg-row\">\n<div class=\"rounded-circle mb-2 mb-lg-0 mr-lg-4 me-lg-4 p-3 p-lg-4 bg-blue-400\"><svg width=\"40\" height=\"40\" viewBox=\"0 0 40 40\" fill=\"none\" xmlns=\"http:\/\/www.w3.org\/2000\/svg\"><path d=\"M20 20.25 6.042 11.042v19.041c0 .167.048.299.146.396a.535.535 0 0 0 .395.146h15.792V32.5H6.583a2.328 2.328 0 0 1-1.708-.708 2.328 2.328 0 0 1-.708-1.709V9.917c0-.667.236-1.236.708-1.709A2.328 2.328 0 0 1 6.583 7.5h26.834c.666 0 1.236.236 1.708.708a2.33 2.33 0 0 1 .708 1.709v12.458h-1.875V11.042L20 20.25Zm0-2 13.667-8.875H6.333L20 18.25Zm11.75 18.958-1.292-1.333 3.334-3.375h-9v-1.875h9l-3.375-3.417 1.333-1.291 5.667 5.625-5.667 5.666ZM6.042 11.042v20.791-9.458.25-13.25 1.667Z\" fill=\"#fff\"\/><\/svg><\/div>\n<div class=\"flex-fill text-center text-lg-left\">\n<div class=\"h6 small text-orange-700 lh-base mb-1\">Newsletter<\/div>\n<div class=\"text-body h4 m-0\">Infomorning<\/div>\n<div class=\"text-body small lh-base mt-2\">Receba no seu e-mail logo pela manh&atilde; as not&iacute;cias que v&atilde;o mexer com os mercados, com os seus investimentos e o seu bolso durante o dia<\/div>\n<\/div>\n<\/div>\n<\/div>\n<\/div>\n<\/div>\n<p>The post <a rel=\"nofollow noopener\" href=\"https:\/\/www.infomoney.com.br\/politica\/congresso-deve-promulgar-reforma-tributaria-ainda-em-2023-projetam-analistas\/\" target=\"_blank\">Congresso deve promulgar reforma tribut\u00e1ria ainda em 2023, projetam analistas<\/a> appeared first on <a rel=\"nofollow noopener\" href=\"https:\/\/www.infomoney.com.br\/\" target=\"_blank\">InfoMoney<\/a>.<\/p>\n","protected":false},"excerpt":{"rendered":"<p><img loading=\"lazy\" decoding=\"async\" width=\"300\" height=\"200\" src=\"https:\/\/www.infomoney.com.br\/wp-content\/uploads\/2022\/07\/img20220712104623327MED.jpg?fit=300%2C200&amp;quality=70&amp;strip=all\" class=\"attachment-medium size-medium wp-post-image\" alt=\"\" data-attachment-id=\"1889436\" data-permalink=\"https:\/\/www.infomoney.com.br\/politica\/congresso-aprova-texto-base-da-ldo-de-2023-apos-retirada-de-trecho-que-tornava-emendas-de-relator-impositivas\/attachment\/img20220712104623327med\/\" data-orig-file=\"https:\/\/www.infomoney.com.br\/wp-content\/uploads\/2022\/07\/img20220712104623327MED.jpg?fit=1000%2C668&amp;quality=70&amp;strip=all\" data-orig-size=\"1000,668\" data-comments-opened=\"1\" data-image-meta='{\"aperture\":\"0\",\"credit\":\"\",\"camera\":\"\",\"caption\":\"\",\"created_timestamp\":\"0\",\"copyright\":\"\",\"focal_length\":\"0\",\"iso\":\"0\",\"shutter_speed\":\"0\",\"title\":\"\",\"orientation\":\"0\"}' data-image-title=\"Congresso Nacional\" data-image-description=\"\" data-image-caption=\"&lt;p&gt;O Congresso Nacional em sess\u00e3o conjunta para vota\u00e7\u00e3o da LDO de 2023 (Foto: Wesley Amaral\/C\u00e2mara dos Deputados)&lt;\/p&gt;\n\" data-medium-file=\"https:\/\/www.infomoney.com.br\/wp-content\/uploads\/2022\/07\/img20220712104623327MED.jpg?fit=300%2C200&amp;quality=70&amp;strip=all\" data-large-file=\"https:\/\/www.infomoney.com.br\/wp-content\/uploads\/2022\/07\/img20220712104623327MED.jpg?fit=1000%2C668&amp;quality=70&amp;strip=all\">Calend\u00e1rio projetado por especialistas consultados pelo InfoMoney converge com expectativas do presidente do Senado Federal, Rodrigo Pacheco<\/p>\n<p>The post <a rel=\"nofollow\" href=\"https:\/\/www.infomoney.com.br\/politica\/congresso-deve-promulgar-reforma-tributaria-ainda-em-2023-projetam-analistas\/\">Congresso deve promulgar reforma tribut\u00e1ria ainda em 2023, projetam analistas<\/a> appeared first on <a rel=\"nofollow\" href=\"https:\/\/www.infomoney.com.br\/\">InfoMoney<\/a>.<\/p>\n","protected":false},"author":52,"featured_media":0,"comment_status":"closed","ping_status":"closed","sticky":false,"template":"","format":"standard","meta":{"advgb_blocks_editor_width":"","advgb_blocks_columns_visual_guide":"","footnotes":""},"categories":[2112,276,359,34,556,129,47,191,403],"tags":[35],"class_list":["post-28570","post","type-post","status-publish","format-standard","hentry","category-barometro-do-poder","category-camara-dos-deputados","category-congresso-nacional","category-g1","category-impostos","category-luiz-inacio-lula-da-silva","category-politica","category-reforma-tributaria","category-senado","tag-g1"],"author_meta":{"display_name":"Marcos Mortari","author_link":"https:\/\/sindaopcpb.org.br\/author\/marcos-mortari\/"},"featured_img":null,"coauthors":[],"tax_additional":{"categories":{"linked":["<a href=\"https:\/\/sindaopcpb.org.br\/barometro-do-poder\/\" class=\"advgb-post-tax-term\">Bar\u00f4metro do Poder<\/a>","<a href=\"https:\/\/sindaopcpb.org.br\/camara-dos-deputados\/\" class=\"advgb-post-tax-term\">C\u00e2mara dos Deputados<\/a>","<a href=\"https:\/\/sindaopcpb.org.br\/congresso-nacional\/\" class=\"advgb-post-tax-term\">Congresso Nacional<\/a>","<a href=\"https:\/\/sindaopcpb.org.br\/g1\/\" class=\"advgb-post-tax-term\">G1<\/a>","<a href=\"https:\/\/sindaopcpb.org.br\/impostos\/\" class=\"advgb-post-tax-term\">Impostos<\/a>","<a href=\"https:\/\/sindaopcpb.org.br\/luiz-inacio-lula-da-silva\/\" class=\"advgb-post-tax-term\">Luiz In\u00e1cio Lula da Silva<\/a>","<a href=\"https:\/\/sindaopcpb.org.br\/politica\/\" class=\"advgb-post-tax-term\">POLITICA<\/a>","<a href=\"https:\/\/sindaopcpb.org.br\/reforma-tributaria\/\" class=\"advgb-post-tax-term\">reforma tribut\u00e1ria<\/a>","<a href=\"https:\/\/sindaopcpb.org.br\/senado\/\" class=\"advgb-post-tax-term\">Senado<\/a>"],"unlinked":["<span class=\"advgb-post-tax-term\">Bar\u00f4metro do Poder<\/span>","<span class=\"advgb-post-tax-term\">C\u00e2mara dos Deputados<\/span>","<span class=\"advgb-post-tax-term\">Congresso Nacional<\/span>","<span class=\"advgb-post-tax-term\">G1<\/span>","<span class=\"advgb-post-tax-term\">Impostos<\/span>","<span class=\"advgb-post-tax-term\">Luiz In\u00e1cio Lula da Silva<\/span>","<span class=\"advgb-post-tax-term\">POLITICA<\/span>","<span class=\"advgb-post-tax-term\">reforma tribut\u00e1ria<\/span>","<span class=\"advgb-post-tax-term\">Senado<\/span>"]},"tags":{"linked":["<a href=\"https:\/\/sindaopcpb.org.br\/senado\/\" class=\"advgb-post-tax-term\">g1<\/a>"],"unlinked":["<span class=\"advgb-post-tax-term\">g1<\/span>"]}},"comment_count":"0","relative_dates":{"created":"Publicado 3 anos atr\u00e1s","modified":"Atualizado 3 anos atr\u00e1s"},"absolute_dates":{"created":"Publicado em 7 de agosto de 2023","modified":"Atualizado em 7 de agosto de 2023"},"absolute_dates_time":{"created":"Publicado em 7 de agosto de 2023 10:55","modified":"Atualizado em 7 de agosto de 2023 10:55"},"featured_img_caption":"","series_order":"","_links":{"self":[{"href":"https:\/\/sindaopcpb.org.br\/index.php\/wp-json\/wp\/v2\/posts\/28570","targetHints":{"allow":["GET"]}}],"collection":[{"href":"https:\/\/sindaopcpb.org.br\/index.php\/wp-json\/wp\/v2\/posts"}],"about":[{"href":"https:\/\/sindaopcpb.org.br\/index.php\/wp-json\/wp\/v2\/types\/post"}],"author":[{"embeddable":true,"href":"https:\/\/sindaopcpb.org.br\/index.php\/wp-json\/wp\/v2\/users\/52"}],"replies":[{"embeddable":true,"href":"https:\/\/sindaopcpb.org.br\/index.php\/wp-json\/wp\/v2\/comments?post=28570"}],"version-history":[{"count":1,"href":"https:\/\/sindaopcpb.org.br\/index.php\/wp-json\/wp\/v2\/posts\/28570\/revisions"}],"predecessor-version":[{"id":28571,"href":"https:\/\/sindaopcpb.org.br\/index.php\/wp-json\/wp\/v2\/posts\/28570\/revisions\/28571"}],"wp:attachment":[{"href":"https:\/\/sindaopcpb.org.br\/index.php\/wp-json\/wp\/v2\/media?parent=28570"}],"wp:term":[{"taxonomy":"category","embeddable":true,"href":"https:\/\/sindaopcpb.org.br\/index.php\/wp-json\/wp\/v2\/categories?post=28570"},{"taxonomy":"post_tag","embeddable":true,"href":"https:\/\/sindaopcpb.org.br\/index.php\/wp-json\/wp\/v2\/tags?post=28570"}],"curies":[{"name":"wp","href":"https:\/\/api.w.org\/{rel}","templated":true}]}}