{"id":28568,"date":"2023-08-07T09:53:58","date_gmt":"2023-08-07T12:53:58","guid":{"rendered":"https:\/\/www.infomoney.com.br\/?p=2207423"},"modified":"2023-08-07T09:53:58","modified_gmt":"2023-08-07T12:53:58","slug":"cupula-da-amazonia-deve-ter-divisoes-sobre-petroleo-e-desmatamento","status":"publish","type":"post","link":"https:\/\/sindaopcpb.org.br\/index.php\/2023\/08\/07\/cupula-da-amazonia-deve-ter-divisoes-sobre-petroleo-e-desmatamento\/","title":{"rendered":"C\u00fapula da Amaz\u00f4nia deve ter divis\u00f5es sobre petr\u00f3leo e desmatamento"},"content":{"rendered":"<p><img loading=\"lazy\" width=\"300\" height=\"175\" src=\"https:\/\/www.infomoney.com.br\/wp-content\/uploads\/2022\/10\/Amazonia-floresta-1024x597-1.webp?fit=300%2C175&amp;quality=70&amp;strip=all\" class=\"attachment-medium size-medium wp-post-image\" alt=\"\" decoding=\"async\" style=\"float:right; margin:0 0 10px 10px;\" srcset=\"https:\/\/www.infomoney.com.br\/wp-content\/uploads\/2022\/10\/Amazonia-floresta-1024x597-1.webp?w=1024&amp;quality=70&amp;strip=all 1024w, https:\/\/www.infomoney.com.br\/wp-content\/uploads\/2022\/10\/Amazonia-floresta-1024x597-1.webp?w=300&amp;quality=70&amp;strip=all 300w, https:\/\/www.infomoney.com.br\/wp-content\/uploads\/2022\/10\/Amazonia-floresta-1024x597-1.webp?w=768&amp;quality=70&amp;strip=all 768w, https:\/\/www.infomoney.com.br\/wp-content\/uploads\/2022\/10\/Amazonia-floresta-1024x597-1.webp?w=150&amp;quality=70&amp;strip=all 150w\" sizes=\"auto, (max-width: 300px) 100vw, 300px\" data-attachment-id=\"1966345\" data-permalink=\"https:\/\/www.infomoney.com.br\/amazonia-floresta-1024x597\/\" data-orig-file=\"https:\/\/www.infomoney.com.br\/wp-content\/uploads\/2022\/10\/Amazonia-floresta-1024x597-1.webp?fit=1024%2C597&amp;quality=70&amp;strip=all\" data-orig-size=\"1024,597\" data-comments-opened=\"0\" data-image-meta=\"{&quot;aperture&quot;:&quot;0&quot;,&quot;credit&quot;:&quot;&quot;,&quot;camera&quot;:&quot;&quot;,&quot;caption&quot;:&quot;&quot;,&quot;created_timestamp&quot;:&quot;0&quot;,&quot;copyright&quot;:&quot;&quot;,&quot;focal_length&quot;:&quot;0&quot;,&quot;iso&quot;:&quot;0&quot;,&quot;shutter_speed&quot;:&quot;0&quot;,&quot;title&quot;:&quot;&quot;,&quot;orientation&quot;:&quot;0&quot;}\" data-image-title=\"Amaz\u00f4nia-floresta-1024&#215;597\" data-image-description=\"\" data-image-caption=\"&lt;p&gt;Rio da Amaz\u00f4nia&lt;\/p&gt;\n\" data-medium-file=\"https:\/\/www.infomoney.com.br\/wp-content\/uploads\/2022\/10\/Amazonia-floresta-1024x597-1.webp?fit=300%2C175&amp;quality=70&amp;strip=all\" data-large-file=\"https:\/\/www.infomoney.com.br\/wp-content\/uploads\/2022\/10\/Amazonia-floresta-1024x597-1.webp?fit=1024%2C597&amp;quality=70&amp;strip=all\" title=\"\"><\/p>\n<p>Oito pa&iacute;ses amaz&ocirc;nicos, incluindo o Brasil, devem enfrentar divis&otilde;es sobre propostas para bloquear novas perfura&ccedil;&otilde;es de petr&oacute;leo e acabar com o desmatamento quando se reunirem na ter&ccedil;a-feira para sua primeira c&uacute;pula em 14 anos.<\/p>\n<p>O encontro da Organiza&ccedil;&atilde;o do Tratado de Coopera&ccedil;&atilde;o Amaz&ocirc;nica (OTCA) re&uacute;ne chefes de Estado de Bol&iacute;via, Brasil, Col&ocirc;mbia, Equador, Guiana, Peru, Suriname e Venezuela durante dois dias em Bel&eacute;m, no Par&aacute;.<\/p>\n<p>A c&uacute;pula ter&aacute; como objetivo moldar pol&iacute;ticas, objetivos e posi&ccedil;&otilde;es unificadas em negocia&ccedil;&otilde;es internacionais sobre cerca de 130 quest&otilde;es, desde financiamento para o desenvolvimento sustent&aacute;vel at&eacute; inclus&atilde;o ind&iacute;gena.<\/p>\n<p>Mas em uma reuni&atilde;o pr&eacute;-c&uacute;pula no m&ecirc;s passado, o presidente colombiano, Gustavo Petro, pressionou o presidente Luiz In&aacute;cio Lula da Silva a barrar todo novo desenvolvimento de petr&oacute;leo na Amaz&ocirc;nia. O Brasil est&aacute; avaliando se deve desenvolver uma descoberta de petr&oacute;leo offshore potencialmente grande perto da foz do rio Amazonas.<\/p>\n<p>&ldquo;Vamos deixar que os hidrocarbonetos sejam explorados na selva amaz&ocirc;nica? Entreg&aacute;-los como blocos de explora&ccedil;&atilde;o?&rdquo;, perguntou Petro em discurso ao lado de Lula.<\/p>\n<p>Dias depois, Petro destacou a quest&atilde;o em um artigo no Miami Herald, escrevendo: &ldquo;Como chefes de Estado, precisamos garantir o fim da nova explora&ccedil;&atilde;o de petr&oacute;leo e g&aacute;s na Amaz&ocirc;nia&rdquo;.<\/p>\n<p>O debate sobre a extra&ccedil;&atilde;o de petr&oacute;leo perto da foz do Amazonas provocou uma disputa interna no governo de sete meses de Lula, colocando defensores do desenvolvimento regional contra ambientalistas.<\/p>\n<p>Questionados se o petr&oacute;leo seria considerado na c&uacute;pula, diplomatas brasileiros disseram a jornalistas na semana passada que uma declara&ccedil;&atilde;o conjunta ainda estava sendo negociada e o desenvolvimento econ&ocirc;mico mais amplo estava em discuss&atilde;o.<\/p>\n<p>Uma fonte do governo brasileiro afirmou que a Col&ocirc;mbia est&aacute; em uma posi&ccedil;&atilde;o f&aacute;cil para propor nenhuma nova perfura&ccedil;&atilde;o na Amaz&ocirc;nia porque n&atilde;o tem reservas significativas de petr&oacute;leo na regi&atilde;o, ao contr&aacute;rio do Brasil ou do Peru.<\/p>\n<p>Por sua vez, Lula pressionou na reuni&atilde;o pr&eacute;-c&uacute;pula em Leticia, na Col&ocirc;mbia, para que todos os pa&iacute;ses da regi&atilde;o se comprometam a acabar com o desmatamento at&eacute; 2030. Somente Bol&iacute;via e Venezuela ainda n&atilde;o assumiram esse compromisso.<\/p>\n<p>A Bol&iacute;via pode ser uma barreira para tal pacto regional de 2030, disse a fonte do governo brasileiro. A perda de florestas prim&aacute;rias aumentou 32% no ano passado em meio a inc&ecirc;ndios e &agrave; r&aacute;pida expans&atilde;o agr&iacute;cola, de acordo com o Global Forest Watch.<\/p>\n<p>O governo boliviano n&atilde;o respondeu a pedidos de coment&aacute;rios.<\/p>\n<p>Outras diferen&ccedil;as que podem surgir na c&uacute;pula s&atilde;o diverg&ecirc;ncias mais sutis sobre prioridades. A Col&ocirc;mbia sediou a reuni&atilde;o pr&eacute;-c&uacute;pula, onde o destaque da agenda foi a colabora&ccedil;&atilde;o transfronteiri&ccedil;a para enfrentar a crescente amea&ccedil;a de narcotraficantes que cometem crimes ambientais na Amaz&ocirc;nia.<\/p>\n<p>O Brasil, por outro lado, tem enfatizado as oportunidades para o desenvolvimento sustent&aacute;vel, refletindo a plataforma de campanha de Lula focada na conserva&ccedil;&atilde;o e redu&ccedil;&atilde;o da pobreza.<\/p>\n<\/p>\n<div class=\"cta-end\">\n<div class=\"im-cta\" >\n<div class=\"im-shortcode-forms bg-light bg-opacity-25 border rounded-4 p-3 p-sm-4 p-md-3 p-lg-4 px-xxl-5 my-5\" data-configuration='{\"form_name\":false,\"form_hat\":\"Newsletter\",\"form_email\":true,\"form_icon\":\"newsletter\",\"form_phone\":false,\"form_campaign\":\"NIM\",\"form_thankyou\":\"\",\"form_journey\":\"APIEvent-26a5198d-8e09-06ef-5f80-cd9127757ad1\",\"form_button\":\"Quero receber\",\"form_context\":\"newsletter\",\"form_origin\":\"https:\\\/\\\/www.infomoney.com.br\\\/politica\\\/feed\\\/?utm_medium=materia&#038;utm_source=infomoney&#038;utm_campaign=NIM&#038;utm_term=politica&#038;utm_content=newsletter\",\"form_position\":\"final\",\"form_category\":\"cta_form\"}'>\n<div class=\"d-flex flex-column align-items-center align-items-lg-start mb-4 flex-lg-row\">\n<div class=\"rounded-circle mb-2 mb-lg-0 mr-lg-4 me-lg-4 p-3 p-lg-4 bg-blue-400\"><svg width=\"40\" height=\"40\" viewBox=\"0 0 40 40\" fill=\"none\" xmlns=\"http:\/\/www.w3.org\/2000\/svg\"><path d=\"M20 20.25 6.042 11.042v19.041c0 .167.048.299.146.396a.535.535 0 0 0 .395.146h15.792V32.5H6.583a2.328 2.328 0 0 1-1.708-.708 2.328 2.328 0 0 1-.708-1.709V9.917c0-.667.236-1.236.708-1.709A2.328 2.328 0 0 1 6.583 7.5h26.834c.666 0 1.236.236 1.708.708a2.33 2.33 0 0 1 .708 1.709v12.458h-1.875V11.042L20 20.25Zm0-2 13.667-8.875H6.333L20 18.25Zm11.75 18.958-1.292-1.333 3.334-3.375h-9v-1.875h9l-3.375-3.417 1.333-1.291 5.667 5.625-5.667 5.666ZM6.042 11.042v20.791-9.458.25-13.25 1.667Z\" fill=\"#fff\"\/><\/svg><\/div>\n<div class=\"flex-fill text-center text-lg-left\">\n<div class=\"h6 small text-orange-700 lh-base mb-1\">Newsletter<\/div>\n<div class=\"text-body h4 m-0\">Infomorning<\/div>\n<div class=\"text-body small lh-base mt-2\">Receba no seu e-mail logo pela manh&atilde; as not&iacute;cias que v&atilde;o mexer com os mercados, com os seus investimentos e o seu bolso durante o dia<\/div>\n<\/div>\n<\/div>\n<\/div>\n<\/div>\n<\/div>\n<p>The post <a rel=\"nofollow noopener\" href=\"https:\/\/www.infomoney.com.br\/politica\/cupula-da-amazonia-deve-ter-divisoes-sobre-petroleo-e-desmatamento\/\" target=\"_blank\">C\u00fapula da Amaz\u00f4nia deve ter divis\u00f5es sobre petr\u00f3leo e desmatamento<\/a> appeared first on <a rel=\"nofollow noopener\" href=\"https:\/\/www.infomoney.com.br\/\" target=\"_blank\">InfoMoney<\/a>.<\/p>\n","protected":false},"excerpt":{"rendered":"<p><img loading=\"lazy\" decoding=\"async\" width=\"300\" height=\"175\" src=\"https:\/\/www.infomoney.com.br\/wp-content\/uploads\/2022\/10\/Amazonia-floresta-1024x597-1.webp?fit=300%2C175&amp;quality=70&amp;strip=all\" class=\"attachment-medium size-medium wp-post-image\" alt=\"\" data-attachment-id=\"1966345\" data-permalink=\"https:\/\/www.infomoney.com.br\/amazonia-floresta-1024x597\/\" data-orig-file=\"https:\/\/www.infomoney.com.br\/wp-content\/uploads\/2022\/10\/Amazonia-floresta-1024x597-1.webp?fit=1024%2C597&amp;quality=70&amp;strip=all\" data-orig-size=\"1024,597\" data-comments-opened=\"0\" data-image-meta='{\"aperture\":\"0\",\"credit\":\"\",\"camera\":\"\",\"caption\":\"\",\"created_timestamp\":\"0\",\"copyright\":\"\",\"focal_length\":\"0\",\"iso\":\"0\",\"shutter_speed\":\"0\",\"title\":\"\",\"orientation\":\"0\"}' data-image-title=\"Amaz\u00f4nia-floresta-1024\u00d7597\" data-image-description=\"\" data-image-caption=\"&lt;p&gt;Rio da Amaz\u00f4nia&lt;\/p&gt;\n\" data-medium-file=\"https:\/\/www.infomoney.com.br\/wp-content\/uploads\/2022\/10\/Amazonia-floresta-1024x597-1.webp?fit=300%2C175&amp;quality=70&amp;strip=all\" data-large-file=\"https:\/\/www.infomoney.com.br\/wp-content\/uploads\/2022\/10\/Amazonia-floresta-1024x597-1.webp?fit=1024%2C597&amp;quality=70&amp;strip=all\">Presidente colombiano, Gustavo Petro, tem pressionado Lula a barrar todo novo desenvolvimento de petr\u00f3leo na Amaz\u00f4nia<\/p>\n<p>The post <a rel=\"nofollow\" href=\"https:\/\/www.infomoney.com.br\/politica\/cupula-da-amazonia-deve-ter-divisoes-sobre-petroleo-e-desmatamento\/\">C\u00fapula da Amaz\u00f4nia deve ter divis\u00f5es sobre petr\u00f3leo e desmatamento<\/a> appeared first on <a rel=\"nofollow\" href=\"https:\/\/www.infomoney.com.br\/\">InfoMoney<\/a>.<\/p>\n","protected":false},"author":46,"featured_media":0,"comment_status":"closed","ping_status":"closed","sticky":false,"template":"","format":"standard","meta":{"advgb_blocks_editor_width":"","advgb_blocks_columns_visual_guide":"","footnotes":""},"categories":[644,140,34,129,646,47,125],"tags":[35],"class_list":["post-28568","post","type-post","status-publish","format-standard","hentry","category-amazonia","category-desenvolvimento","category-g1","category-luiz-inacio-lula-da-silva","category-petroleo","category-politica","category-politica-externa","tag-g1"],"author_meta":{"display_name":"Reuters","author_link":"https:\/\/sindaopcpb.org.br\/author\/reuters\/"},"featured_img":null,"coauthors":[],"tax_additional":{"categories":{"linked":["<a href=\"https:\/\/sindaopcpb.org.br\/amazonia\/\" class=\"advgb-post-tax-term\">Amaz\u00f4nia<\/a>","<a href=\"https:\/\/sindaopcpb.org.br\/desenvolvimento\/\" class=\"advgb-post-tax-term\">Desenvolvimento<\/a>","<a href=\"https:\/\/sindaopcpb.org.br\/g1\/\" class=\"advgb-post-tax-term\">G1<\/a>","<a href=\"https:\/\/sindaopcpb.org.br\/luiz-inacio-lula-da-silva\/\" class=\"advgb-post-tax-term\">Luiz In\u00e1cio Lula da Silva<\/a>","<a href=\"https:\/\/sindaopcpb.org.br\/petroleo\/\" class=\"advgb-post-tax-term\">Petr\u00f3leo<\/a>","<a href=\"https:\/\/sindaopcpb.org.br\/politica\/\" class=\"advgb-post-tax-term\">POLITICA<\/a>","<a href=\"https:\/\/sindaopcpb.org.br\/politica-externa\/\" class=\"advgb-post-tax-term\">Pol\u00edtica externa<\/a>"],"unlinked":["<span class=\"advgb-post-tax-term\">Amaz\u00f4nia<\/span>","<span class=\"advgb-post-tax-term\">Desenvolvimento<\/span>","<span class=\"advgb-post-tax-term\">G1<\/span>","<span class=\"advgb-post-tax-term\">Luiz In\u00e1cio Lula da Silva<\/span>","<span class=\"advgb-post-tax-term\">Petr\u00f3leo<\/span>","<span class=\"advgb-post-tax-term\">POLITICA<\/span>","<span class=\"advgb-post-tax-term\">Pol\u00edtica externa<\/span>"]},"tags":{"linked":["<a href=\"https:\/\/sindaopcpb.org.br\/politica-externa\/\" class=\"advgb-post-tax-term\">g1<\/a>"],"unlinked":["<span class=\"advgb-post-tax-term\">g1<\/span>"]}},"comment_count":"0","relative_dates":{"created":"Publicado 3 anos atr\u00e1s","modified":"Atualizado 3 anos atr\u00e1s"},"absolute_dates":{"created":"Publicado em 7 de agosto de 2023","modified":"Atualizado em 7 de agosto de 2023"},"absolute_dates_time":{"created":"Publicado em 7 de agosto de 2023 09:53","modified":"Atualizado em 7 de agosto de 2023 09:53"},"featured_img_caption":"","series_order":"","_links":{"self":[{"href":"https:\/\/sindaopcpb.org.br\/index.php\/wp-json\/wp\/v2\/posts\/28568","targetHints":{"allow":["GET"]}}],"collection":[{"href":"https:\/\/sindaopcpb.org.br\/index.php\/wp-json\/wp\/v2\/posts"}],"about":[{"href":"https:\/\/sindaopcpb.org.br\/index.php\/wp-json\/wp\/v2\/types\/post"}],"author":[{"embeddable":true,"href":"https:\/\/sindaopcpb.org.br\/index.php\/wp-json\/wp\/v2\/users\/46"}],"replies":[{"embeddable":true,"href":"https:\/\/sindaopcpb.org.br\/index.php\/wp-json\/wp\/v2\/comments?post=28568"}],"version-history":[{"count":1,"href":"https:\/\/sindaopcpb.org.br\/index.php\/wp-json\/wp\/v2\/posts\/28568\/revisions"}],"predecessor-version":[{"id":28569,"href":"https:\/\/sindaopcpb.org.br\/index.php\/wp-json\/wp\/v2\/posts\/28568\/revisions\/28569"}],"wp:attachment":[{"href":"https:\/\/sindaopcpb.org.br\/index.php\/wp-json\/wp\/v2\/media?parent=28568"}],"wp:term":[{"taxonomy":"category","embeddable":true,"href":"https:\/\/sindaopcpb.org.br\/index.php\/wp-json\/wp\/v2\/categories?post=28568"},{"taxonomy":"post_tag","embeddable":true,"href":"https:\/\/sindaopcpb.org.br\/index.php\/wp-json\/wp\/v2\/tags?post=28568"}],"curies":[{"name":"wp","href":"https:\/\/api.w.org\/{rel}","templated":true}]}}