{"id":28273,"date":"2023-08-04T09:17:31","date_gmt":"2023-08-04T12:17:31","guid":{"rendered":"https:\/\/g1.globo.com\/pb\/paraiba\/noticia\/2023\/08\/04\/caso-ana-sophia-1-mes-apos-desaparecimento-policia-tenta-descobrir-que-crime-foi-cometido-contra-a-menina.ghtml"},"modified":"2023-08-04T09:17:31","modified_gmt":"2023-08-04T12:17:31","slug":"caso-ana-sophia-1-mes-apos-desaparecimento-policia-tenta-descobrir-que-crime-foi-cometido-contra-a-menina","status":"publish","type":"post","link":"https:\/\/sindaopcpb.org.br\/index.php\/2023\/08\/04\/caso-ana-sophia-1-mes-apos-desaparecimento-policia-tenta-descobrir-que-crime-foi-cometido-contra-a-menina\/","title":{"rendered":"Caso Ana Sophia: 1 m\u00eas ap\u00f3s desaparecimento, pol\u00edcia tenta descobrir que crime foi cometido contra a menina"},"content":{"rendered":"   <img src=\"https:\/\/s2.glbimg.com\/hs0wdUa2IjvwzreKYHPZeYde8Xg=\/i.s3.glbimg.com\/v1\/AUTH_59edd422c0c84a879bd37670ae4f538a\/internal_photos\/bs\/2023\/2\/W\/LVollGQyS5Etxyt6BD6w\/sofia-menina-desaparecida.jpeg\" \/><br \/>     \u00daltima novidade do caso \u00e9 a cria\u00e7\u00e3o de uma for\u00e7a-investigativa exclusiva formada por 11 agentes da Pol\u00edcia Civil.  Sofia Gomes desapareceu enquanto brincava perto de casa, na PB\nMaria das Gra\u00e7as Gomes\/Arquivo pessoal \nO desaparecimento de Ana Sophia, de 8 anos, completou um m\u00eas nesta sexta-feira (4) sem nenhuma resposta sobre o que pode ter acontecido com ela. Foram realizadas buscas, per\u00edcias e dezenas de depoimentos colhidos, mas ainda n\u00e3o foi poss\u00edvel descobrir qual crime foi cometido contra a menina, o que impede o andamento do caso. Ana Sophia est\u00e1 desaparecida desde o in\u00edcio de julho. \n\u201cTodo trabalho est\u00e1 sendo feito para que a gente localize Ana Sophia, isso eu posso garantir. Per\u00edcias foram realizadas, 44 pessoas foram ouvidas e buscas aconteceram\u201d, afirmou a delegada.\nA \u00faltima novidade sobre o desaparecimento \u00e9 a cria\u00e7\u00e3o de uma for\u00e7a-investigativa exclusiva, formada por dois delegados, um escriv\u00e3o e oito investigadores da Pol\u00edcia Civil. Ma\u00edra Roberta \u00e9 uma das delegadas que integram o grupo e explica que a estrat\u00e9gia \u00e9 baseada em outros casos de desaparecimento da Para\u00edba e em experi\u00eancias de outros estados que renderam resultados positivos.\nCASO ANA SOPHIA: o que se sabe sobre menina que desapareceu em Bananeiras\nA delegada Ma\u00edra Roberta explica que no in\u00edcio das investiga\u00e7\u00f5es existia a possibilidade da menina estar perdida na mata, ent\u00e3o houve um foco grande em realizar buscas na regi\u00e3o em busca de um corpo, com o trabalho conjunto do Corpo de Bombeiro, Pol\u00edcia Militar e Pol\u00edcia Civil. Agora, o foco \u00e9 descobrir o que aconteceu com a crian\u00e7a.\nSegundo a delegada, \u00e9 importante descobrir qual crime aconteceu para determinar uma linha de investiga\u00e7\u00e3o e descobrir a motiva\u00e7\u00e3o. Ela acredita que a sa\u00edda de Ana Sophia n\u00e3o tenha sido volunt\u00e1ria, principalmente pela idade da crian\u00e7a, e que provavelmente houve um crime, seja ele de sequestro ou homic\u00eddio. Mas a Pol\u00edcia Civil ainda n\u00e3o sabe determinar qual crime foi esse e busca essas respostas para poder explicar o desaparecimento.\nA delegada tamb\u00e9m explica que a Pol\u00edcia Civil mant\u00e9m contato com as equipes de outros estados, que trabalham em parceria e apuram poss\u00edveis informa\u00e7\u00f5es sobre a localiza\u00e7\u00e3o da menina.\nV\u00eddeo mostra Ana Sophia na frente da casa de uma amiga, em Bananeiras\nReprodu\u00e7\u00e3o\/TV Cabo Branco\nMa\u00edra Roberta lamenta n\u00e3o poder cravar um tempo para concluir as investiga\u00e7\u00f5es e explicar o que aconteceu. Segundo ela, o tempo da investiga\u00e7\u00e3o corre diferente do nosso e \u00e9 necess\u00e1rio esperar as respostas que os investigadores v\u00e3o encontrar. \n\u201cComo eu costumo dizer, o tempo da investiga\u00e7\u00e3o \u00e9 diferente do tempo em que a gente anseia por uma resposta. A gente gostaria de dizer que em cinco dias vamos dar uma resposta (sobre o que aconteceu com a menina), mas temos muita responsabilidade com o nosso trabalho\u201d, afirmou. \nCronologia do desaparecimento de Ana Sophia\nCaso Ana Sophia: \u00faltimas imagens da menina antes dela desaparecer na Para\u00edba\nNa ter\u00e7a-feira, 4 de julho, por volta das 12h, Ana Sophia pediu \u00e0 m\u00e3e para ir brincar na casa de uma colega, como de costume. A menina de 8 anos era acostumada a andar pelas ruas do pequeno distrito. Ela se despediu por tr\u00eas vezes e saiu usando um vestido azul florido.\nAna Sophia foi at\u00e9 a casa da colega, mas n\u00e3o permaneceu por muito tempo, pois a menina estava de sa\u00edda com a fam\u00edlia para Sol\u00e2nea.\nUma c\u00e2mera de seguran\u00e7a registrou Ana Sophia se despedindo da colega e retornando, como se estivesse voltando para casa, no entanto, ela nunca chegou na sua resid\u00eancia. Aquele foi o \u00faltimo registro da crian\u00e7a. A suspeita \u00e9 de que ela tenha desaparecido nesse trajeto.\nCasa onde Ana Sophia foi vista pela \u00faltima vez \nSilvia Torres\/TV Cabo Branco \nNo mesmo dia, a fam\u00edlia de Ana Sophia registrou na pol\u00edcia o desaparecimento, e as buscas come\u00e7aram no dia seguinte.\nInvestiga\u00e7\u00f5es\nBuscas a Ana Sophia chegam ao d\u00e9cimo dia\nTV Cabo Branco\/Reprodu\u00e7\u00e3o\nNa quarta-feira, 5 de julho, a Pol\u00edcia Civil come\u00e7ou a procurar pela menina, com apoio da Pol\u00edcia Militar e Corpo de Bombeiros. Uma for\u00e7a-tarefa foi montada, e as buscas j\u00e1 aconteceram na casa da menina, em im\u00f3veis vizinhos, em a\u00e7udes e nas matas da regi\u00e3o. Foram usados c\u00e3es farejadores, drones, helic\u00f3ptero, mergulhadores dos Bombeiros e at\u00e9 retroescavadeira para reduzir o volume de um a\u00e7ude.\nO delegado Di\u00f3genes Fernandes, da delegacia de Sol\u00e2nea, que tamb\u00e9m acompanhava o caso, disse que, por causa do tempo do desaparecimento, a hip\u00f3tese de homic\u00eddio passou a ser considerada. No entanto, h\u00e1 tamb\u00e9m a possibilidade de um sequestro. O delegado tamb\u00e9m afirmou que a pol\u00edcia considera a hip\u00f3tese de que a menina tenha sido v\u00edtima de um crime cometido por algu\u00e9m pr\u00f3ximo.\nUm v\u00eddeo que mostra uma crian\u00e7a entrando em uma casa, numa rua pr\u00f3xima de onde a menina desapareceu, tamb\u00e9m foi investigado pela pol\u00edcia. N\u00e3o se sabe ao certo se \u00e9 Ana Sophia na imagem por causa da dist\u00e2ncia e da qualidade do v\u00eddeo. Mas a casa foi toda vistoriada h\u00e1 uma semana e nada foi encontrado. No local e na vizinhan\u00e7a moram outras crian\u00e7as.\nNa sexta-feira (28), a Pol\u00edcia Civil anunciou a cria\u00e7\u00e3o de uma for\u00e7a-investigativa com 10 agentes que devem atuar exclusivamente nas investiga\u00e7\u00f5es sobre o desaparecimento de Ana Sophia. S\u00e3o dois novos delegados, um escriv\u00e3o e oito investigadores. Entre eles, a delegada Ma\u00edra Roberta.\nCorpo de Bombeiros trabalha para reduzir volume de a\u00e7ude durante as buscas a Ana Sophia\nV\u00eddeos mais assistidos do g1 Para\u00edba  ","protected":false},"excerpt":{"rendered":"<p>        \u00daltima novidade do caso \u00e9 a cria\u00e7\u00e3o de uma for\u00e7a-investigativa exclusiva formada por 11 agentes da Pol\u00edcia Civil.  Sofia Gomes desapareceu enquanto brincava perto de casa, na PB<br \/>\nMaria das Gra\u00e7as Gomes\/Arquivo pessoal<br \/>\nO desaparecimento de Ana S&#8230;<\/p>\n","protected":false},"author":2,"featured_media":0,"comment_status":"closed","ping_status":"closed","sticky":false,"template":"","format":"standard","meta":{"advgb_blocks_editor_width":"","advgb_blocks_columns_visual_guide":"","footnotes":""},"categories":[34],"tags":[35],"class_list":["post-28273","post","type-post","status-publish","format-standard","hentry","category-g1","tag-g1"],"author_meta":{"display_name":"g1 &gt; Para\u00edba","author_link":"https:\/\/sindaopcpb.org.br\/author\/g1-paraiba\/"},"featured_img":null,"coauthors":[],"tax_additional":{"categories":{"linked":["<a href=\"https:\/\/sindaopcpb.org.br\/g1\/\" class=\"advgb-post-tax-term\">G1<\/a>"],"unlinked":["<span class=\"advgb-post-tax-term\">G1<\/span>"]},"tags":{"linked":["<a href=\"https:\/\/sindaopcpb.org.br\/g1\/\" class=\"advgb-post-tax-term\">g1<\/a>"],"unlinked":["<span class=\"advgb-post-tax-term\">g1<\/span>"]}},"comment_count":"0","relative_dates":{"created":"Publicado 3 anos atr\u00e1s","modified":"Atualizado 3 anos atr\u00e1s"},"absolute_dates":{"created":"Publicado em 4 de agosto de 2023","modified":"Atualizado em 4 de agosto de 2023"},"absolute_dates_time":{"created":"Publicado em 4 de agosto de 2023 09:17","modified":"Atualizado em 4 de agosto de 2023 09:17"},"featured_img_caption":"","series_order":"","_links":{"self":[{"href":"https:\/\/sindaopcpb.org.br\/index.php\/wp-json\/wp\/v2\/posts\/28273","targetHints":{"allow":["GET"]}}],"collection":[{"href":"https:\/\/sindaopcpb.org.br\/index.php\/wp-json\/wp\/v2\/posts"}],"about":[{"href":"https:\/\/sindaopcpb.org.br\/index.php\/wp-json\/wp\/v2\/types\/post"}],"author":[{"embeddable":true,"href":"https:\/\/sindaopcpb.org.br\/index.php\/wp-json\/wp\/v2\/users\/2"}],"replies":[{"embeddable":true,"href":"https:\/\/sindaopcpb.org.br\/index.php\/wp-json\/wp\/v2\/comments?post=28273"}],"version-history":[{"count":1,"href":"https:\/\/sindaopcpb.org.br\/index.php\/wp-json\/wp\/v2\/posts\/28273\/revisions"}],"predecessor-version":[{"id":28274,"href":"https:\/\/sindaopcpb.org.br\/index.php\/wp-json\/wp\/v2\/posts\/28273\/revisions\/28274"}],"wp:attachment":[{"href":"https:\/\/sindaopcpb.org.br\/index.php\/wp-json\/wp\/v2\/media?parent=28273"}],"wp:term":[{"taxonomy":"category","embeddable":true,"href":"https:\/\/sindaopcpb.org.br\/index.php\/wp-json\/wp\/v2\/categories?post=28273"},{"taxonomy":"post_tag","embeddable":true,"href":"https:\/\/sindaopcpb.org.br\/index.php\/wp-json\/wp\/v2\/tags?post=28273"}],"curies":[{"name":"wp","href":"https:\/\/api.w.org\/{rel}","templated":true}]}}