{"id":28232,"date":"2023-08-03T16:39:41","date_gmt":"2023-08-03T19:39:41","guid":{"rendered":"https:\/\/www.infomoney.com.br\/?p=2205459"},"modified":"2023-08-03T16:39:41","modified_gmt":"2023-08-03T19:39:41","slug":"reforma-tributaria-comeca-a-tramitar-no-senado-apos-entrega-de-texto-por-lira-a-pacheco","status":"publish","type":"post","link":"https:\/\/sindaopcpb.org.br\/index.php\/2023\/08\/03\/reforma-tributaria-comeca-a-tramitar-no-senado-apos-entrega-de-texto-por-lira-a-pacheco\/","title":{"rendered":"Reforma tribut\u00e1ria come\u00e7a a tramitar no Senado ap\u00f3s entrega de texto por Lira a Pacheco"},"content":{"rendered":"<p><img loading=\"lazy\" width=\"300\" height=\"200\" src=\"https:\/\/www.infomoney.com.br\/wp-content\/uploads\/2023\/02\/Pacheco1.jpg?fit=300%2C200&amp;quality=70&amp;strip=all\" class=\"attachment-medium size-medium wp-post-image\" alt=\"\" decoding=\"async\" style=\"float:right; margin:0 0 10px 10px;\" srcset=\"https:\/\/www.infomoney.com.br\/wp-content\/uploads\/2023\/02\/Pacheco1.jpg?w=799&amp;quality=70&amp;strip=all 799w, https:\/\/www.infomoney.com.br\/wp-content\/uploads\/2023\/02\/Pacheco1.jpg?w=300&amp;quality=70&amp;strip=all 300w, https:\/\/www.infomoney.com.br\/wp-content\/uploads\/2023\/02\/Pacheco1.jpg?w=768&amp;quality=70&amp;strip=all 768w, https:\/\/www.infomoney.com.br\/wp-content\/uploads\/2023\/02\/Pacheco1.jpg?w=150&amp;quality=70&amp;strip=all 150w\" sizes=\"auto, (max-width: 300px) 100vw, 300px\" data-attachment-id=\"2047398\" data-permalink=\"https:\/\/www.infomoney.com.br\/politica\/rodrigo-pacheco-e-reeleito-presidente-do-senado-federal\/attachment\/pacheco1\/\" data-orig-file=\"https:\/\/www.infomoney.com.br\/wp-content\/uploads\/2023\/02\/Pacheco1.jpg?fit=799%2C533&amp;quality=70&amp;strip=all\" data-orig-size=\"799,533\" data-comments-opened=\"0\" data-image-meta=\"{&quot;aperture&quot;:&quot;0&quot;,&quot;credit&quot;:&quot;Roque de S\\u00e1\\\/Ag\\u00eancia Senado&quot;,&quot;camera&quot;:&quot;&quot;,&quot;caption&quot;:&quot;&quot;,&quot;created_timestamp&quot;:&quot;0&quot;,&quot;copyright&quot;:&quot;Senado Federal do Brasil&quot;,&quot;focal_length&quot;:&quot;0&quot;,&quot;iso&quot;:&quot;0&quot;,&quot;shutter_speed&quot;:&quot;0&quot;,&quot;title&quot;:&quot;&quot;,&quot;orientation&quot;:&quot;0&quot;}\" data-image-title=\"Rodrigo Pacheco\" data-image-description=\"\" data-image-caption=\"&lt;p&gt;O presidente do Senado Federal, Rodrigo Pacheco (PSD-MG) durante sess\u00e3o plen\u00e1ria (Foto: Roque de S\u00e1\/Ag\u00eancia Senado)&lt;\/p&gt;\n\" data-medium-file=\"https:\/\/www.infomoney.com.br\/wp-content\/uploads\/2023\/02\/Pacheco1.jpg?fit=300%2C200&amp;quality=70&amp;strip=all\" data-large-file=\"https:\/\/www.infomoney.com.br\/wp-content\/uploads\/2023\/02\/Pacheco1.jpg?fit=799%2C533&amp;quality=70&amp;strip=all\" title=\"\"><\/p>\n<p>O presidente da C&acirc;mara dos Deputados, Arthur Lira (PP-AL), entregou pessoalmente, nesta quinta-feira (3), ao presidente do Senado Federal, Rodrigo Pacheco (PSD-MG), o texto da Proposta de Emenda &agrave; Constitui&ccedil;&atilde;o que trata da <strong>reforma tribut&aacute;ria<\/strong> dos impostos sobre o consumo (PEC 45\/2019).<\/p>\n<p>A mat&eacute;ria havia sido aprovada pelo plen&aacute;rio da C&acirc;mara dos Deputados, em dois turnos de vota&ccedil;&atilde;o, no in&iacute;cio de julho, pouco antes do &ldquo;recesso branco&rdquo; do Congresso Nacional. No gesto de defer&ecirc;ncia ao seu hom&oacute;logo no Senado Federal, Lira foi acompanhado de l&iacute;deres partid&aacute;rios.<\/p>\n<p>Ap&oacute;s o encontro, Pacheco disse que o momento representa um &ldquo;passo muito importante&rdquo; e que o Senado Federal recebe o texto com &ldquo;senso de urg&ecirc;ncia e de responsabilidade&rdquo;.<\/p>\n<p>&ldquo;A reforma tribut&aacute;ria &eacute; a parte principal e estruturante do desenvolvimento econ&ocirc;mico nacional, porque, de fato, vivemos uma realidade tribut&aacute;ria e de arrecada&ccedil;&atilde;o muito complexa, muito burocratizada, de muito dif&iacute;cil compreens&atilde;o&rdquo;, afirmou.<\/p>\n<p>Em um breve pronunciamento, Pacheco informou que despachar&aacute; a PEC para a Comiss&atilde;o de Constitui&ccedil;&atilde;o e Justi&ccedil;a (CCJ) do Senado Federal, que designar&aacute; o senador Eduardo Braga (AM), l&iacute;der do MDB na casa legislativa, como relator.<\/p>\n<p>Ele disse, ainda, que a Comiss&atilde;o de Assuntos Econ&ocirc;micos (CAE), embora n&atilde;o participe da tramita&ccedil;&atilde;o formal da mat&eacute;ria, apoiar&aacute; as discuss&otilde;es promovendo audi&ecirc;ncias p&uacute;blicas para amadurecer a an&aacute;lise do tema e a busca pela constru&ccedil;&atilde;o de consensos.<\/p>\n<p>Arthur Lira tamb&eacute;m exaltou o que chamou de &ldquo;momento significativo na vida do pa&iacute;s&rdquo; com o avan&ccedil;o do debate tribut&aacute;rio e destacou os impactos da PEC sobre a simplifica&ccedil;&atilde;o do sistema brasileiro, a n&atilde;o cumulatividade e o combate ao &ldquo;custo Brasil&rdquo; e &agrave; inseguran&ccedil;a jur&iacute;dica.<\/p>\n<p>&ldquo;Essa constru&ccedil;&atilde;o &eacute; fruto de muito di&aacute;logo. Di&aacute;logo com a sociedade civil, com a classe produtora. A parte federativa n&atilde;o foi esquecida em nenhum momento. Esse &eacute; o mister do Senado Federal. Todos os governadores foram consultados, conversados, puderam dar suas sugest&otilde;es. &Eacute; l&oacute;gico que uma mat&eacute;ria como essa, com a complexidade que tem, nem todo mundo fica satisfeito, mas ela tem uma espinha dorsal equivalente a um salto de qualidade para um mundo diferente do que vivemos hoje&rdquo;, disse.<\/p>\n<p>A expectativa de Lira e Pacheco &eacute; que o Senado Federal avance sobre a mat&eacute;ria ainda no segundo semestre para que o Congresso Nacional possa promulgar a emenda &agrave; Constitui&ccedil;&atilde;o ainda em 2023.<\/p>\n<\/p>\n<div class=\"cta-end\">\n<div class=\"im-cta\" >\n<div class=\"im-shortcode-forms bg-light bg-opacity-25 border rounded-4 p-3 p-sm-4 p-md-3 p-lg-4 px-xxl-5 my-5\" data-configuration='{\"form_name\":false,\"form_hat\":\"Newsletter\",\"form_email\":true,\"form_icon\":\"newsletter\",\"form_phone\":false,\"form_campaign\":\"NIM\",\"form_thankyou\":\"\",\"form_journey\":\"APIEvent-26a5198d-8e09-06ef-5f80-cd9127757ad1\",\"form_button\":\"Quero receber\",\"form_context\":\"newsletter\",\"form_origin\":\"https:\\\/\\\/www.infomoney.com.br\\\/politica\\\/feed\\\/?utm_medium=materia&#038;utm_source=infomoney&#038;utm_campaign=NIM&#038;utm_term=politica&#038;utm_content=newsletter\",\"form_position\":\"final\",\"form_category\":\"cta_form\"}'>\n<div class=\"d-flex flex-column align-items-center align-items-lg-start mb-4 flex-lg-row\">\n<div class=\"rounded-circle mb-2 mb-lg-0 mr-lg-4 me-lg-4 p-3 p-lg-4 bg-blue-400\"><svg width=\"40\" height=\"40\" viewBox=\"0 0 40 40\" fill=\"none\" xmlns=\"http:\/\/www.w3.org\/2000\/svg\"><path d=\"M20 20.25 6.042 11.042v19.041c0 .167.048.299.146.396a.535.535 0 0 0 .395.146h15.792V32.5H6.583a2.328 2.328 0 0 1-1.708-.708 2.328 2.328 0 0 1-.708-1.709V9.917c0-.667.236-1.236.708-1.709A2.328 2.328 0 0 1 6.583 7.5h26.834c.666 0 1.236.236 1.708.708a2.33 2.33 0 0 1 .708 1.709v12.458h-1.875V11.042L20 20.25Zm0-2 13.667-8.875H6.333L20 18.25Zm11.75 18.958-1.292-1.333 3.334-3.375h-9v-1.875h9l-3.375-3.417 1.333-1.291 5.667 5.625-5.667 5.666ZM6.042 11.042v20.791-9.458.25-13.25 1.667Z\" fill=\"#fff\"\/><\/svg><\/div>\n<div class=\"flex-fill text-center text-lg-left\">\n<div class=\"h6 small text-orange-700 lh-base mb-1\">Newsletter<\/div>\n<div class=\"text-body h4 m-0\">Infomorning<\/div>\n<div class=\"text-body small lh-base mt-2\">Receba no seu e-mail logo pela manh&atilde; as not&iacute;cias que v&atilde;o mexer com os mercados, com os seus investimentos e o seu bolso durante o dia<\/div>\n<\/div>\n<\/div>\n<\/div>\n<\/div>\n<\/div>\n<p>The post <a rel=\"nofollow noopener\" href=\"https:\/\/www.infomoney.com.br\/politica\/reforma-tributaria-comeca-a-tramitar-no-senado-apos-entrega-de-texto-por-lira-a-pacheco\/\" target=\"_blank\">Reforma tribut\u00e1ria come\u00e7a a tramitar no Senado ap\u00f3s entrega de texto por Lira a Pacheco<\/a> appeared first on <a rel=\"nofollow noopener\" href=\"https:\/\/www.infomoney.com.br\/\" target=\"_blank\">InfoMoney<\/a>.<\/p>\n","protected":false},"excerpt":{"rendered":"<p><img loading=\"lazy\" decoding=\"async\" width=\"300\" height=\"200\" src=\"https:\/\/www.infomoney.com.br\/wp-content\/uploads\/2023\/02\/Pacheco1.jpg?fit=300%2C200&amp;quality=70&amp;strip=all\" class=\"attachment-medium size-medium wp-post-image\" alt=\"\" data-attachment-id=\"2047398\" data-permalink=\"https:\/\/www.infomoney.com.br\/politica\/rodrigo-pacheco-e-reeleito-presidente-do-senado-federal\/attachment\/pacheco1\/\" data-orig-file=\"https:\/\/www.infomoney.com.br\/wp-content\/uploads\/2023\/02\/Pacheco1.jpg?fit=799%2C533&amp;quality=70&amp;strip=all\" data-orig-size=\"799,533\" data-comments-opened=\"0\" data-image-meta='{\"aperture\":\"0\",\"credit\":\"Roque de S\\u00e1\\\/Ag\\u00eancia Senado\",\"camera\":\"\",\"caption\":\"\",\"created_timestamp\":\"0\",\"copyright\":\"Senado Federal do Brasil\",\"focal_length\":\"0\",\"iso\":\"0\",\"shutter_speed\":\"0\",\"title\":\"\",\"orientation\":\"0\"}' data-image-title=\"Rodrigo Pacheco\" data-image-description=\"\" data-image-caption=\"&lt;p&gt;O presidente do Senado Federal, Rodrigo Pacheco (PSD-MG) durante sess\u00e3o plen\u00e1ria (Foto: Roque de S\u00e1\/Ag\u00eancia Senado)&lt;\/p&gt;\n\" data-medium-file=\"https:\/\/www.infomoney.com.br\/wp-content\/uploads\/2023\/02\/Pacheco1.jpg?fit=300%2C200&amp;quality=70&amp;strip=all\" data-large-file=\"https:\/\/www.infomoney.com.br\/wp-content\/uploads\/2023\/02\/Pacheco1.jpg?fit=799%2C533&amp;quality=70&amp;strip=all\">Expectativa \u00e9 que senadores aprovem texto no segundo semestre, permitindo promulga\u00e7\u00e3o da mat\u00e9ria ainda em 2023<\/p>\n<p>The post <a rel=\"nofollow\" href=\"https:\/\/www.infomoney.com.br\/politica\/reforma-tributaria-comeca-a-tramitar-no-senado-apos-entrega-de-texto-por-lira-a-pacheco\/\">Reforma tribut\u00e1ria come\u00e7a a tramitar no Senado ap\u00f3s entrega de texto por Lira a Pacheco<\/a> appeared first on <a rel=\"nofollow\" href=\"https:\/\/www.infomoney.com.br\/\">InfoMoney<\/a>.<\/p>\n","protected":false},"author":52,"featured_media":0,"comment_status":"closed","ping_status":"closed","sticky":false,"template":"","format":"standard","meta":{"advgb_blocks_editor_width":"","advgb_blocks_columns_visual_guide":"","footnotes":""},"categories":[275,276,69,34,47,191,589,403],"tags":[35],"class_list":["post-28232","post","type-post","status-publish","format-standard","hentry","category-arthur-lira","category-camara-dos-deputados","category-economia","category-g1","category-politica","category-reforma-tributaria","category-rodrigo-pacheco","category-senado","tag-g1"],"author_meta":{"display_name":"Marcos Mortari","author_link":"https:\/\/sindaopcpb.org.br\/author\/marcos-mortari\/"},"featured_img":null,"coauthors":[],"tax_additional":{"categories":{"linked":["<a href=\"https:\/\/sindaopcpb.org.br\/arthur-lira\/\" class=\"advgb-post-tax-term\">Arthur Lira<\/a>","<a href=\"https:\/\/sindaopcpb.org.br\/camara-dos-deputados\/\" class=\"advgb-post-tax-term\">C\u00e2mara dos Deputados<\/a>","<a href=\"https:\/\/sindaopcpb.org.br\/economia\/\" class=\"advgb-post-tax-term\">Economia<\/a>","<a href=\"https:\/\/sindaopcpb.org.br\/g1\/\" class=\"advgb-post-tax-term\">G1<\/a>","<a href=\"https:\/\/sindaopcpb.org.br\/politica\/\" class=\"advgb-post-tax-term\">POLITICA<\/a>","<a href=\"https:\/\/sindaopcpb.org.br\/reforma-tributaria\/\" class=\"advgb-post-tax-term\">reforma tribut\u00e1ria<\/a>","<a href=\"https:\/\/sindaopcpb.org.br\/rodrigo-pacheco\/\" class=\"advgb-post-tax-term\">Rodrigo Pacheco<\/a>","<a href=\"https:\/\/sindaopcpb.org.br\/senado\/\" class=\"advgb-post-tax-term\">Senado<\/a>"],"unlinked":["<span class=\"advgb-post-tax-term\">Arthur Lira<\/span>","<span class=\"advgb-post-tax-term\">C\u00e2mara dos Deputados<\/span>","<span class=\"advgb-post-tax-term\">Economia<\/span>","<span class=\"advgb-post-tax-term\">G1<\/span>","<span class=\"advgb-post-tax-term\">POLITICA<\/span>","<span class=\"advgb-post-tax-term\">reforma tribut\u00e1ria<\/span>","<span class=\"advgb-post-tax-term\">Rodrigo Pacheco<\/span>","<span class=\"advgb-post-tax-term\">Senado<\/span>"]},"tags":{"linked":["<a href=\"https:\/\/sindaopcpb.org.br\/senado\/\" class=\"advgb-post-tax-term\">g1<\/a>"],"unlinked":["<span class=\"advgb-post-tax-term\">g1<\/span>"]}},"comment_count":"0","relative_dates":{"created":"Publicado 3 anos atr\u00e1s","modified":"Atualizado 3 anos atr\u00e1s"},"absolute_dates":{"created":"Publicado em 3 de agosto de 2023","modified":"Atualizado em 3 de agosto de 2023"},"absolute_dates_time":{"created":"Publicado em 3 de agosto de 2023 16:39","modified":"Atualizado em 3 de agosto de 2023 16:39"},"featured_img_caption":"","series_order":"","_links":{"self":[{"href":"https:\/\/sindaopcpb.org.br\/index.php\/wp-json\/wp\/v2\/posts\/28232","targetHints":{"allow":["GET"]}}],"collection":[{"href":"https:\/\/sindaopcpb.org.br\/index.php\/wp-json\/wp\/v2\/posts"}],"about":[{"href":"https:\/\/sindaopcpb.org.br\/index.php\/wp-json\/wp\/v2\/types\/post"}],"author":[{"embeddable":true,"href":"https:\/\/sindaopcpb.org.br\/index.php\/wp-json\/wp\/v2\/users\/52"}],"replies":[{"embeddable":true,"href":"https:\/\/sindaopcpb.org.br\/index.php\/wp-json\/wp\/v2\/comments?post=28232"}],"version-history":[{"count":1,"href":"https:\/\/sindaopcpb.org.br\/index.php\/wp-json\/wp\/v2\/posts\/28232\/revisions"}],"predecessor-version":[{"id":28233,"href":"https:\/\/sindaopcpb.org.br\/index.php\/wp-json\/wp\/v2\/posts\/28232\/revisions\/28233"}],"wp:attachment":[{"href":"https:\/\/sindaopcpb.org.br\/index.php\/wp-json\/wp\/v2\/media?parent=28232"}],"wp:term":[{"taxonomy":"category","embeddable":true,"href":"https:\/\/sindaopcpb.org.br\/index.php\/wp-json\/wp\/v2\/categories?post=28232"},{"taxonomy":"post_tag","embeddable":true,"href":"https:\/\/sindaopcpb.org.br\/index.php\/wp-json\/wp\/v2\/tags?post=28232"}],"curies":[{"name":"wp","href":"https:\/\/api.w.org\/{rel}","templated":true}]}}