{"id":28212,"date":"2023-08-03T14:54:49","date_gmt":"2023-08-03T17:54:49","guid":{"rendered":"https:\/\/wpa.wscom.com.br\/?p=915668"},"modified":"2023-08-03T14:54:49","modified_gmt":"2023-08-03T17:54:49","slug":"dia-dos-pais-comercio-prepara-estoques-e-descontos-para-clientes-que-pretendem-presentear-genitores","status":"publish","type":"post","link":"https:\/\/sindaopcpb.org.br\/index.php\/2023\/08\/03\/dia-dos-pais-comercio-prepara-estoques-e-descontos-para-clientes-que-pretendem-presentear-genitores\/","title":{"rendered":"Dia dos pais: com\u00e9rcio prepara estoques e descontos para clientes que pretendem presentear genitores"},"content":{"rendered":"<p>Com a chegada do m\u00eas de agosto, os lojistas se preparam para impulsionar as vendas com a comemora\u00e7\u00e3o do Dia dos Pais. A estimativa da Federa\u00e7\u00e3o do Com\u00e9rcio de Bens e Servi\u00e7os da Para\u00edba (Fecom\u00e9rcio-PB), \u00e9 que a data proporcione um crescimento de 5% a 6%, em rela\u00e7\u00e3o ao mesmo per\u00edodo do ano passado. Conforme a entidade, os produtos mais vendidos na \u00e9poca s\u00e3o cal\u00e7ados, pe\u00e7as de vestu\u00e1rio, rel\u00f3gios e eletroeletr\u00f4nicos.<\/p>\n<p>Segundo o presidente da Fecom\u00e9rcio-PB, Marconi Medeiros, j\u00e1 h\u00e1 uma maior movimenta\u00e7\u00e3o nas lojas. \u201cO com\u00e9rcio est\u00e1 preparado com uma variedade grande de produtos, financiamentos e descontos para atender bem o consumidor paraibano\u201d. Ele justifica as expectativas positivas sobre o aumento das vendas em raz\u00e3o do momento em que o pa\u00eds passa com uma infla\u00e7\u00e3o baixa. O contexto econ\u00f4mico do Brasil ainda conta com leve redu\u00e7\u00e3o do desemprego.<\/p>\n<p>Segundo o economista Hor\u00e1cio Forte, nos \u00faltimos anos, o consumidor tem mudado os h\u00e1bitos de consumo, comprando produtos mais baratos, mas em maior quantidade, para poder presentear n\u00e3o s\u00f3 o pai, mas o av\u00f4, o tio e outros familiares. \u201cA m\u00e9dia dos presentes varia de R$ 50 a R$ 100\u201d, indica o presidente da Hor\u00e1cio Forte Educa\u00e7\u00e3o Executiva, associada \u00e0 Funda\u00e7\u00e3o Dom Cabral (FDC), na Para\u00edba e em Pernambuco.<\/p>\n<p>Para ele, a pandemia de Covid-19 refor\u00e7ou o apelo emocional da data, fazendo com que as pessoas dessem mais import\u00e2ncia a momentos e datas comemorativas. Depois da queda de 8,8% em 2020, o \u00cdndice Cielo do Varejo Ampliado (ICVA) cresceu 16,5%, em 2021, e 11,7%, em 2022. No ano passado, o Nordeste foi a segunda regi\u00e3o com a maior alta na compra de itens, com destaque para os segmentos de cosm\u00e9ticos e higiene pessoal, \u00f3ticas e joalherias, vestu\u00e1rio, livrarias e papelarias, e varejo aliment\u00edcio especializado.<\/p>\n<p><strong>Amplia\u00e7\u00e3o das vendas<\/strong><\/p>\n<p>O investimento na divulga\u00e7\u00e3o dos produtos, inclusive nas redes sociais, dar aten\u00e7\u00e3o ao atendimento e preparar sugest\u00f5es de presentes personalizados podem ampliar as vendas para o Dia dos Pais, avalia a gerente do Servi\u00e7o Brasileiro de Apoio \u00e0s Micro e Pequenas Empresas na Para\u00edba (Sebrae-PB), ag\u00eancia de Guarabira, Jacy Viana.<\/p>\n<p>\u201cA pessoa pode montar uma carteira com cinto ou uma camisa com gravata. Vai depender do perfil do pai a ser presenteado. Isso, no atendimento, \u00e9 poss\u00edvel descobrir e sugerir as dicas\u201d, ensina. No caso dos pequenos neg\u00f3cios no ramo de alimenta\u00e7\u00e3o, \u00e9 poss\u00edvel ofertar cestas especiais, almo\u00e7os, jantares ou at\u00e9 mesmo um vale-presente. \u201cEssas tamb\u00e9m s\u00e3o op\u00e7\u00f5es para alavancar as vendas e fidelizar clientes, oferecer descontos ou cortesias\u201d, acrescenta.<\/p>\n<p>A empreendedora Fab\u00edola Barros est\u00e1 trabalhando em kits personalizados, com camisetas para o pai e body para o filho, por exemplo, canecas com mensagens e imagens alusivas \u00e0 data. Ela afirma que h\u00e1 presentes para todos os p\u00fablicos e bolsos. \u201cSempre pensamos em alguma forma de fazer parte, com impacto, de momentos especiais. Por incr\u00edvel que pare\u00e7a, para a linha de personalizados, o Dia dos Pais \u00e9 um dos mais fortes\u201d, comenta. Para o economista Hor\u00e1cio Forte \u00e9 necess\u00e1rio \u201cter publicidade, afinal, vai vender mais quem falar com mais pessoas\u201d.<\/p>\n<p>O post <a rel=\"nofollow noopener\" href=\"https:\/\/wscom.com.br\/dia-dos-pais-comercio-prepara-estoques-e-descontos-para-clientes-que-pretendem-presentear-genitores\/\" target=\"_blank\">Dia dos pais: com\u00e9rcio prepara estoques e descontos para clientes que pretendem presentear genitores<\/a> apareceu primeiro em <a rel=\"nofollow noopener\" href=\"https:\/\/wscom.com.br\/\" target=\"_blank\">WSCOM<\/a>.<\/p>\n","protected":false},"excerpt":{"rendered":"<p>Com a chegada do m\u00eas de agosto, os lojistas se preparam para impulsionar as vendas com a comemora\u00e7\u00e3o do Dia dos Pais. A estimativa da Federa\u00e7\u00e3o do Com\u00e9rcio de Bens e Servi\u00e7os da Para\u00edba (Fecom\u00e9rcio-PB), \u00e9 que a data proporcione um crescimento de 5% a 6%, em rela\u00e7\u00e3o ao mesmo per\u00edodo do ano passado. Conforme [\u2026]<\/p>\n<p>O post <a rel=\"nofollow\" href=\"https:\/\/wscom.com.br\/dia-dos-pais-comercio-prepara-estoques-e-descontos-para-clientes-que-pretendem-presentear-genitores\/\">Dia dos pais: com\u00e9rcio prepara estoques e descontos para clientes que pretendem presentear genitores<\/a> apareceu primeiro em <a rel=\"nofollow\" href=\"https:\/\/wscom.com.br\/\">WSCOM<\/a>.<\/p>\n","protected":false},"author":49,"featured_media":0,"comment_status":"closed","ping_status":"closed","sticky":false,"template":"","format":"standard","meta":{"advgb_blocks_editor_width":"","advgb_blocks_columns_visual_guide":"","footnotes":""},"categories":[7324,599,7273,69,34,71],"tags":[35],"class_list":["post-28212","post","type-post","status-publish","format-standard","hentry","category-aquecimento-das-vendas","category-comercio","category-dia-dos-pais","category-economia","category-g1","category-joao-pessoa","tag-g1"],"author_meta":{"display_name":"Cristiane Cavalcante","author_link":"https:\/\/sindaopcpb.org.br\/author\/cristiane-cavalcante\/"},"featured_img":null,"coauthors":[],"tax_additional":{"categories":{"linked":["<a href=\"https:\/\/sindaopcpb.org.br\/aquecimento-das-vendas\/\" class=\"advgb-post-tax-term\">aquecimento das vendas<\/a>","<a href=\"https:\/\/sindaopcpb.org.br\/comercio\/\" class=\"advgb-post-tax-term\">Com\u00e9rcio<\/a>","<a href=\"https:\/\/sindaopcpb.org.br\/dia-dos-pais\/\" class=\"advgb-post-tax-term\">dia dos pais<\/a>","<a href=\"https:\/\/sindaopcpb.org.br\/economia\/\" class=\"advgb-post-tax-term\">Economia<\/a>","<a href=\"https:\/\/sindaopcpb.org.br\/g1\/\" class=\"advgb-post-tax-term\">G1<\/a>","<a href=\"https:\/\/sindaopcpb.org.br\/joao-pessoa\/\" class=\"advgb-post-tax-term\">Jo\u00e3o Pessoa<\/a>"],"unlinked":["<span class=\"advgb-post-tax-term\">aquecimento das vendas<\/span>","<span class=\"advgb-post-tax-term\">Com\u00e9rcio<\/span>","<span class=\"advgb-post-tax-term\">dia dos pais<\/span>","<span class=\"advgb-post-tax-term\">Economia<\/span>","<span class=\"advgb-post-tax-term\">G1<\/span>","<span class=\"advgb-post-tax-term\">Jo\u00e3o Pessoa<\/span>"]},"tags":{"linked":["<a href=\"https:\/\/sindaopcpb.org.br\/joao-pessoa\/\" class=\"advgb-post-tax-term\">g1<\/a>"],"unlinked":["<span class=\"advgb-post-tax-term\">g1<\/span>"]}},"comment_count":"0","relative_dates":{"created":"Publicado 3 anos atr\u00e1s","modified":"Atualizado 3 anos atr\u00e1s"},"absolute_dates":{"created":"Publicado em 3 de agosto de 2023","modified":"Atualizado em 3 de agosto de 2023"},"absolute_dates_time":{"created":"Publicado em 3 de agosto de 2023 14:54","modified":"Atualizado em 3 de agosto de 2023 14:54"},"featured_img_caption":"","series_order":"","_links":{"self":[{"href":"https:\/\/sindaopcpb.org.br\/index.php\/wp-json\/wp\/v2\/posts\/28212","targetHints":{"allow":["GET"]}}],"collection":[{"href":"https:\/\/sindaopcpb.org.br\/index.php\/wp-json\/wp\/v2\/posts"}],"about":[{"href":"https:\/\/sindaopcpb.org.br\/index.php\/wp-json\/wp\/v2\/types\/post"}],"author":[{"embeddable":true,"href":"https:\/\/sindaopcpb.org.br\/index.php\/wp-json\/wp\/v2\/users\/49"}],"replies":[{"embeddable":true,"href":"https:\/\/sindaopcpb.org.br\/index.php\/wp-json\/wp\/v2\/comments?post=28212"}],"version-history":[{"count":1,"href":"https:\/\/sindaopcpb.org.br\/index.php\/wp-json\/wp\/v2\/posts\/28212\/revisions"}],"predecessor-version":[{"id":28213,"href":"https:\/\/sindaopcpb.org.br\/index.php\/wp-json\/wp\/v2\/posts\/28212\/revisions\/28213"}],"wp:attachment":[{"href":"https:\/\/sindaopcpb.org.br\/index.php\/wp-json\/wp\/v2\/media?parent=28212"}],"wp:term":[{"taxonomy":"category","embeddable":true,"href":"https:\/\/sindaopcpb.org.br\/index.php\/wp-json\/wp\/v2\/categories?post=28212"},{"taxonomy":"post_tag","embeddable":true,"href":"https:\/\/sindaopcpb.org.br\/index.php\/wp-json\/wp\/v2\/tags?post=28212"}],"curies":[{"name":"wp","href":"https:\/\/api.w.org\/{rel}","templated":true}]}}