{"id":28210,"date":"2023-08-03T14:05:45","date_gmt":"2023-08-03T17:05:45","guid":{"rendered":"https:\/\/www.infomoney.com.br\/?p=2205238"},"modified":"2023-08-03T14:05:45","modified_gmt":"2023-08-03T17:05:45","slug":"lula-deve-bater-martelo-sobre-reforma-ministerial-na-proxima-semana","status":"publish","type":"post","link":"https:\/\/sindaopcpb.org.br\/index.php\/2023\/08\/03\/lula-deve-bater-martelo-sobre-reforma-ministerial-na-proxima-semana\/","title":{"rendered":"Lula deve bater martelo sobre reforma ministerial na pr\u00f3xima semana"},"content":{"rendered":"<p><img loading=\"lazy\" width=\"300\" height=\"196\" src=\"https:\/\/www.infomoney.com.br\/wp-content\/uploads\/2023\/01\/Lula2-e1678293699367.jpg?fit=300%2C196&amp;quality=70&amp;strip=all\" class=\"attachment-medium size-medium wp-post-image\" alt=\"\" decoding=\"async\" style=\"float:right; margin:0 0 10px 10px;\" srcset=\"https:\/\/www.infomoney.com.br\/wp-content\/uploads\/2023\/01\/Lula2-e1678293699367.jpg?w=671&amp;quality=70&amp;strip=all 671w, https:\/\/www.infomoney.com.br\/wp-content\/uploads\/2023\/01\/Lula2-e1678293699367.jpg?w=300&amp;quality=70&amp;strip=all 300w, https:\/\/www.infomoney.com.br\/wp-content\/uploads\/2023\/01\/Lula2-e1678293699367.jpg?w=150&amp;quality=70&amp;strip=all 150w\" sizes=\"auto, (max-width: 300px) 100vw, 300px\" data-attachment-id=\"2035366\" data-permalink=\"https:\/\/www.infomoney.com.br\/politica\/lula-diz-que-teve-impressao-de-que-atos-de-8-de-janeiro-eram-o-comeco-de-um-golpe-e-sugere-que-bolsonaro-sabia\/attachment\/lula2-2\/\" data-orig-file=\"https:\/\/www.infomoney.com.br\/wp-content\/uploads\/2023\/01\/Lula2-e1678293699367.jpg?fit=671%2C439&amp;quality=70&amp;strip=all\" data-orig-size=\"671,439\" data-comments-opened=\"0\" data-image-meta=\"{&quot;aperture&quot;:&quot;0&quot;,&quot;credit&quot;:&quot;&quot;,&quot;camera&quot;:&quot;&quot;,&quot;caption&quot;:&quot;&quot;,&quot;created_timestamp&quot;:&quot;0&quot;,&quot;copyright&quot;:&quot;&quot;,&quot;focal_length&quot;:&quot;0&quot;,&quot;iso&quot;:&quot;0&quot;,&quot;shutter_speed&quot;:&quot;0&quot;,&quot;title&quot;:&quot;&quot;,&quot;orientation&quot;:&quot;0&quot;}\" data-image-title=\"Luiz In\u00e1cio Lula da Silva\" data-image-description=\"\" data-image-caption=\"&lt;p&gt;O presidente Luiz In\u00e1cio Lula da Silva (PT) em primeira reuni\u00e3o ministerial no Pal\u00e1cio do Planalto (Foto: Ricardo Stuckert\/PR)&lt;\/p&gt;\n\" data-medium-file=\"https:\/\/www.infomoney.com.br\/wp-content\/uploads\/2023\/01\/Lula2-e1678293699367.jpg?fit=300%2C196&amp;quality=70&amp;strip=all\" data-large-file=\"https:\/\/www.infomoney.com.br\/wp-content\/uploads\/2023\/01\/Lula2-e1678293699367.jpg?fit=671%2C439&amp;quality=70&amp;strip=all\" title=\"\"><\/p>\n<p>O presidente <strong>Luiz In&aacute;cio Lula da Silva (PT)<\/strong> confirmou, nesta quinta-feira (3), que ir&aacute; promover mudan&ccedil;as na Esplanada dos Minist&eacute;rios para ampliar a participa&ccedil;&atilde;o de partidos pol&iacute;ticos na base de seu governo.<\/p>\n<p>Em entrevista concedida mais cedo a um pool de r&aacute;dios da Amaz&ocirc;nia, Lula justificou a troca pelo interesse de contar com maior ades&atilde;o &agrave;s propostas de sua gest&atilde;o no Congresso Nacional e abrigar legendas interessadas em aprofundar alian&ccedil;as. Ele disse, no entanto, ainda n&atilde;o ter batido o martelo sobre as pastas envolvidas no processo.<\/p>\n<p>&ldquo;Eu vou fazer ajustes no governo, porque n&oacute;s temos interesse de construir uma maioria para que, at&eacute; o final de 2026, a gente possa votar as coisas importantes de interesse do povo brasileiro. Por isso, a troca de ministros n&atilde;o pode ser vista como uma coisa absurda, como uma coisa menor. &Eacute; uma coisa muito importante&rdquo;, afirmou.<\/p>\n<p>&ldquo;Temos partidos importantes que querem participar do governo, que querem fazer parte da base do governo. N&oacute;s vamos conversar com esses partidos. Eu n&atilde;o estou com pressa. As pessoas sabem que eu vou fazer e sabem que o presidente da Rep&uacute;blica tem que tomar muito cuidado e&nbsp;<i>[ter]<\/i>&nbsp;muita responsabilidade, porque, quando voc&ecirc; mexe no tabuleiro, voc&ecirc; n&atilde;o pode mexer numa pe&ccedil;a errada ou colocar uma pe&ccedil;a errada&rdquo;, disse.<\/p>\n<p>Durante a entrevista, Lula disse que vai definir as movimenta&ccedil;&otilde;es na Esplanada dos Minist&eacute;rios na pr&oacute;xima semana, quando retornar de uma agenda no Par&aacute;.<\/p>\n<p>A declara&ccedil;&atilde;o foi dada no dia em que Celso Sabino (Uni&atilde;o Brasil-PA) tomou posse oficialmente como o novo ministro do Turismo, substituindo Daniela Carneiro (Uni&atilde;o Brasil-RJ), em cerim&ocirc;nia realizada no Pal&aacute;cio do Planalto. O parlamentar licenciado j&aacute; trabalhava na pasta h&aacute; mais de duas semanas, com sua nomea&ccedil;&atilde;o publicada no Di&aacute;rio Oficial da Uni&atilde;o em 14 de julho, durante o recesso do Congresso Nacional.<\/p>\n<p>A expectativa &eacute; que os pr&oacute;ximos passos da reforma ministerial contemplem indica&ccedil;&otilde;es do Progressistas e do Republicanos&nbsp;&#8210; siglas que integraram a base formal do governo de Jair Bolsonaro (PL), mas que agora t&ecirc;m ensaiado aproxima&ccedil;&atilde;o a Lula, entregando apoio relevante a mat&eacute;rias de interesse do Pal&aacute;cio do Planalto no parlamento.<\/p>\n<p>Nessas legendas, aparecem com destaque os nomes dos deputados&nbsp;Silvio Costa Filho (Republicanos-PE) e Andr&eacute; Fufuca (PP-MA) para ingressarem ao governo, mas sem defini&ccedil;&atilde;o das respectivas posi&ccedil;&otilde;es. A tend&ecirc;ncia &eacute; que o primeiro fique com o Minist&eacute;rio dos Esportes, atualmente comandado por Ana Moser.<\/p>\n<p>Nos bastidores, tamb&eacute;m se espera a oferta de espa&ccedil;os no segundo escal&atilde;o. Neste caso, a entrega da presid&ecirc;ncia da Caixa Econ&ocirc;mica Federal ao Progressistas &eacute; dada como certa entre integrantes do &ldquo;centr&atilde;o&rdquo;.<\/p>\n<p>Parlamentares do grupo informal t&ecirc;m manifestado queixas da demora do governo em definir os espa&ccedil;os a serem oferecidos nesta reforma ministerial. Um dos embara&ccedil;os envolve as resist&ecirc;ncias do PT, sigla de Lula, e do PSB, sigla do vice-presidente Geraldo Alckmin em ceder posi&ccedil;&otilde;es no Executivo.<\/p>\n<p>Em meio ao impasse, a C&acirc;mara dos Deputados empurra a an&aacute;lise das mudan&ccedil;as feitas pelo Senado Federal sobre o projeto de lei complementar que trata do novo arcabou&ccedil;o fiscal (PLP 93\/2023).<\/p>\n<p>O presidente da casa legislativa, Arthur Lira (PP-AL), por sua vez, garante que a vota&ccedil;&atilde;o n&atilde;o tem rela&ccedil;&atilde;o com o andamento das trocas na Esplanada, mas o tema segue fora da pauta de vota&ccedil;&otilde;es do plen&aacute;rio na semana que vem.<\/p>\n<p>Ao deixar a reuni&atilde;o com lideran&ccedil;as partid&aacute;rias, Lira&nbsp;disse que ainda n&atilde;o h&aacute; consenso sobre as altera&ccedil;&otilde;es feitas ao texto, mas que discuss&otilde;es ser&atilde;o conduzidas nos pr&oacute;ximos dias. A conclus&atilde;o da tramita&ccedil;&atilde;o do novo marco fiscal no parlamento &eacute; tida como fundamental pelo governo para o encaminhamento do&nbsp;Projeto de Lei Or&ccedil;ament&aacute;ria Anual (PLOA) de 2024, cujo prazo vai at&eacute; 31 de agosto.<\/p>\n<p>O l&iacute;der do governo na C&acirc;mara dos Deputados, Jos&eacute; Guimar&atilde;es (PT-CE), negou que h&aacute; crise. A jornalistas, ele disse que h&aacute; &ldquo;tempo de sobra&rdquo; para discutir a mat&eacute;ria e pediu que n&atilde;o se inventassem &ldquo;fantasmas&rdquo; em torno do assunto.<\/p>\n<\/p>\n<div class=\"cta-end\">\n<div class=\"im-cta\" >\n<div class=\"im-shortcode-forms bg-light bg-opacity-25 border rounded-4 p-3 p-sm-4 p-md-3 p-lg-4 px-xxl-5 my-5\" data-configuration='{\"form_name\":false,\"form_hat\":\"Newsletter\",\"form_email\":true,\"form_icon\":\"newsletter\",\"form_phone\":false,\"form_campaign\":\"NIM\",\"form_thankyou\":\"\",\"form_journey\":\"APIEvent-26a5198d-8e09-06ef-5f80-cd9127757ad1\",\"form_button\":\"Quero receber\",\"form_context\":\"newsletter\",\"form_origin\":\"https:\\\/\\\/www.infomoney.com.br\\\/politica\\\/feed\\\/?utm_medium=materia&#038;utm_source=infomoney&#038;utm_campaign=NIM&#038;utm_term=politica&#038;utm_content=newsletter\",\"form_position\":\"final\",\"form_category\":\"cta_form\"}'>\n<div class=\"d-flex flex-column align-items-center align-items-lg-start mb-4 flex-lg-row\">\n<div class=\"rounded-circle mb-2 mb-lg-0 mr-lg-4 me-lg-4 p-3 p-lg-4 bg-blue-400\"><svg width=\"40\" height=\"40\" viewBox=\"0 0 40 40\" fill=\"none\" xmlns=\"http:\/\/www.w3.org\/2000\/svg\"><path d=\"M20 20.25 6.042 11.042v19.041c0 .167.048.299.146.396a.535.535 0 0 0 .395.146h15.792V32.5H6.583a2.328 2.328 0 0 1-1.708-.708 2.328 2.328 0 0 1-.708-1.709V9.917c0-.667.236-1.236.708-1.709A2.328 2.328 0 0 1 6.583 7.5h26.834c.666 0 1.236.236 1.708.708a2.33 2.33 0 0 1 .708 1.709v12.458h-1.875V11.042L20 20.25Zm0-2 13.667-8.875H6.333L20 18.25Zm11.75 18.958-1.292-1.333 3.334-3.375h-9v-1.875h9l-3.375-3.417 1.333-1.291 5.667 5.625-5.667 5.666ZM6.042 11.042v20.791-9.458.25-13.25 1.667Z\" fill=\"#fff\"\/><\/svg><\/div>\n<div class=\"flex-fill text-center text-lg-left\">\n<div class=\"h6 small text-orange-700 lh-base mb-1\">Newsletter<\/div>\n<div class=\"text-body h4 m-0\">Infomorning<\/div>\n<div class=\"text-body small lh-base mt-2\">Receba no seu e-mail logo pela manh&atilde; as not&iacute;cias que v&atilde;o mexer com os mercados, com os seus investimentos e o seu bolso durante o dia<\/div>\n<\/div>\n<\/div>\n<\/div>\n<\/div>\n<\/div>\n<p>The post <a rel=\"nofollow noopener\" href=\"https:\/\/www.infomoney.com.br\/politica\/lula-deve-bater-martelo-sobre-reforma-ministerial-na-proxima-semana\/\" target=\"_blank\">Lula deve bater martelo sobre reforma ministerial na pr\u00f3xima semana<\/a> appeared first on <a rel=\"nofollow noopener\" href=\"https:\/\/www.infomoney.com.br\/\" target=\"_blank\">InfoMoney<\/a>.<\/p>\n","protected":false},"excerpt":{"rendered":"<p><img loading=\"lazy\" decoding=\"async\" width=\"300\" height=\"196\" src=\"https:\/\/www.infomoney.com.br\/wp-content\/uploads\/2023\/01\/Lula2-e1678293699367.jpg?fit=300%2C196&amp;quality=70&amp;strip=all\" class=\"attachment-medium size-medium wp-post-image\" alt=\"\" data-attachment-id=\"2035366\" data-permalink=\"https:\/\/www.infomoney.com.br\/politica\/lula-diz-que-teve-impressao-de-que-atos-de-8-de-janeiro-eram-o-comeco-de-um-golpe-e-sugere-que-bolsonaro-sabia\/attachment\/lula2-2\/\" data-orig-file=\"https:\/\/www.infomoney.com.br\/wp-content\/uploads\/2023\/01\/Lula2-e1678293699367.jpg?fit=671%2C439&amp;quality=70&amp;strip=all\" data-orig-size=\"671,439\" data-comments-opened=\"0\" data-image-meta='{\"aperture\":\"0\",\"credit\":\"\",\"camera\":\"\",\"caption\":\"\",\"created_timestamp\":\"0\",\"copyright\":\"\",\"focal_length\":\"0\",\"iso\":\"0\",\"shutter_speed\":\"0\",\"title\":\"\",\"orientation\":\"0\"}' data-image-title=\"Luiz In\u00e1cio Lula da Silva\" data-image-description=\"\" data-image-caption=\"&lt;p&gt;O presidente Luiz In\u00e1cio Lula da Silva (PT) em primeira reuni\u00e3o ministerial no Pal\u00e1cio do Planalto (Foto: Ricardo Stuckert\/PR)&lt;\/p&gt;\n\" data-medium-file=\"https:\/\/www.infomoney.com.br\/wp-content\/uploads\/2023\/01\/Lula2-e1678293699367.jpg?fit=300%2C196&amp;quality=70&amp;strip=all\" data-large-file=\"https:\/\/www.infomoney.com.br\/wp-content\/uploads\/2023\/01\/Lula2-e1678293699367.jpg?fit=671%2C439&amp;quality=70&amp;strip=all\">Presidente vem sendo cobrado por lideran\u00e7as do &#8220;centr\u00e3o&#8221; por mais espa\u00e7o na Esplanada dos Minist\u00e9rios em troca de apoio parlamentar<\/p>\n<p>The post <a rel=\"nofollow\" href=\"https:\/\/www.infomoney.com.br\/politica\/lula-deve-bater-martelo-sobre-reforma-ministerial-na-proxima-semana\/\">Lula deve bater martelo sobre reforma ministerial na pr\u00f3xima semana<\/a> appeared first on <a rel=\"nofollow\" href=\"https:\/\/www.infomoney.com.br\/\">InfoMoney<\/a>.<\/p>\n","protected":false},"author":52,"featured_media":0,"comment_status":"closed","ping_status":"closed","sticky":false,"template":"","format":"standard","meta":{"advgb_blocks_editor_width":"","advgb_blocks_columns_visual_guide":"","footnotes":""},"categories":[276,34,260,129,3914,47,6632],"tags":[35],"class_list":["post-28210","post","type-post","status-publish","format-standard","hentry","category-camara-dos-deputados","category-g1","category-governo","category-luiz-inacio-lula-da-silva","category-ministerio","category-politica","category-reforma-ministerial","tag-g1"],"author_meta":{"display_name":"Marcos Mortari","author_link":"https:\/\/sindaopcpb.org.br\/author\/marcos-mortari\/"},"featured_img":null,"coauthors":[],"tax_additional":{"categories":{"linked":["<a href=\"https:\/\/sindaopcpb.org.br\/camara-dos-deputados\/\" class=\"advgb-post-tax-term\">C\u00e2mara dos Deputados<\/a>","<a href=\"https:\/\/sindaopcpb.org.br\/g1\/\" class=\"advgb-post-tax-term\">G1<\/a>","<a href=\"https:\/\/sindaopcpb.org.br\/governo\/\" class=\"advgb-post-tax-term\">Governo<\/a>","<a href=\"https:\/\/sindaopcpb.org.br\/luiz-inacio-lula-da-silva\/\" class=\"advgb-post-tax-term\">Luiz In\u00e1cio Lula da Silva<\/a>","<a href=\"https:\/\/sindaopcpb.org.br\/ministerio\/\" class=\"advgb-post-tax-term\">Minist\u00e9rio<\/a>","<a href=\"https:\/\/sindaopcpb.org.br\/politica\/\" class=\"advgb-post-tax-term\">POLITICA<\/a>","<a href=\"https:\/\/sindaopcpb.org.br\/reforma-ministerial\/\" class=\"advgb-post-tax-term\">REFORMA MINISTERIAL<\/a>"],"unlinked":["<span class=\"advgb-post-tax-term\">C\u00e2mara dos Deputados<\/span>","<span class=\"advgb-post-tax-term\">G1<\/span>","<span class=\"advgb-post-tax-term\">Governo<\/span>","<span class=\"advgb-post-tax-term\">Luiz In\u00e1cio Lula da Silva<\/span>","<span class=\"advgb-post-tax-term\">Minist\u00e9rio<\/span>","<span class=\"advgb-post-tax-term\">POLITICA<\/span>","<span class=\"advgb-post-tax-term\">REFORMA MINISTERIAL<\/span>"]},"tags":{"linked":["<a href=\"https:\/\/sindaopcpb.org.br\/reforma-ministerial\/\" class=\"advgb-post-tax-term\">g1<\/a>"],"unlinked":["<span class=\"advgb-post-tax-term\">g1<\/span>"]}},"comment_count":"0","relative_dates":{"created":"Publicado 3 anos atr\u00e1s","modified":"Atualizado 3 anos atr\u00e1s"},"absolute_dates":{"created":"Publicado em 3 de agosto de 2023","modified":"Atualizado em 3 de agosto de 2023"},"absolute_dates_time":{"created":"Publicado em 3 de agosto de 2023 14:05","modified":"Atualizado em 3 de agosto de 2023 14:05"},"featured_img_caption":"","series_order":"","_links":{"self":[{"href":"https:\/\/sindaopcpb.org.br\/index.php\/wp-json\/wp\/v2\/posts\/28210","targetHints":{"allow":["GET"]}}],"collection":[{"href":"https:\/\/sindaopcpb.org.br\/index.php\/wp-json\/wp\/v2\/posts"}],"about":[{"href":"https:\/\/sindaopcpb.org.br\/index.php\/wp-json\/wp\/v2\/types\/post"}],"author":[{"embeddable":true,"href":"https:\/\/sindaopcpb.org.br\/index.php\/wp-json\/wp\/v2\/users\/52"}],"replies":[{"embeddable":true,"href":"https:\/\/sindaopcpb.org.br\/index.php\/wp-json\/wp\/v2\/comments?post=28210"}],"version-history":[{"count":1,"href":"https:\/\/sindaopcpb.org.br\/index.php\/wp-json\/wp\/v2\/posts\/28210\/revisions"}],"predecessor-version":[{"id":28211,"href":"https:\/\/sindaopcpb.org.br\/index.php\/wp-json\/wp\/v2\/posts\/28210\/revisions\/28211"}],"wp:attachment":[{"href":"https:\/\/sindaopcpb.org.br\/index.php\/wp-json\/wp\/v2\/media?parent=28210"}],"wp:term":[{"taxonomy":"category","embeddable":true,"href":"https:\/\/sindaopcpb.org.br\/index.php\/wp-json\/wp\/v2\/categories?post=28210"},{"taxonomy":"post_tag","embeddable":true,"href":"https:\/\/sindaopcpb.org.br\/index.php\/wp-json\/wp\/v2\/tags?post=28210"}],"curies":[{"name":"wp","href":"https:\/\/api.w.org\/{rel}","templated":true}]}}