{"id":28197,"date":"2023-08-03T12:16:02","date_gmt":"2023-08-03T15:16:02","guid":{"rendered":"https:\/\/g1.globo.com\/pb\/paraiba\/noticia\/2023\/08\/03\/psicopedagoga-denuncia-abordagem-racista-em-loja-de-brinquedos-de-shopping-de-joao-pessoa.ghtml"},"modified":"2023-08-03T12:16:02","modified_gmt":"2023-08-03T15:16:02","slug":"psicopedagoga-denuncia-abordagem-racista-em-loja-de-brinquedos-de-shopping-de-joao-pessoa","status":"publish","type":"post","link":"https:\/\/sindaopcpb.org.br\/index.php\/2023\/08\/03\/psicopedagoga-denuncia-abordagem-racista-em-loja-de-brinquedos-de-shopping-de-joao-pessoa\/","title":{"rendered":"Psicopedagoga denuncia abordagem racista em loja de brinquedos de shopping de Jo\u00e3o Pessoa"},"content":{"rendered":"   <img src=\"https:\/\/s2.glbimg.com\/E6VURIEbTd3nDCNMh4_2FOI7_Xg=\/i.s3.glbimg.com\/v1\/AUTH_59edd422c0c84a879bd37670ae4f538a\/internal_photos\/bs\/2023\/N\/0\/JXcBv0QDi6iZdTvkSY2g\/denuncia.jpg\" \/><br \/>     Mulher foi abordada por funcion\u00e1ria que pediu para ela abrir a bolsa e questionou os objetos que ela carregava. Loja disse que pediu desculpas \u00e0 v\u00edtima pelo acontecimento. Jovem denunciou, nas redes sociais, epis\u00f3dio de racismo em loja de brinquedos de shopping de Jo\u00e3o Pessoa\nReprodu\u00e7\u00e3o\/Instagram\nUma psicopedagoga denunciou, nas redes sociais, um caso de preconceito racial ao frequentar uma loja de brinquedos em um shopping de Jo\u00e3o Pessoa. O caso aconteceu no dia 1\u00ba de agosto, na Ri Happy do Mana\u00edra Shopping. Segundo a psicopedagoga, uma funcion\u00e1ria a abordou, na sa\u00edda, e pediu para abrir a bolsa, sendo questionada sobre a proced\u00eancia de alguns objetos.\nA v\u00edtima informou ao g1 que fez um Boletim de Ocorr\u00eancia sobre o caso.\nSegundo o relato da v\u00edtima, identificada como Alice Carvalho, ela foi na loja para comprar um jogo, e passou cerca de meia hora no local, procurando um brinquedo que a interessasse. Durante o per\u00edodo, ela foi abordada por uma funcion\u00e1ria que ofereceu ajuda, e ela relatou que estava apenas observando. Ao sair, a mesma funcion\u00e1ria a abordou e pediu para ir ao encontro dela na porta da loja.\n\u201cQuando eu chego na porta, ela me pede para abrir a bolsa. Eu, na inoc\u00eancia, abri, ela passou um tempo olhando dentro, nisso j\u00e1 chegaram dois seguran\u00e7as do shopping. Ent\u00e3o ela disse: \u2018e esse jogo aqui, voc\u00ea comprou agora?\u2019. E eu respondi que n\u00e3o, que havia comprado em outro momento, em outra loja. E ela mandou fechar a bolsa. S\u00f3 que eu n\u00e3o tive rea\u00e7\u00e3o de nada, na hora. As pessoas olhavam ao redor, com olhar de julgamento e eu n\u00e3o tive rea\u00e7\u00e3o\u201d, disse Alice nas redes sociais.\nAinda segundo a profissional. Ao postar o v\u00eddeo nas redes sociais e questionar a pr\u00f3pria loja, ela recebeu a informa\u00e7\u00e3o, por parte da empresa, de que ela n\u00e3o esteve na loja, que n\u00e3o havia como provar que aconteceu l\u00e1. \u201cReportei o acontecido no direct da loja, simplesmente alegaram que eu n\u00e3o estava l\u00e1 na data. Como assim? Existe o racismo extremo, vou questionar o porqu\u00ea? E o caso \u00e9 omitido. Como \u00e9 que passei, por volta de 30 minutos na loja e nenhuma c\u00e2mera registrou minha presen\u00e7a? Ser\u00e1 que mais uma vez, fora o constrangimento e vergonha que passei, o caso foi esquecido?\" \n\"Eu exijo uma explica\u00e7\u00e3o e um esclarecimento, pq acima de tudo, eu sou um ser humano. Minha cor \u00e9 orgulho, pois acima de tudo, eu n\u00e3o uso isso para me vitimizar e sim como motivador, at\u00e9 por que a intelig\u00eancia, educa\u00e7\u00e3o, dec\u00eancia e respeito, n\u00e3o est\u00e3o ligados a cor da pele e sim ao que cada um faz enquanto cidad\u00e3o\u201d, postou a jovem nas redes sociais.\nEm nota, o Grupo Ri Happy informou nesta quinta-feira (3) que a Ri Happy Mana\u00edra entrou em contato com a consumidora, pedindo desculpas pelo fato ocorrido no dia 1\u00ba de agosto de 2023. A empresa informou ainda que recha\u00e7a veemente qualquer tipo de atitude de preconceito e discrimina\u00e7\u00e3o, por isso est\u00e1 tomando as medidas cab\u00edveis sobre o caso, al\u00e9m de refor\u00e7ar o treinamento sobre as pol\u00edticas de atendimento na loja.\nO Mana\u00edra Shopping tamb\u00e9m divulgou nota sobre o caso. O centro comercial disse que \"repudia qualquer esp\u00e9cie de preconceito em desfavor de qualquer pessoa\".\nV\u00eddeos mais assistidos da Para\u00edba  ","protected":false},"excerpt":{"rendered":"<p>        Mulher foi abordada por funcion\u00e1ria que pediu para ela abrir a bolsa e questionou os objetos que ela carregava. Loja disse que pediu desculpas \u00e0 v\u00edtima pelo acontecimento. Jovem denunciou, nas redes sociais, epis\u00f3dio de racismo em loja de brinq&#8230;<\/p>\n","protected":false},"author":2,"featured_media":0,"comment_status":"closed","ping_status":"closed","sticky":false,"template":"","format":"standard","meta":{"advgb_blocks_editor_width":"","advgb_blocks_columns_visual_guide":"","footnotes":""},"categories":[34],"tags":[35],"class_list":["post-28197","post","type-post","status-publish","format-standard","hentry","category-g1","tag-g1"],"author_meta":{"display_name":"g1 &gt; Para\u00edba","author_link":"https:\/\/sindaopcpb.org.br\/author\/g1-paraiba\/"},"featured_img":null,"coauthors":[],"tax_additional":{"categories":{"linked":["<a href=\"https:\/\/sindaopcpb.org.br\/g1\/\" class=\"advgb-post-tax-term\">G1<\/a>"],"unlinked":["<span class=\"advgb-post-tax-term\">G1<\/span>"]},"tags":{"linked":["<a href=\"https:\/\/sindaopcpb.org.br\/g1\/\" class=\"advgb-post-tax-term\">g1<\/a>"],"unlinked":["<span class=\"advgb-post-tax-term\">g1<\/span>"]}},"comment_count":"0","relative_dates":{"created":"Publicado 3 anos atr\u00e1s","modified":"Atualizado 3 anos atr\u00e1s"},"absolute_dates":{"created":"Publicado em 3 de agosto de 2023","modified":"Atualizado em 3 de agosto de 2023"},"absolute_dates_time":{"created":"Publicado em 3 de agosto de 2023 12:16","modified":"Atualizado em 3 de agosto de 2023 12:16"},"featured_img_caption":"","series_order":"","_links":{"self":[{"href":"https:\/\/sindaopcpb.org.br\/index.php\/wp-json\/wp\/v2\/posts\/28197","targetHints":{"allow":["GET"]}}],"collection":[{"href":"https:\/\/sindaopcpb.org.br\/index.php\/wp-json\/wp\/v2\/posts"}],"about":[{"href":"https:\/\/sindaopcpb.org.br\/index.php\/wp-json\/wp\/v2\/types\/post"}],"author":[{"embeddable":true,"href":"https:\/\/sindaopcpb.org.br\/index.php\/wp-json\/wp\/v2\/users\/2"}],"replies":[{"embeddable":true,"href":"https:\/\/sindaopcpb.org.br\/index.php\/wp-json\/wp\/v2\/comments?post=28197"}],"version-history":[{"count":1,"href":"https:\/\/sindaopcpb.org.br\/index.php\/wp-json\/wp\/v2\/posts\/28197\/revisions"}],"predecessor-version":[{"id":28198,"href":"https:\/\/sindaopcpb.org.br\/index.php\/wp-json\/wp\/v2\/posts\/28197\/revisions\/28198"}],"wp:attachment":[{"href":"https:\/\/sindaopcpb.org.br\/index.php\/wp-json\/wp\/v2\/media?parent=28197"}],"wp:term":[{"taxonomy":"category","embeddable":true,"href":"https:\/\/sindaopcpb.org.br\/index.php\/wp-json\/wp\/v2\/categories?post=28197"},{"taxonomy":"post_tag","embeddable":true,"href":"https:\/\/sindaopcpb.org.br\/index.php\/wp-json\/wp\/v2\/tags?post=28197"}],"curies":[{"name":"wp","href":"https:\/\/api.w.org\/{rel}","templated":true}]}}