{"id":28191,"date":"2023-08-03T12:10:00","date_gmt":"2023-08-03T15:10:00","guid":{"rendered":"https:\/\/www.infomoney.com.br\/?p=2205081"},"modified":"2023-08-03T12:10:00","modified_gmt":"2023-08-03T15:10:00","slug":"descriminalizacao-de-drogas-por-decisao-do-stf-e-equivoco-grave-diz-pacheco","status":"publish","type":"post","link":"https:\/\/sindaopcpb.org.br\/index.php\/2023\/08\/03\/descriminalizacao-de-drogas-por-decisao-do-stf-e-equivoco-grave-diz-pacheco\/","title":{"rendered":"Descriminaliza\u00e7\u00e3o de drogas por decis\u00e3o do STF \u00e9 \u2018equ\u00edvoco grave\u2019, diz Pacheco"},"content":{"rendered":"<p><img loading=\"lazy\" width=\"300\" height=\"200\" src=\"https:\/\/www.infomoney.com.br\/wp-content\/uploads\/2022\/07\/52199147356_b9f3dce7da_c.jpg?fit=300%2C200&amp;quality=70&amp;strip=all\" class=\"attachment-medium size-medium wp-post-image\" alt=\"\" decoding=\"async\" style=\"float:right; margin:0 0 10px 10px;\" srcset=\"https:\/\/www.infomoney.com.br\/wp-content\/uploads\/2022\/07\/52199147356_b9f3dce7da_c.jpg?w=799&amp;quality=70&amp;strip=all 799w, https:\/\/www.infomoney.com.br\/wp-content\/uploads\/2022\/07\/52199147356_b9f3dce7da_c.jpg?w=300&amp;quality=70&amp;strip=all 300w, https:\/\/www.infomoney.com.br\/wp-content\/uploads\/2022\/07\/52199147356_b9f3dce7da_c.jpg?w=768&amp;quality=70&amp;strip=all 768w, https:\/\/www.infomoney.com.br\/wp-content\/uploads\/2022\/07\/52199147356_b9f3dce7da_c.jpg?w=150&amp;quality=70&amp;strip=all 150w\" sizes=\"auto, (max-width: 300px) 100vw, 300px\" data-attachment-id=\"1886325\" data-permalink=\"https:\/\/www.infomoney.com.br\/politica\/pacheco-abre-cpi-do-mec-e-outras-tres-comissoes-mas-investigacoes-ficam-para-depois-das-eleicoes\/attachment\/52199147356_b9f3dce7da_c\/\" data-orig-file=\"https:\/\/www.infomoney.com.br\/wp-content\/uploads\/2022\/07\/52199147356_b9f3dce7da_c.jpg?fit=799%2C533&amp;quality=70&amp;strip=all\" data-orig-size=\"799,533\" data-comments-opened=\"1\" data-image-meta=\"{&quot;aperture&quot;:&quot;0&quot;,&quot;credit&quot;:&quot;Marcos Oliveira\\\/Ag\\u00eancia Senado&quot;,&quot;camera&quot;:&quot;&quot;,&quot;caption&quot;:&quot;&quot;,&quot;created_timestamp&quot;:&quot;0&quot;,&quot;copyright&quot;:&quot;Senado Federal do Brasil&quot;,&quot;focal_length&quot;:&quot;0&quot;,&quot;iso&quot;:&quot;0&quot;,&quot;shutter_speed&quot;:&quot;0&quot;,&quot;title&quot;:&quot;&quot;,&quot;orientation&quot;:&quot;0&quot;}\" data-image-title=\"Rodrigo Pacheco\" data-image-description=\"\" data-image-caption=\"&lt;p&gt;O presidente do Senado Federal, Rodrigo Pacheco (PSD-MG), durante sess\u00e3o no plen\u00e1rio (Foto: Marcos Oliveira\/Ag\u00eancia Senado)&lt;\/p&gt;\n\" data-medium-file=\"https:\/\/www.infomoney.com.br\/wp-content\/uploads\/2022\/07\/52199147356_b9f3dce7da_c.jpg?fit=300%2C200&amp;quality=70&amp;strip=all\" data-large-file=\"https:\/\/www.infomoney.com.br\/wp-content\/uploads\/2022\/07\/52199147356_b9f3dce7da_c.jpg?fit=799%2C533&amp;quality=70&amp;strip=all\" title=\"\"><\/p>\n<p>O presidente do Senado, Rodrigo Pacheco, definiu como um &ldquo;equ&iacute;voco grave&rdquo; a possibilidade de descriminaliza&ccedil;&atilde;o do porte de drogas para consumo pessoal por decis&atilde;o do Supremo Tribunal Federal (STF). Julgamento neste sentido foi retomado nesta quarta-feira (2) pelo tribunal e suspenso depois de quatro votos a favor da descriminaliza&ccedil;&atilde;o. Segundo Pacheco, cabe exclusivamente ao Congresso Nacional discutir a quest&atilde;o, e uma decis&atilde;o do STF n&atilde;o pode ser contr&aacute;ria &agrave; lei vigente.<\/p>\n<p>&ldquo;Houve, a partir da concep&ccedil;&atilde;o da Lei Antidrogas, tamb&eacute;m uma op&ccedil;&atilde;o pol&iacute;tica de se prever o crime de tr&aacute;fico de drogas com a pena a ele cominada, e de prever tamb&eacute;m a criminaliza&ccedil;&atilde;o do porte para uso de drogas&rdquo;, afirmou em Plen&aacute;rio nesta quarta.<\/p>\n<p>Pacheco classificou a descriminaliza&ccedil;&atilde;o, sem discuss&atilde;o no Congresso e sem cria&ccedil;&atilde;o de programas de sa&uacute;de p&uacute;blica, como &ldquo;invas&atilde;o de compet&ecirc;ncia do Poder Legislativo&rdquo;.<\/p>\n<p>&ldquo;Ao se permitir ou ao se legalizar o porte de drogas para uso pessoal, de quem se ir&aacute; comprar a droga? De um traficante de drogas, que pratica um crime grav&iacute;ssimo equiparado a hediondo&rdquo;, disse.<\/p>\n<p>Ele cobrou dos ministros do STF a compreens&atilde;o do papel da arena pol&iacute;tica e afirmou que o Congresso est&aacute; &ldquo;trabalhando duramente&rdquo; pelo bem do pa&iacute;s.<\/p>\n<h2><strong>Piso da enfermagem<\/strong><\/h2>\n<p>Rodrigo Pacheco abriu seu comunicado reiterando que a Advocacia do Senado Federal (Advosf) elaborar&aacute; embargos de declara&ccedil;&atilde;o em face da decis&atilde;o do STF de suspender a efic&aacute;cia do piso nacional da enfermagem. Para ele, o recurso &eacute; uma &ldquo;afirma&ccedil;&atilde;o de cunho pol&iacute;tico&rdquo; em defesa das decis&otilde;es do Congresso. O presidente do Senado salientou que o Legislativo tomou a op&ccedil;&atilde;o de fazer justi&ccedil;a aos profissionais de enfermagem.<\/p>\n<p>&ldquo;Uma lei concebida no Congresso Nacional, da forma como foi o piso nacional da enfermagem, n&atilde;o &eacute; razo&aacute;vel que possa ser revista no &acirc;mbito do Poder Judici&aacute;rio&rdquo;, frisou.<\/p>\n<p>Os embargos de declara&ccedil;&atilde;o servem para esclarecer pontos contradit&oacute;rios ou obscuros e corrigir omiss&otilde;es de uma decis&atilde;o judicial proferida em &uacute;ltima inst&acirc;ncia. No caso do direito civil, podem tamb&eacute;m servir para corrigir erros. Em julgamento encerrado no in&iacute;cio de julho, o STF decidiu que o piso nacional da enfermagem para o setor p&uacute;blico deve ser pago pelos estados e munic&iacute;pios apenas na medida dos repasses feitos pela Uni&atilde;o para esse fim. No caso do setor privado, o pagamento do piso ficar&aacute; sujeito a negocia&ccedil;&atilde;o coletiva, e a lei ser&aacute; aplicada integralmente apenas se n&atilde;o houver acordo dentro de 60 dias (a contar da data da publica&ccedil;&atilde;o da decis&atilde;o).<\/p>\n<h2><strong>Apartes<\/strong><\/h2>\n<p>L&iacute;der do governo no Congresso, Randolfe Rodrigues (Rede-AP) saudou a posi&ccedil;&atilde;o de Pacheco de contestar a decis&atilde;o pelos meios legais e &ldquo;abrir o di&aacute;logo&rdquo; com o STF. Ele lembrou que o piso nacional da enfermagem foi aprovado por unanimidade no Senado e por ampla maioria na C&acirc;mara dos Deputados.<\/p>\n<p>&ldquo;&Eacute; assim que se comporta uma democracia. &Eacute; assim que se comporta um chefe de Poder, um dirigente da Rep&uacute;blica&rdquo;, disse.<\/p>\n<p>Rog&eacute;rio Marinho (PL-RN), l&iacute;der da Oposi&ccedil;&atilde;o no Senado, tamb&eacute;m cumprimentou Pacheco por defender o Congresso das viola&ccedil;&otilde;es &agrave; separa&ccedil;&atilde;o dos Poderes e do que chamou &ldquo;hipertrofia&rdquo; do Judici&aacute;rio, um processo que considera ter se avolumado ao longo do tempo.<\/p>\n<p>&ldquo;Est&aacute;vamos e estamos ainda impactados e quedados pela forma inusitada como o Judici&aacute;rio tem se comportado&rdquo;, destacou.<\/p>\n<p>Marcio Bittar (Uni&atilde;o-AC) lembrou que, em 2019, tanto ele quanto Pacheco participaram da resist&ecirc;ncia &agrave; cria&ccedil;&atilde;o de uma CPI do Poder Judici&aacute;rio &mdash; o que, em sua opini&atilde;o, teria gerado uma crise institucional capaz de paralisar o in&iacute;cio do governo de Jair Bolsonaro. Por sua vez, Jorge Seif (PL-SC) e saudou os &ldquo;gestos de pacifica&ccedil;&atilde;o&rdquo; de Pacheco, que, no entanto, n&atilde;o estariam sendo considerados pelo STF. Marcos Rog&eacute;rio (PL-RO) condenou as &ldquo;relativiza&ccedil;&otilde;es&rdquo; da compet&ecirc;ncia do Congresso e cobrou a aprova&ccedil;&atilde;o de projeto de decreto legislativo para enfrentar eventual decis&atilde;o do Supremo que se sobreponha ao posicionamento do Legislativo.<\/p>\n<p>Fl&aacute;vio Bolsonaro (PL-RJ) disse que o Congresso est&aacute; sendo &ldquo;desmoralizado&rdquo; e cobrou a abertura de processo de impeachment do ministro Lu&iacute;s Roberto Barroso por atua&ccedil;&atilde;o pol&iacute;tica indevida. Dr. Hiran (PP-RR) declarou esperar que o pronunciamento de Pacheco possa marcar o in&iacute;cio de um processo de &ldquo;simetria&rdquo; entre os Poderes. Augusta Brito (PT-CE) repercutiu o agradecimento dos profissionais de enfermagem pela atitude em defesa dos direitos legais da categoria. Esperidi&atilde;o Amin (PP-SC) afirmou que o piso da enfermagem &eacute; despesa &ldquo;constitucionalmente constitu&iacute;da&rdquo; e previu que a eventual descriminaliza&ccedil;&atilde;o de drogas por decis&atilde;o judicial gerar&aacute; gastos dificilmente calcul&aacute;veis. Magno Malta (PL-ES) disse que a Constitui&ccedil;&atilde;o deve ser respeitada e contestou o direito do STF de desfazer o trabalho do Legislativo.<\/p>\n<p>Eduardo Gir&atilde;o (Novo-CE) entende que as prerrogativas e compet&ecirc;ncias dos parlamentares t&ecirc;m sido usurpadas, mas disse que o Senado deve evitar tomar atitudes &ldquo;com a espada na cabe&ccedil;a&rdquo;. Carlos Viana (Podemos-MG) expressou a preocupa&ccedil;&atilde;o da Frente Parlamentar Evang&eacute;lica sobre a quest&atilde;o da descriminaliza&ccedil;&atilde;o das drogas. Efraim Filho (Uni&atilde;o-PB) avaliou que a fala de Pacheco contribuiu para a suspens&atilde;o da vota&ccedil;&atilde;o no STF e criticou decis&otilde;es que ultrapassam a compet&ecirc;ncia do Judici&aacute;rio. Eduardo Braga (MDB-AM) saudou o presidente do Senado pela defesa &ldquo;serena e firme&rdquo; do Estado democr&aacute;tico de direito. Astronauta Marcos Pontes (PL-SP) declarou esperar que as palavras de Pacheco se reflitam em trabalho em defesa da democracia. Tereza Cristina (PP-MS) disse que a Casa deve &ldquo;cobrar o que deve ser cobrado&rdquo;.<\/p>\n<p>Omar Aziz (PSD-AM) saudou a manifesta&ccedil;&atilde;o de Pacheco em defesa da Constitui&ccedil;&atilde;o e de seus pares e criticou duramente senadores que atacam o pr&oacute;prio Senado. Cleitinho (Republicanos-MG) expressou apoio total ao presidente do Senado. Jayme Campos (Uni&atilde;o-MT) avaliou que o STF tem &ldquo;exagerado&rdquo;, mas o gesto de defesa do Senado contribui para restabelecer a autoestima dos parlamentares. Carlos Portinho (PL-RJ) expressou preocupa&ccedil;&atilde;o com a possibilidade de o STF ter suspendido o julgamento da descriminaliza&ccedil;&atilde;o para for&ccedil;ar o Congresso a legislar novamente sobre o tema. Luis Carlos Heinze (PP-RS) apontou &ldquo;abuso&rdquo; do STF e pediu um posicionamento legislativo sobre o marco temporal. Margareth Buzetti (PSD-MT) pontuou que a harmonia entre os Poderes requer respeito m&uacute;tuo. Professora Dorinha Seabra (Uni&atilde;o-TO) lembrou que temas complexos como o das drogas requerem longa discuss&atilde;o e cobrou fortalecimento cont&iacute;nuo do Congresso. E Fl&aacute;vio Arns (PSB-PR) comemorou a converg&ecirc;ncia suprapartid&aacute;ria do Senado em defesa das prerrogativas constitucionais da Casa.<\/p>\n<\/p>\n<div class=\"cta-end\">\n<div class=\"im-cta\" >\n<div class=\"im-shortcode-forms bg-light bg-opacity-25 border rounded-4 p-3 p-sm-4 p-md-3 p-lg-4 px-xxl-5 my-5\" data-configuration='{\"form_name\":false,\"form_hat\":\"Newsletter\",\"form_email\":true,\"form_icon\":\"newsletter\",\"form_phone\":false,\"form_campaign\":\"NIM\",\"form_thankyou\":\"\",\"form_journey\":\"APIEvent-26a5198d-8e09-06ef-5f80-cd9127757ad1\",\"form_button\":\"Quero receber\",\"form_context\":\"newsletter\",\"form_origin\":\"https:\\\/\\\/www.infomoney.com.br\\\/politica\\\/feed\\\/?utm_medium=materia&#038;utm_source=infomoney&#038;utm_campaign=NIM&#038;utm_term=politica&#038;utm_content=newsletter\",\"form_position\":\"final\",\"form_category\":\"cta_form\"}'>\n<div class=\"d-flex flex-column align-items-center align-items-lg-start mb-4 flex-lg-row\">\n<div class=\"rounded-circle mb-2 mb-lg-0 mr-lg-4 me-lg-4 p-3 p-lg-4 bg-blue-400\"><svg width=\"40\" height=\"40\" viewBox=\"0 0 40 40\" fill=\"none\" xmlns=\"http:\/\/www.w3.org\/2000\/svg\"><path d=\"M20 20.25 6.042 11.042v19.041c0 .167.048.299.146.396a.535.535 0 0 0 .395.146h15.792V32.5H6.583a2.328 2.328 0 0 1-1.708-.708 2.328 2.328 0 0 1-.708-1.709V9.917c0-.667.236-1.236.708-1.709A2.328 2.328 0 0 1 6.583 7.5h26.834c.666 0 1.236.236 1.708.708a2.33 2.33 0 0 1 .708 1.709v12.458h-1.875V11.042L20 20.25Zm0-2 13.667-8.875H6.333L20 18.25Zm11.75 18.958-1.292-1.333 3.334-3.375h-9v-1.875h9l-3.375-3.417 1.333-1.291 5.667 5.625-5.667 5.666ZM6.042 11.042v20.791-9.458.25-13.25 1.667Z\" fill=\"#fff\"\/><\/svg><\/div>\n<div class=\"flex-fill text-center text-lg-left\">\n<div class=\"h6 small text-orange-700 lh-base mb-1\">Newsletter<\/div>\n<div class=\"text-body h4 m-0\">Infomorning<\/div>\n<div class=\"text-body small lh-base mt-2\">Receba no seu e-mail logo pela manh&atilde; as not&iacute;cias que v&atilde;o mexer com os mercados, com os seus investimentos e o seu bolso durante o dia<\/div>\n<\/div>\n<\/div>\n<\/div>\n<\/div>\n<\/div>\n<p>The post <a rel=\"nofollow noopener\" href=\"https:\/\/www.infomoney.com.br\/politica\/descriminalizacao-de-drogas-por-decisao-do-stf-e-equivoco-grave-diz-pacheco\/\" target=\"_blank\">Descriminaliza\u00e7\u00e3o de drogas por decis\u00e3o do STF \u00e9 &#8216;equ\u00edvoco grave&#8217;, diz Pacheco<\/a> appeared first on <a rel=\"nofollow noopener\" href=\"https:\/\/www.infomoney.com.br\/\" target=\"_blank\">InfoMoney<\/a>.<\/p>\n","protected":false},"excerpt":{"rendered":"<p><img loading=\"lazy\" decoding=\"async\" width=\"300\" height=\"200\" src=\"https:\/\/www.infomoney.com.br\/wp-content\/uploads\/2022\/07\/52199147356_b9f3dce7da_c.jpg?fit=300%2C200&amp;quality=70&amp;strip=all\" class=\"attachment-medium size-medium wp-post-image\" alt=\"\" data-attachment-id=\"1886325\" data-permalink=\"https:\/\/www.infomoney.com.br\/politica\/pacheco-abre-cpi-do-mec-e-outras-tres-comissoes-mas-investigacoes-ficam-para-depois-das-eleicoes\/attachment\/52199147356_b9f3dce7da_c\/\" data-orig-file=\"https:\/\/www.infomoney.com.br\/wp-content\/uploads\/2022\/07\/52199147356_b9f3dce7da_c.jpg?fit=799%2C533&amp;quality=70&amp;strip=all\" data-orig-size=\"799,533\" data-comments-opened=\"1\" data-image-meta='{\"aperture\":\"0\",\"credit\":\"Marcos Oliveira\\\/Ag\\u00eancia Senado\",\"camera\":\"\",\"caption\":\"\",\"created_timestamp\":\"0\",\"copyright\":\"Senado Federal do Brasil\",\"focal_length\":\"0\",\"iso\":\"0\",\"shutter_speed\":\"0\",\"title\":\"\",\"orientation\":\"0\"}' data-image-title=\"Rodrigo Pacheco\" data-image-description=\"\" data-image-caption=\"&lt;p&gt;O presidente do Senado Federal, Rodrigo Pacheco (PSD-MG), durante sess\u00e3o no plen\u00e1rio (Foto: Marcos Oliveira\/Ag\u00eancia Senado)&lt;\/p&gt;\n\" data-medium-file=\"https:\/\/www.infomoney.com.br\/wp-content\/uploads\/2022\/07\/52199147356_b9f3dce7da_c.jpg?fit=300%2C200&amp;quality=70&amp;strip=all\" data-large-file=\"https:\/\/www.infomoney.com.br\/wp-content\/uploads\/2022\/07\/52199147356_b9f3dce7da_c.jpg?fit=799%2C533&amp;quality=70&amp;strip=all\">Pacheco classificou o gesto do Judici\u00e1rio como \u201cinvas\u00e3o de compet\u00eancia do Poder Legislativo\u201d<\/p>\n<p>The post <a rel=\"nofollow\" href=\"https:\/\/www.infomoney.com.br\/politica\/descriminalizacao-de-drogas-por-decisao-do-stf-e-equivoco-grave-diz-pacheco\/\">Descriminaliza\u00e7\u00e3o de drogas por decis\u00e3o do STF \u00e9 \u2018equ\u00edvoco grave\u2019, diz Pacheco<\/a> appeared first on <a rel=\"nofollow\" href=\"https:\/\/www.infomoney.com.br\/\">InfoMoney<\/a>.<\/p>\n","protected":false},"author":47,"featured_media":0,"comment_status":"closed","ping_status":"closed","sticky":false,"template":"","format":"standard","meta":{"advgb_blocks_editor_width":"","advgb_blocks_columns_visual_guide":"","footnotes":""},"categories":[34,1605,47,589,403,449],"tags":[35],"class_list":["post-28191","post","type-post","status-publish","format-standard","hentry","category-g1","category-maconha","category-politica","category-rodrigo-pacheco","category-senado","category-stf","tag-g1"],"author_meta":{"display_name":"luispereira","author_link":"https:\/\/sindaopcpb.org.br\/author\/luispereira\/"},"featured_img":null,"coauthors":[],"tax_additional":{"categories":{"linked":["<a href=\"https:\/\/sindaopcpb.org.br\/g1\/\" class=\"advgb-post-tax-term\">G1<\/a>","<a href=\"https:\/\/sindaopcpb.org.br\/maconha\/\" class=\"advgb-post-tax-term\">maconha<\/a>","<a href=\"https:\/\/sindaopcpb.org.br\/politica\/\" class=\"advgb-post-tax-term\">POLITICA<\/a>","<a href=\"https:\/\/sindaopcpb.org.br\/rodrigo-pacheco\/\" class=\"advgb-post-tax-term\">Rodrigo Pacheco<\/a>","<a href=\"https:\/\/sindaopcpb.org.br\/senado\/\" class=\"advgb-post-tax-term\">Senado<\/a>","<a href=\"https:\/\/sindaopcpb.org.br\/stf\/\" class=\"advgb-post-tax-term\">STF<\/a>"],"unlinked":["<span class=\"advgb-post-tax-term\">G1<\/span>","<span class=\"advgb-post-tax-term\">maconha<\/span>","<span class=\"advgb-post-tax-term\">POLITICA<\/span>","<span class=\"advgb-post-tax-term\">Rodrigo Pacheco<\/span>","<span class=\"advgb-post-tax-term\">Senado<\/span>","<span class=\"advgb-post-tax-term\">STF<\/span>"]},"tags":{"linked":["<a href=\"https:\/\/sindaopcpb.org.br\/stf\/\" class=\"advgb-post-tax-term\">g1<\/a>"],"unlinked":["<span class=\"advgb-post-tax-term\">g1<\/span>"]}},"comment_count":"0","relative_dates":{"created":"Publicado 3 anos atr\u00e1s","modified":"Atualizado 3 anos atr\u00e1s"},"absolute_dates":{"created":"Publicado em 3 de agosto de 2023","modified":"Atualizado em 3 de agosto de 2023"},"absolute_dates_time":{"created":"Publicado em 3 de agosto de 2023 12:10","modified":"Atualizado em 3 de agosto de 2023 12:10"},"featured_img_caption":"","series_order":"","_links":{"self":[{"href":"https:\/\/sindaopcpb.org.br\/index.php\/wp-json\/wp\/v2\/posts\/28191","targetHints":{"allow":["GET"]}}],"collection":[{"href":"https:\/\/sindaopcpb.org.br\/index.php\/wp-json\/wp\/v2\/posts"}],"about":[{"href":"https:\/\/sindaopcpb.org.br\/index.php\/wp-json\/wp\/v2\/types\/post"}],"author":[{"embeddable":true,"href":"https:\/\/sindaopcpb.org.br\/index.php\/wp-json\/wp\/v2\/users\/47"}],"replies":[{"embeddable":true,"href":"https:\/\/sindaopcpb.org.br\/index.php\/wp-json\/wp\/v2\/comments?post=28191"}],"version-history":[{"count":1,"href":"https:\/\/sindaopcpb.org.br\/index.php\/wp-json\/wp\/v2\/posts\/28191\/revisions"}],"predecessor-version":[{"id":28192,"href":"https:\/\/sindaopcpb.org.br\/index.php\/wp-json\/wp\/v2\/posts\/28191\/revisions\/28192"}],"wp:attachment":[{"href":"https:\/\/sindaopcpb.org.br\/index.php\/wp-json\/wp\/v2\/media?parent=28191"}],"wp:term":[{"taxonomy":"category","embeddable":true,"href":"https:\/\/sindaopcpb.org.br\/index.php\/wp-json\/wp\/v2\/categories?post=28191"},{"taxonomy":"post_tag","embeddable":true,"href":"https:\/\/sindaopcpb.org.br\/index.php\/wp-json\/wp\/v2\/tags?post=28191"}],"curies":[{"name":"wp","href":"https:\/\/api.w.org\/{rel}","templated":true}]}}