{"id":28185,"date":"2023-08-03T11:58:04","date_gmt":"2023-08-03T14:58:04","guid":{"rendered":"https:\/\/wpa.wscom.com.br\/?p=915627"},"modified":"2023-08-03T11:58:04","modified_gmt":"2023-08-03T14:58:04","slug":"governos-da-pb-pe-ce-e-rn-assinam-protocolo-para-autossustentacao-e-uso-da-transposicao","status":"publish","type":"post","link":"https:\/\/sindaopcpb.org.br\/index.php\/2023\/08\/03\/governos-da-pb-pe-ce-e-rn-assinam-protocolo-para-autossustentacao-e-uso-da-transposicao\/","title":{"rendered":"Governos da PB, PE, CE e RN assinam Protocolo para autossustenta\u00e7\u00e3o e uso da Transposi\u00e7\u00e3o"},"content":{"rendered":"<p>&nbsp;<\/p>\n<p>&nbsp;<\/p>\n<p><strong>Por Walter Santos<\/strong><\/p>\n<p>O ministro do Desenvolvimento Regional, Waldez G\u00f3es, confirmou presen\u00e7a nesta sexta-feira (4), em Jo\u00e3o Pessoa, para assinatura de Protocolo entre Uni\u00e3o e estados da Para\u00edba, Pernambuco, Cear\u00e1 e Rio Grande do Norte para uso e autossustenta\u00e7\u00e3o da Transposi\u00e7\u00e3o do Rio S\u00e3o Francisco.<\/p>\n<p>Segundo explicou o Secret\u00e1rio de Recursos Hidricos da Para\u00edba, Deusdete Queiroga, o protocolo simboliza compromisso dos governos com a Uni\u00e3o visando enviar \u00e0s Assembleias Legislativas projeto para permitir o uso do FPE (Fundo de Participa\u00e7\u00e3o dos Estados) para pagamento do custeio do servi\u00e7o da obra em maior parte da energia.<\/p>\n<p>Os governos ainda se comprometem, segundo Deusdete, a construir com o Governo Federal os termos de contrato a ser assinado at\u00e9 o m\u00eas de mar\u00e7o de 2024 celebrando assim as condi\u00e7\u00f5es de autossustenta\u00e7\u00e3o da Transposi\u00e7\u00e3o visando os quatro estados.<\/p>\n<p>O post <a rel=\"nofollow noopener\" href=\"https:\/\/wscom.com.br\/governos-da-pb-pe-ce-e-rn-assinam-protocolo-para-autossustentacao-e-uso-da-transposicao\/\" target=\"_blank\">Governos da PB, PE, CE e RN assinam Protocolo para autossustenta\u00e7\u00e3o e uso da Transposi\u00e7\u00e3o<\/a> apareceu primeiro em <a rel=\"nofollow noopener\" href=\"https:\/\/wscom.com.br\/\" target=\"_blank\">WSCOM<\/a>.<\/p>\n","protected":false},"excerpt":{"rendered":"<p>\u00a0 \u00a0 Por Walter Santos O ministro do Desenvolvimento Regional, Waldez G\u00f3es, confirmou presen\u00e7a nesta sexta-feira (4), em Jo\u00e3o Pessoa, para assinatura de Protocolo entre Uni\u00e3o e estados da Para\u00edba, Pernambuco, Cear\u00e1 e Rio Grande do Norte para uso e autossustenta\u00e7\u00e3o da Transposi\u00e7\u00e3o do Rio S\u00e3o Francisco. Segundo explicou o Secret\u00e1rio de Recursos Hidricos da [\u2026]<\/p>\n<p>O post <a rel=\"nofollow\" href=\"https:\/\/wscom.com.br\/governos-da-pb-pe-ce-e-rn-assinam-protocolo-para-autossustentacao-e-uso-da-transposicao\/\">Governos da PB, PE, CE e RN assinam Protocolo para autossustenta\u00e7\u00e3o e uso da Transposi\u00e7\u00e3o<\/a> apareceu primeiro em <a rel=\"nofollow\" href=\"https:\/\/wscom.com.br\/\">WSCOM<\/a>.<\/p>\n","protected":false},"author":42,"featured_media":0,"comment_status":"closed","ping_status":"closed","sticky":false,"template":"","format":"standard","meta":{"advgb_blocks_editor_width":"","advgb_blocks_columns_visual_guide":"","footnotes":""},"categories":[7316,7317,7318,7319,34,421,440,197,47,7320,7321],"tags":[35],"class_list":["post-28185","post","type-post","status-publish","format-standard","hentry","category-assinatura-de-protocolo","category-autossustentacao","category-deusdete-queiroga","category-fundo-de-participacao-dos-estados","category-g1","category-governadores","category-joao-azevedo","category-nordeste","category-politica","category-transposicao-do-rio-sao-francisco","category-waldez-goes","tag-g1"],"author_meta":{"display_name":"Rafael Andrade","author_link":"https:\/\/sindaopcpb.org.br\/author\/rafael-andrade\/"},"featured_img":null,"coauthors":[],"tax_additional":{"categories":{"linked":["<a href=\"https:\/\/sindaopcpb.org.br\/assinatura-de-protocolo\/\" class=\"advgb-post-tax-term\">assinatura de Protocolo<\/a>","<a href=\"https:\/\/sindaopcpb.org.br\/autossustentacao\/\" class=\"advgb-post-tax-term\">autossustenta\u00e7\u00e3o<\/a>","<a href=\"https:\/\/sindaopcpb.org.br\/deusdete-queiroga\/\" class=\"advgb-post-tax-term\">deusdete queiroga<\/a>","<a href=\"https:\/\/sindaopcpb.org.br\/fundo-de-participacao-dos-estados\/\" class=\"advgb-post-tax-term\">Fundo de Participa\u00e7\u00e3o dos Estados<\/a>","<a href=\"https:\/\/sindaopcpb.org.br\/g1\/\" class=\"advgb-post-tax-term\">G1<\/a>","<a href=\"https:\/\/sindaopcpb.org.br\/governadores\/\" class=\"advgb-post-tax-term\">Governadores<\/a>","<a href=\"https:\/\/sindaopcpb.org.br\/joao-azevedo\/\" class=\"advgb-post-tax-term\">jo\u00e3o azevedo<\/a>","<a href=\"https:\/\/sindaopcpb.org.br\/nordeste\/\" class=\"advgb-post-tax-term\">Nordeste<\/a>","<a href=\"https:\/\/sindaopcpb.org.br\/politica\/\" class=\"advgb-post-tax-term\">POLITICA<\/a>","<a href=\"https:\/\/sindaopcpb.org.br\/transposicao-do-rio-sao-francisco\/\" class=\"advgb-post-tax-term\">Transposi\u00e7\u00e3o do rio S\u00e3o Francisco<\/a>","<a href=\"https:\/\/sindaopcpb.org.br\/waldez-goes\/\" class=\"advgb-post-tax-term\">Waldez G\u00f3es<\/a>"],"unlinked":["<span class=\"advgb-post-tax-term\">assinatura de Protocolo<\/span>","<span class=\"advgb-post-tax-term\">autossustenta\u00e7\u00e3o<\/span>","<span class=\"advgb-post-tax-term\">deusdete queiroga<\/span>","<span class=\"advgb-post-tax-term\">Fundo de Participa\u00e7\u00e3o dos Estados<\/span>","<span class=\"advgb-post-tax-term\">G1<\/span>","<span class=\"advgb-post-tax-term\">Governadores<\/span>","<span class=\"advgb-post-tax-term\">jo\u00e3o azevedo<\/span>","<span class=\"advgb-post-tax-term\">Nordeste<\/span>","<span class=\"advgb-post-tax-term\">POLITICA<\/span>","<span class=\"advgb-post-tax-term\">Transposi\u00e7\u00e3o do rio S\u00e3o Francisco<\/span>","<span class=\"advgb-post-tax-term\">Waldez G\u00f3es<\/span>"]},"tags":{"linked":["<a href=\"https:\/\/sindaopcpb.org.br\/waldez-goes\/\" class=\"advgb-post-tax-term\">g1<\/a>"],"unlinked":["<span class=\"advgb-post-tax-term\">g1<\/span>"]}},"comment_count":"0","relative_dates":{"created":"Publicado 3 anos atr\u00e1s","modified":"Atualizado 3 anos atr\u00e1s"},"absolute_dates":{"created":"Publicado em 3 de agosto de 2023","modified":"Atualizado em 3 de agosto de 2023"},"absolute_dates_time":{"created":"Publicado em 3 de agosto de 2023 11:58","modified":"Atualizado em 3 de agosto de 2023 11:58"},"featured_img_caption":"","series_order":"","_links":{"self":[{"href":"https:\/\/sindaopcpb.org.br\/index.php\/wp-json\/wp\/v2\/posts\/28185","targetHints":{"allow":["GET"]}}],"collection":[{"href":"https:\/\/sindaopcpb.org.br\/index.php\/wp-json\/wp\/v2\/posts"}],"about":[{"href":"https:\/\/sindaopcpb.org.br\/index.php\/wp-json\/wp\/v2\/types\/post"}],"author":[{"embeddable":true,"href":"https:\/\/sindaopcpb.org.br\/index.php\/wp-json\/wp\/v2\/users\/42"}],"replies":[{"embeddable":true,"href":"https:\/\/sindaopcpb.org.br\/index.php\/wp-json\/wp\/v2\/comments?post=28185"}],"version-history":[{"count":1,"href":"https:\/\/sindaopcpb.org.br\/index.php\/wp-json\/wp\/v2\/posts\/28185\/revisions"}],"predecessor-version":[{"id":28186,"href":"https:\/\/sindaopcpb.org.br\/index.php\/wp-json\/wp\/v2\/posts\/28185\/revisions\/28186"}],"wp:attachment":[{"href":"https:\/\/sindaopcpb.org.br\/index.php\/wp-json\/wp\/v2\/media?parent=28185"}],"wp:term":[{"taxonomy":"category","embeddable":true,"href":"https:\/\/sindaopcpb.org.br\/index.php\/wp-json\/wp\/v2\/categories?post=28185"},{"taxonomy":"post_tag","embeddable":true,"href":"https:\/\/sindaopcpb.org.br\/index.php\/wp-json\/wp\/v2\/tags?post=28185"}],"curies":[{"name":"wp","href":"https:\/\/api.w.org\/{rel}","templated":true}]}}