{"id":28183,"date":"2023-08-03T12:28:02","date_gmt":"2023-08-03T15:28:02","guid":{"rendered":"https:\/\/wpa.wscom.com.br\/?p=915632"},"modified":"2023-08-03T12:28:02","modified_gmt":"2023-08-03T15:28:02","slug":"pgr-defende-arquivamento-de-acao-contra-nilvan-walber-eliza-e-cabo-gilberto-pamela-segue-investigada","status":"publish","type":"post","link":"https:\/\/sindaopcpb.org.br\/index.php\/2023\/08\/03\/pgr-defende-arquivamento-de-acao-contra-nilvan-walber-eliza-e-cabo-gilberto-pamela-segue-investigada\/","title":{"rendered":"PGR defende arquivamento de a\u00e7\u00e3o contra Nilvan, Walber, Eliza e Cabo Gilberto; P\u00e2mela segue investigada"},"content":{"rendered":"<p>&nbsp;<\/p>\n<p>&nbsp;<\/p>\n<p>O subprocurador Carlos Frederico Santos, da Procuradoria-Geral da Rep\u00fablica (PGR), defendeu o arquivamento da investiga\u00e7\u00e3o contra os deputados Walber Virgolino (PL) e Cabo Gilberto Silva (PL), o ex-candidato ao governo do estado pelo PL, Nilvan Ferreira, e a vereadora de Jo\u00e3o Pessoa Eliza Virg\u00ednia (PP) acerca dos atos terroristas de 8 de janeiro. O pedido encaminhado ao Supremo Tribunal Federal (STF) \u00e9 referente ao processo movido pelo Diret\u00f3rio Estadual do PSOL, que apontou a incita\u00e7\u00e3o dos bolsonaristas ao atentado antidemocr\u00e1tico.<\/p>\n<p>Para o subprocurador, as publica\u00e7\u00f5es feitas pelos pol\u00edticos bolsonaristas \u201cn\u00e3o tiveram a potencial musculatura para preencher as elementares do crime de incita\u00e7\u00e3o\u201d. Frederico, no entanto, solicitou um aprofundamento nas investiga\u00e7\u00f5es contra P\u00e2mela B\u00f3rio, j\u00e1 que h\u00e1 evid\u00eancias em v\u00eddeos que provam que a a ex-primeira-dama da Para\u00edba esteve presente nos atos. Dessa forma, o subprocurador pediu m\u00eddias complementares para definir\u00a0se P\u00e2mela participou efetivamente da destrui\u00e7\u00e3o dos bens p\u00fablicos ou se teria apenas incitado os atos antidemocr\u00e1ticos.<\/p>\n<p>\u201cO relat\u00f3rio apresentado pela Pol\u00edcia Federal menciona \u201cuma s\u00e9rie de v\u00eddeos publicados nos stories do perfil @pamelaboriooficial no Instagram, com \u201cselo\u201d de verifica\u00e7\u00e3o\u201d, em outro trecho, a autoridade policial afirma que \u201cem novas buscas foi poss\u00edvel identificar reportagem sobre o assunto, contendo v\u00eddeo. Assim, a defini\u00e7\u00e3o acerca dos elementos de convic\u00e7\u00e3o que demonstrem a viabilidade de eventual a\u00e7\u00e3o penal n\u00e3o prescinde da an\u00e1lise acurada dos mencionados v\u00eddeos, anexados aos autos pela autoridade policial\u201d, escreveu o subprocurador.<\/p>\n<p>Caber\u00e1, agora, ao ministro Alexandre de Moraes, relator da a\u00e7\u00e3o no Supremo, acatar o entendimento da PGR ou dar continuidade \u00e0s investiga\u00e7\u00f5es junto \u00e0 Pol\u00edcia Federal.<\/p>\n<p>O post <a rel=\"nofollow noopener\" href=\"https:\/\/wscom.com.br\/pgr-defende-arquivamento-de-acao-contra-nilvan-walber-eliza-e-cabo-gilberto\/\" target=\"_blank\">PGR defende arquivamento de a\u00e7\u00e3o contra Nilvan, Walber, Eliza e Cabo Gilberto; P\u00e2mela segue investigada<\/a> apareceu primeiro em <a rel=\"nofollow noopener\" href=\"https:\/\/wscom.com.br\/\" target=\"_blank\">WSCOM<\/a>.<\/p>\n","protected":false},"excerpt":{"rendered":"<p>\u00a0 \u00a0 O subprocurador Carlos Frederico Santos, da Procuradoria-Geral da Rep\u00fablica (PGR), defendeu o arquivamento da investiga\u00e7\u00e3o contra os deputados Walber Virgolino (PL) e Cabo Gilberto Silva (PL), o ex-candidato ao governo do estado pelo PL, Nilvan Ferreira, e a vereadora de Jo\u00e3o Pessoa Eliza Virg\u00ednia (PP) acerca dos atos terroristas de 8 de janeiro. [\u2026]<\/p>\n<p>O post <a rel=\"nofollow\" href=\"https:\/\/wscom.com.br\/pgr-defende-arquivamento-de-acao-contra-nilvan-walber-eliza-e-cabo-gilberto\/\">PGR defende arquivamento de a\u00e7\u00e3o contra Nilvan, Walber, Eliza e Cabo Gilberto; P\u00e2mela segue investigada<\/a> apareceu primeiro em <a rel=\"nofollow\" href=\"https:\/\/wscom.com.br\/\">WSCOM<\/a>.<\/p>\n","protected":false},"author":42,"featured_media":0,"comment_status":"closed","ping_status":"closed","sticky":false,"template":"","format":"standard","meta":{"advgb_blocks_editor_width":"","advgb_blocks_columns_visual_guide":"","footnotes":""},"categories":[7315,1519,34,278,828,3433,1024,47,829],"tags":[35],"class_list":["post-28183","post","type-post","status-publish","format-standard","hentry","category-arquivamento","category-eliza-virginia","category-g1","category-justica","category-nilvan-ferreira","category-pamela-borio","category-pgr","category-politica","category-walber-virgolino","tag-g1"],"author_meta":{"display_name":"Rafael Andrade","author_link":"https:\/\/sindaopcpb.org.br\/author\/rafael-andrade\/"},"featured_img":null,"coauthors":[],"tax_additional":{"categories":{"linked":["<a href=\"https:\/\/sindaopcpb.org.br\/arquivamento\/\" class=\"advgb-post-tax-term\">Arquivamento<\/a>","<a href=\"https:\/\/sindaopcpb.org.br\/eliza-virginia\/\" class=\"advgb-post-tax-term\">Eliza Virg\u00ednia<\/a>","<a href=\"https:\/\/sindaopcpb.org.br\/g1\/\" class=\"advgb-post-tax-term\">G1<\/a>","<a href=\"https:\/\/sindaopcpb.org.br\/justica\/\" class=\"advgb-post-tax-term\">Justi\u00e7a<\/a>","<a href=\"https:\/\/sindaopcpb.org.br\/nilvan-ferreira\/\" class=\"advgb-post-tax-term\">nilvan ferreira<\/a>","<a href=\"https:\/\/sindaopcpb.org.br\/pamela-borio\/\" class=\"advgb-post-tax-term\">pamela borio<\/a>","<a href=\"https:\/\/sindaopcpb.org.br\/pgr\/\" class=\"advgb-post-tax-term\">PGR<\/a>","<a href=\"https:\/\/sindaopcpb.org.br\/politica\/\" class=\"advgb-post-tax-term\">POLITICA<\/a>","<a href=\"https:\/\/sindaopcpb.org.br\/walber-virgolino\/\" class=\"advgb-post-tax-term\">walber virgolino<\/a>"],"unlinked":["<span class=\"advgb-post-tax-term\">Arquivamento<\/span>","<span class=\"advgb-post-tax-term\">Eliza Virg\u00ednia<\/span>","<span class=\"advgb-post-tax-term\">G1<\/span>","<span class=\"advgb-post-tax-term\">Justi\u00e7a<\/span>","<span class=\"advgb-post-tax-term\">nilvan ferreira<\/span>","<span class=\"advgb-post-tax-term\">pamela borio<\/span>","<span class=\"advgb-post-tax-term\">PGR<\/span>","<span class=\"advgb-post-tax-term\">POLITICA<\/span>","<span class=\"advgb-post-tax-term\">walber virgolino<\/span>"]},"tags":{"linked":["<a href=\"https:\/\/sindaopcpb.org.br\/walber-virgolino\/\" class=\"advgb-post-tax-term\">g1<\/a>"],"unlinked":["<span class=\"advgb-post-tax-term\">g1<\/span>"]}},"comment_count":"0","relative_dates":{"created":"Publicado 3 anos atr\u00e1s","modified":"Atualizado 3 anos atr\u00e1s"},"absolute_dates":{"created":"Publicado em 3 de agosto de 2023","modified":"Atualizado em 3 de agosto de 2023"},"absolute_dates_time":{"created":"Publicado em 3 de agosto de 2023 12:28","modified":"Atualizado em 3 de agosto de 2023 12:28"},"featured_img_caption":"","series_order":"","_links":{"self":[{"href":"https:\/\/sindaopcpb.org.br\/index.php\/wp-json\/wp\/v2\/posts\/28183","targetHints":{"allow":["GET"]}}],"collection":[{"href":"https:\/\/sindaopcpb.org.br\/index.php\/wp-json\/wp\/v2\/posts"}],"about":[{"href":"https:\/\/sindaopcpb.org.br\/index.php\/wp-json\/wp\/v2\/types\/post"}],"author":[{"embeddable":true,"href":"https:\/\/sindaopcpb.org.br\/index.php\/wp-json\/wp\/v2\/users\/42"}],"replies":[{"embeddable":true,"href":"https:\/\/sindaopcpb.org.br\/index.php\/wp-json\/wp\/v2\/comments?post=28183"}],"version-history":[{"count":2,"href":"https:\/\/sindaopcpb.org.br\/index.php\/wp-json\/wp\/v2\/posts\/28183\/revisions"}],"predecessor-version":[{"id":28199,"href":"https:\/\/sindaopcpb.org.br\/index.php\/wp-json\/wp\/v2\/posts\/28183\/revisions\/28199"}],"wp:attachment":[{"href":"https:\/\/sindaopcpb.org.br\/index.php\/wp-json\/wp\/v2\/media?parent=28183"}],"wp:term":[{"taxonomy":"category","embeddable":true,"href":"https:\/\/sindaopcpb.org.br\/index.php\/wp-json\/wp\/v2\/categories?post=28183"},{"taxonomy":"post_tag","embeddable":true,"href":"https:\/\/sindaopcpb.org.br\/index.php\/wp-json\/wp\/v2\/tags?post=28183"}],"curies":[{"name":"wp","href":"https:\/\/api.w.org\/{rel}","templated":true}]}}