{"id":28181,"date":"2023-08-03T10:16:55","date_gmt":"2023-08-03T13:16:55","guid":{"rendered":"https:\/\/wpa.wscom.com.br\/?p=915589"},"modified":"2023-08-03T10:16:55","modified_gmt":"2023-08-03T13:16:55","slug":"desaparecimento-da-menina-ana-sophia-completa-um-mes-ainda-sem-resolucao-mae-revela-esperanca-em-encontra-la-viva","status":"publish","type":"post","link":"https:\/\/sindaopcpb.org.br\/index.php\/2023\/08\/03\/desaparecimento-da-menina-ana-sophia-completa-um-mes-ainda-sem-resolucao-mae-revela-esperanca-em-encontra-la-viva\/","title":{"rendered":"Desaparecimento da menina Ana Sophia completa um m\u00eas ainda sem resolu\u00e7\u00e3o; m\u00e3e revela esperan\u00e7a em encontr\u00e1-la viva"},"content":{"rendered":"<p>O desaparecimento da menina Ana Sophia completa, hoje (4), um m\u00eas. A crian\u00e7a de oito anos sumiu em Bananeiras, e a sua fam\u00edlia ainda busca por respostas. Uma intensa for\u00e7a-tarefa continua montada e mobilizada para localiz\u00e1-la, mas at\u00e9 o momento n\u00e3o foram encontrados vest\u00edgios do paradeiro da menina.<\/p>\n<p>Desde o primeiro momento em que a fam\u00edlia denunciou o desaparecimento, as autoridades da Para\u00edba foram acionadas e mant\u00eam as investiga\u00e7\u00f5es, com uma equipe composta por uma delegada, oito agentes e um escriv\u00e3o, com o objetivo de dar continuidade \u00e0s buscas. Nenhuma linha de investiga\u00e7\u00e3o foi descartada, e dilig\u00eancias est\u00e3o sendo realizadas.<\/p>\n<p>Em entrevista \u00e0 TV Correio, a m\u00e3e de Ana Sophia, Maria do Socorro, expressou sua cren\u00e7a de que a filha esteja viva.<\/p>\n<p>\u201cMeu cora\u00e7\u00e3o sente, Sophia t\u00e1 viva, em algum lugar desse Brasil. Deus vai trazer ela pra mim\u201d, disse Maria do Socorro.<\/p>\n<p>Ainda n\u00e3o h\u00e1 uma previs\u00e3o exata para a conclus\u00e3o do caso, mas todas as informa\u00e7\u00f5es e provas testemunhais est\u00e3o sendo analisadas, segundo informa\u00e7\u00f5es da Pol\u00edcia Civil.<\/p>\n<p>O post <a rel=\"nofollow noopener\" href=\"https:\/\/wscom.com.br\/desaparecimento-da-menina-ana-sophia-completa-um-mes-ainda-sem-pistas-mae-revela-esperanca-em-encontra-la-viva\/\" target=\"_blank\">Desaparecimento da menina Ana Sophia completa um m\u00eas ainda sem resolu\u00e7\u00e3o; m\u00e3e revela esperan\u00e7a em encontr\u00e1-la viva<\/a> apareceu primeiro em <a rel=\"nofollow noopener\" href=\"https:\/\/wscom.com.br\/\" target=\"_blank\">WSCOM<\/a>.<\/p>\n","protected":false},"excerpt":{"rendered":"<p>O desaparecimento da menina Ana Sophia completa, hoje (4), um m\u00eas. A crian\u00e7a de oito anos sumiu em Bananeiras, e a sua fam\u00edlia ainda busca por respostas. Uma intensa for\u00e7a-tarefa continua montada e mobilizada para localiz\u00e1-la, mas at\u00e9 o momento n\u00e3o foram encontrados vest\u00edgios do paradeiro da menina. Desde o primeiro momento em que a [\u2026]<\/p>\n<p>O post <a rel=\"nofollow\" href=\"https:\/\/wscom.com.br\/desaparecimento-da-menina-ana-sophia-completa-um-mes-ainda-sem-pistas-mae-revela-esperanca-em-encontra-la-viva\/\">Desaparecimento da menina Ana Sophia completa um m\u00eas ainda sem resolu\u00e7\u00e3o; m\u00e3e revela esperan\u00e7a em encontr\u00e1-la viva<\/a> apareceu primeiro em <a rel=\"nofollow\" href=\"https:\/\/wscom.com.br\/\">WSCOM<\/a>.<\/p>\n","protected":false},"author":50,"featured_media":0,"comment_status":"closed","ping_status":"closed","sticky":false,"template":"","format":"standard","meta":{"advgb_blocks_editor_width":"","advgb_blocks_columns_visual_guide":"","footnotes":""},"categories":[5972,34,66,6089],"tags":[35],"class_list":["post-28181","post","type-post","status-publish","format-standard","hentry","category-ana","category-g1","category-policial","category-sophia","tag-g1"],"author_meta":{"display_name":"Wallyson","author_link":"https:\/\/sindaopcpb.org.br\/author\/wallyson\/"},"featured_img":null,"coauthors":[],"tax_additional":{"categories":{"linked":["<a href=\"https:\/\/sindaopcpb.org.br\/ana\/\" class=\"advgb-post-tax-term\">Ana<\/a>","<a href=\"https:\/\/sindaopcpb.org.br\/g1\/\" class=\"advgb-post-tax-term\">G1<\/a>","<a href=\"https:\/\/sindaopcpb.org.br\/policial\/\" class=\"advgb-post-tax-term\">Policial<\/a>","<a href=\"https:\/\/sindaopcpb.org.br\/sophia\/\" class=\"advgb-post-tax-term\">Sophia<\/a>"],"unlinked":["<span class=\"advgb-post-tax-term\">Ana<\/span>","<span class=\"advgb-post-tax-term\">G1<\/span>","<span class=\"advgb-post-tax-term\">Policial<\/span>","<span class=\"advgb-post-tax-term\">Sophia<\/span>"]},"tags":{"linked":["<a href=\"https:\/\/sindaopcpb.org.br\/sophia\/\" class=\"advgb-post-tax-term\">g1<\/a>"],"unlinked":["<span class=\"advgb-post-tax-term\">g1<\/span>"]}},"comment_count":"0","relative_dates":{"created":"Publicado 3 anos atr\u00e1s","modified":"Atualizado 3 anos atr\u00e1s"},"absolute_dates":{"created":"Publicado em 3 de agosto de 2023","modified":"Atualizado em 3 de agosto de 2023"},"absolute_dates_time":{"created":"Publicado em 3 de agosto de 2023 10:16","modified":"Atualizado em 3 de agosto de 2023 10:16"},"featured_img_caption":"","series_order":"","_links":{"self":[{"href":"https:\/\/sindaopcpb.org.br\/index.php\/wp-json\/wp\/v2\/posts\/28181","targetHints":{"allow":["GET"]}}],"collection":[{"href":"https:\/\/sindaopcpb.org.br\/index.php\/wp-json\/wp\/v2\/posts"}],"about":[{"href":"https:\/\/sindaopcpb.org.br\/index.php\/wp-json\/wp\/v2\/types\/post"}],"author":[{"embeddable":true,"href":"https:\/\/sindaopcpb.org.br\/index.php\/wp-json\/wp\/v2\/users\/50"}],"replies":[{"embeddable":true,"href":"https:\/\/sindaopcpb.org.br\/index.php\/wp-json\/wp\/v2\/comments?post=28181"}],"version-history":[{"count":1,"href":"https:\/\/sindaopcpb.org.br\/index.php\/wp-json\/wp\/v2\/posts\/28181\/revisions"}],"predecessor-version":[{"id":28182,"href":"https:\/\/sindaopcpb.org.br\/index.php\/wp-json\/wp\/v2\/posts\/28181\/revisions\/28182"}],"wp:attachment":[{"href":"https:\/\/sindaopcpb.org.br\/index.php\/wp-json\/wp\/v2\/media?parent=28181"}],"wp:term":[{"taxonomy":"category","embeddable":true,"href":"https:\/\/sindaopcpb.org.br\/index.php\/wp-json\/wp\/v2\/categories?post=28181"},{"taxonomy":"post_tag","embeddable":true,"href":"https:\/\/sindaopcpb.org.br\/index.php\/wp-json\/wp\/v2\/tags?post=28181"}],"curies":[{"name":"wp","href":"https:\/\/api.w.org\/{rel}","templated":true}]}}