{"id":28171,"date":"2023-08-03T10:41:17","date_gmt":"2023-08-03T13:41:17","guid":{"rendered":"https:\/\/wpa.wscom.com.br\/?p=915603"},"modified":"2023-08-03T10:41:17","modified_gmt":"2023-08-03T13:41:17","slug":"problemas-eletricos-em-estacao-de-tratamento-deixam-conde-sem-agua-nesta-quinta-feira","status":"publish","type":"post","link":"https:\/\/sindaopcpb.org.br\/index.php\/2023\/08\/03\/problemas-eletricos-em-estacao-de-tratamento-deixam-conde-sem-agua-nesta-quinta-feira\/","title":{"rendered":"Problemas el\u00e9tricos em esta\u00e7\u00e3o de tratamento deixam Conde sem \u00e1gua nesta quinta-feira"},"content":{"rendered":"<p>A Cagepa informou que nesta quinta-feira (3), o abastecimento de \u00e1gua est\u00e1 suspenso na cidade de Conde devido a problemas el\u00e9tricos na Esta\u00e7\u00e3o de Tratamento de \u00c1gua (ETA) Gramame.<\/p>\n<p>T\u00e9cnicos da concession\u00e1ria de energia el\u00e9trica est\u00e3o atuando para resolver o caso, e a Companhia retomar com os servi\u00e7os prestados aos clientes da localidade.<\/p>\n<p>Previs\u00e3o de retorno do abastecimento, de forma gradativa, a partir das 18h da quinta-feira (3).<\/p>\n<p>Mais informa\u00e7\u00f5es sobre os servi\u00e7os executados pela Cagepa podem ser obtidas gratuitamente pelo teleatendimento 115, no WhatsApp (83) 98198-4495, ou no site <a href=\"http:\/\/www.cagepa.pb.gov.br\/\" rel=\"noopener nofollow\" target=\"_blank\">www.cagepa.pb.gov.br<\/a>.<\/p>\n<p>O post <a rel=\"nofollow noopener\" href=\"https:\/\/wscom.com.br\/problemas-eletricos-em-estacao-de-tratamento-deixam-conde-sem-agua-nesta-quinta-feira\/\" target=\"_blank\">Problemas el\u00e9tricos em esta\u00e7\u00e3o de tratamento deixam Conde sem \u00e1gua nesta quinta-feira<\/a> apareceu primeiro em <a rel=\"nofollow noopener\" href=\"https:\/\/wscom.com.br\/\" target=\"_blank\">WSCOM<\/a>.<\/p>\n","protected":false},"excerpt":{"rendered":"<p>A Cagepa informou que nesta quinta-feira (3), o abastecimento de \u00e1gua est\u00e1 suspenso na cidade de Conde devido a problemas el\u00e9tricos na Esta\u00e7\u00e3o de Tratamento de \u00c1gua (ETA) Gramame. T\u00e9cnicos da concession\u00e1ria de energia el\u00e9trica est\u00e3o atuando para resolver o caso, e a Companhia retomar com os servi\u00e7os prestados aos clientes da localidade. Previs\u00e3o de [\u2026]<\/p>\n<p>O post <a rel=\"nofollow\" href=\"https:\/\/wscom.com.br\/problemas-eletricos-em-estacao-de-tratamento-deixam-conde-sem-agua-nesta-quinta-feira\/\">Problemas el\u00e9tricos em esta\u00e7\u00e3o de tratamento deixam Conde sem \u00e1gua nesta quinta-feira<\/a> apareceu primeiro em <a rel=\"nofollow\" href=\"https:\/\/wscom.com.br\/\">WSCOM<\/a>.<\/p>\n","protected":false},"author":50,"featured_media":0,"comment_status":"closed","ping_status":"closed","sticky":false,"template":"","format":"standard","meta":{"advgb_blocks_editor_width":"","advgb_blocks_columns_visual_guide":"","footnotes":""},"categories":[248,7309,34,54],"tags":[35],"class_list":["post-28171","post","type-post","status-publish","format-standard","hentry","category-conde","category-falta","category-g1","category-paraiba","tag-g1"],"author_meta":{"display_name":"Wallyson","author_link":"https:\/\/sindaopcpb.org.br\/author\/wallyson\/"},"featured_img":null,"coauthors":[],"tax_additional":{"categories":{"linked":["<a href=\"https:\/\/sindaopcpb.org.br\/conde\/\" class=\"advgb-post-tax-term\">Conde<\/a>","<a href=\"https:\/\/sindaopcpb.org.br\/falta\/\" class=\"advgb-post-tax-term\">Falta<\/a>","<a href=\"https:\/\/sindaopcpb.org.br\/g1\/\" class=\"advgb-post-tax-term\">G1<\/a>","<a href=\"https:\/\/sindaopcpb.org.br\/paraiba\/\" class=\"advgb-post-tax-term\">Para\u00edba<\/a>"],"unlinked":["<span class=\"advgb-post-tax-term\">Conde<\/span>","<span class=\"advgb-post-tax-term\">Falta<\/span>","<span class=\"advgb-post-tax-term\">G1<\/span>","<span class=\"advgb-post-tax-term\">Para\u00edba<\/span>"]},"tags":{"linked":["<a href=\"https:\/\/sindaopcpb.org.br\/paraiba\/\" class=\"advgb-post-tax-term\">g1<\/a>"],"unlinked":["<span class=\"advgb-post-tax-term\">g1<\/span>"]}},"comment_count":"0","relative_dates":{"created":"Publicado 3 anos atr\u00e1s","modified":"Atualizado 3 anos atr\u00e1s"},"absolute_dates":{"created":"Publicado em 3 de agosto de 2023","modified":"Atualizado em 3 de agosto de 2023"},"absolute_dates_time":{"created":"Publicado em 3 de agosto de 2023 10:41","modified":"Atualizado em 3 de agosto de 2023 10:41"},"featured_img_caption":"","series_order":"","_links":{"self":[{"href":"https:\/\/sindaopcpb.org.br\/index.php\/wp-json\/wp\/v2\/posts\/28171","targetHints":{"allow":["GET"]}}],"collection":[{"href":"https:\/\/sindaopcpb.org.br\/index.php\/wp-json\/wp\/v2\/posts"}],"about":[{"href":"https:\/\/sindaopcpb.org.br\/index.php\/wp-json\/wp\/v2\/types\/post"}],"author":[{"embeddable":true,"href":"https:\/\/sindaopcpb.org.br\/index.php\/wp-json\/wp\/v2\/users\/50"}],"replies":[{"embeddable":true,"href":"https:\/\/sindaopcpb.org.br\/index.php\/wp-json\/wp\/v2\/comments?post=28171"}],"version-history":[{"count":1,"href":"https:\/\/sindaopcpb.org.br\/index.php\/wp-json\/wp\/v2\/posts\/28171\/revisions"}],"predecessor-version":[{"id":28172,"href":"https:\/\/sindaopcpb.org.br\/index.php\/wp-json\/wp\/v2\/posts\/28171\/revisions\/28172"}],"wp:attachment":[{"href":"https:\/\/sindaopcpb.org.br\/index.php\/wp-json\/wp\/v2\/media?parent=28171"}],"wp:term":[{"taxonomy":"category","embeddable":true,"href":"https:\/\/sindaopcpb.org.br\/index.php\/wp-json\/wp\/v2\/categories?post=28171"},{"taxonomy":"post_tag","embeddable":true,"href":"https:\/\/sindaopcpb.org.br\/index.php\/wp-json\/wp\/v2\/tags?post=28171"}],"curies":[{"name":"wp","href":"https:\/\/api.w.org\/{rel}","templated":true}]}}