{"id":28163,"date":"2023-08-03T10:54:00","date_gmt":"2023-08-03T13:54:00","guid":{"rendered":"https:\/\/wpa.wscom.com.br\/?p=915618"},"modified":"2023-08-03T10:54:00","modified_gmt":"2023-08-03T13:54:00","slug":"flavio-diz-que-operacao-da-pf-contra-zambelli-foi-tentativa-tresloucada-de-envolver-jair-bolsonaro","status":"publish","type":"post","link":"https:\/\/sindaopcpb.org.br\/index.php\/2023\/08\/03\/flavio-diz-que-operacao-da-pf-contra-zambelli-foi-tentativa-tresloucada-de-envolver-jair-bolsonaro\/","title":{"rendered":"Fl\u00e1vio diz que opera\u00e7\u00e3o da PF contra Zambelli foi tentativa \u201ctresloucada\u201d de envolver Jair Bolsonaro"},"content":{"rendered":"<p>&nbsp;<\/p>\n<p>&nbsp;<\/p>\n<p>O senador Fl\u00e1vio Bolsonaro (PL-RJ) disse que a\u00a0opera\u00e7\u00e3o da Pol\u00edcia Federal (PF) contra a deputada federal Carla Zambelli (PL-SP) \u00e9 uma tentativa &#8220;desenfreada&#8221; e &#8220;tresloucada&#8221; de envolver e prejudicar o ex-presidente Jair Bolsonaro (PL). &#8220;\u00c9 uma tentativa desenfreada e tresloucada de atingir Bolsonaro, achar algo de concreto que envolva Bolsonaro, o que n\u00e3o vai acontecer, porque n\u00e3o existe. Ela est\u00e1 sendo mais uma v\u00edtima disso no meu ponto de vista&#8221;, disse o parlamentar ao jornal Folha de S. Paulo.<\/p>\n<p>A opera\u00e7\u00e3o da PF contra a deputada federal bolsonarista foi deflagrada na quarta-feira (2). Na a\u00e7\u00e3o, os agentes cumpriram mandados de busca e apreens\u00e3o em endere\u00e7os vinculados a ela e prenderam Walter Delgatti, conhecido como o hacker da &#8220;Vaza Jato&#8221;. Zambelli e Delgatti s\u00e3o suspeitos de atuar em um esquema contra o ministro do Supremo Tribunal Federal (STF) Alexandre de Moraes, que resultou na invas\u00e3o dos sistemas do Conselho Nacional de Justi\u00e7a (CNJ) e na cria\u00e7\u00e3o de alvar\u00e1s de soltura falsos.<\/p>\n<p>A deputada tamb\u00e9m intermediou um encontro entre Delgatti e Bolsonaro. Em seu depoimento \u00e0 PF, Delgatti afirmou que Bolsonaro presidente perguntou se ele conseguiria invadir o sistema das urnas eletr\u00f4nicas. Zambelli confirmou o encontro, mas disse que Bolsonaro perguntou sobre a possibilidade de fraudar urnas para verificar a confiabilidade do sistema do TSE (Tribunal Superior Eleitoral). &#8220;Mesmo que tenham ocorrido conversas dela com esse hacker, nada foi comprovado e, ainda que houvesse comprova\u00e7\u00e3o, n\u00e3o haveria crime algum nisso&#8221;, disse Flavio \u00e0 reportagem.<\/p>\n<p>A parlamentar tamb\u00e9m articulou uma reuni\u00e3o entre o hacker e o presidente do PL, Valdemar Costa Neto. Segundo Zambelli, Delgatti ofereceu servi\u00e7os de auditoria das urnas, mas a conversa n\u00e3o avan\u00e7ou. &#8220;O que ele [Delgatti] disse, sua vers\u00e3o precisa ser comprovada. E, mesmo que se comprove de alguma forma, n\u00e3o houve nenhum crime. N\u00e3o houve tentativa de a\u00e7\u00e3o ou realiza\u00e7\u00e3o de qualquer suposta conversa que ele tenha tido com Zambelli&#8221;, destacou Fl\u00e1vio.<\/p>\n<p>O senador tamb\u00e9m negou que Zambelli, uma bolsonarista de primeira hora, esteja sendo isolada pelos aliados do ex-mandat\u00e1rio que temem que o caso acabe respingando em Bolsonaro. Para Fl\u00e1vio, Zambelli &#8220;\u00e9 uma lideran\u00e7a, sabe fazer pol\u00edtica e compreende o cen\u00e1rio atual do Brasil. Precisamos apoi\u00e1-la, especialmente quando entendo que ela n\u00e3o fez absolutamente nada de errado&#8221;. &#8220;O [ex] presidente tem uma boa rela\u00e7\u00e3o com ela, est\u00e1 presente em todos os eventos e oferece todo o apoio \u00e0 Zambelli\u201d, ressaltou.<\/p>\n<p>Segundo ele, &#8220;todas as pessoas que est\u00e3o pr\u00f3ximas a Bolsonaro, mais cedo ou mais tarde, ser\u00e3o alvos, porque o objetivo \u00e9 atingi-lo&#8221;.<\/p>\n<p>O post <a rel=\"nofollow noopener\" href=\"https:\/\/wscom.com.br\/flavio-diz-que-operacao-da-pf-contra-zambelli-foi-tentativa-tresloucada-de-envolver-jair-bolsonaro\/\" target=\"_blank\">Fl\u00e1vio diz que opera\u00e7\u00e3o da PF contra Zambelli foi tentativa &#8220;tresloucada&#8221; de envolver Jair Bolsonaro<\/a> apareceu primeiro em <a rel=\"nofollow noopener\" href=\"https:\/\/wscom.com.br\/\" target=\"_blank\">WSCOM<\/a>.<\/p>\n","protected":false},"excerpt":{"rendered":"<p>\u00a0 \u00a0 O senador Fl\u00e1vio Bolsonaro (PL-RJ) disse que a\u00a0opera\u00e7\u00e3o da Pol\u00edcia Federal (PF) contra a deputada federal Carla Zambelli (PL-SP) \u00e9 uma tentativa \u201cdesenfreada\u201d e \u201ctresloucada\u201d de envolver e prejudicar o ex-presidente Jair Bolsonaro (PL). \u201c\u00c9 uma tentativa desenfreada e tresloucada de atingir Bolsonaro, achar algo de concreto que envolva Bolsonaro, o que n\u00e3o [\u2026]<\/p>\n<p>O post <a rel=\"nofollow\" href=\"https:\/\/wscom.com.br\/flavio-diz-que-operacao-da-pf-contra-zambelli-foi-tentativa-tresloucada-de-envolver-jair-bolsonaro\/\">Fl\u00e1vio diz que opera\u00e7\u00e3o da PF contra Zambelli foi tentativa \u201ctresloucada\u201d de envolver Jair Bolsonaro<\/a> apareceu primeiro em <a rel=\"nofollow\" href=\"https:\/\/wscom.com.br\/\">WSCOM<\/a>.<\/p>\n","protected":false},"author":42,"featured_media":0,"comment_status":"closed","ping_status":"closed","sticky":false,"template":"","format":"standard","meta":{"advgb_blocks_editor_width":"","advgb_blocks_columns_visual_guide":"","footnotes":""},"categories":[115,1807,2726,34,135,517,768],"tags":[35],"class_list":["post-28163","post","type-post","status-publish","format-standard","hentry","category-brasil","category-carla-zambelli","category-flavio-bolsonaro","category-g1","category-jair-bolsonaro","category-operacao","category-policia-federal","tag-g1"],"author_meta":{"display_name":"Rafael Andrade","author_link":"https:\/\/sindaopcpb.org.br\/author\/rafael-andrade\/"},"featured_img":null,"coauthors":[],"tax_additional":{"categories":{"linked":["<a href=\"https:\/\/sindaopcpb.org.br\/brasil\/\" class=\"advgb-post-tax-term\">Brasil<\/a>","<a href=\"https:\/\/sindaopcpb.org.br\/carla-zambelli\/\" class=\"advgb-post-tax-term\">carla zambelli<\/a>","<a href=\"https:\/\/sindaopcpb.org.br\/flavio-bolsonaro\/\" class=\"advgb-post-tax-term\">Fl\u00e1vio Bolsonaro<\/a>","<a href=\"https:\/\/sindaopcpb.org.br\/g1\/\" class=\"advgb-post-tax-term\">G1<\/a>","<a href=\"https:\/\/sindaopcpb.org.br\/jair-bolsonaro\/\" class=\"advgb-post-tax-term\">Jair Bolsonaro<\/a>","<a href=\"https:\/\/sindaopcpb.org.br\/operacao\/\" class=\"advgb-post-tax-term\">Opera\u00e7\u00e3o<\/a>","<a href=\"https:\/\/sindaopcpb.org.br\/policia-federal\/\" class=\"advgb-post-tax-term\">Policia Federal<\/a>"],"unlinked":["<span class=\"advgb-post-tax-term\">Brasil<\/span>","<span class=\"advgb-post-tax-term\">carla zambelli<\/span>","<span class=\"advgb-post-tax-term\">Fl\u00e1vio Bolsonaro<\/span>","<span class=\"advgb-post-tax-term\">G1<\/span>","<span class=\"advgb-post-tax-term\">Jair Bolsonaro<\/span>","<span class=\"advgb-post-tax-term\">Opera\u00e7\u00e3o<\/span>","<span class=\"advgb-post-tax-term\">Policia Federal<\/span>"]},"tags":{"linked":["<a href=\"https:\/\/sindaopcpb.org.br\/policia-federal\/\" class=\"advgb-post-tax-term\">g1<\/a>"],"unlinked":["<span class=\"advgb-post-tax-term\">g1<\/span>"]}},"comment_count":"0","relative_dates":{"created":"Publicado 3 anos atr\u00e1s","modified":"Atualizado 3 anos atr\u00e1s"},"absolute_dates":{"created":"Publicado em 3 de agosto de 2023","modified":"Atualizado em 3 de agosto de 2023"},"absolute_dates_time":{"created":"Publicado em 3 de agosto de 2023 10:54","modified":"Atualizado em 3 de agosto de 2023 10:54"},"featured_img_caption":"","series_order":"","_links":{"self":[{"href":"https:\/\/sindaopcpb.org.br\/index.php\/wp-json\/wp\/v2\/posts\/28163","targetHints":{"allow":["GET"]}}],"collection":[{"href":"https:\/\/sindaopcpb.org.br\/index.php\/wp-json\/wp\/v2\/posts"}],"about":[{"href":"https:\/\/sindaopcpb.org.br\/index.php\/wp-json\/wp\/v2\/types\/post"}],"author":[{"embeddable":true,"href":"https:\/\/sindaopcpb.org.br\/index.php\/wp-json\/wp\/v2\/users\/42"}],"replies":[{"embeddable":true,"href":"https:\/\/sindaopcpb.org.br\/index.php\/wp-json\/wp\/v2\/comments?post=28163"}],"version-history":[{"count":1,"href":"https:\/\/sindaopcpb.org.br\/index.php\/wp-json\/wp\/v2\/posts\/28163\/revisions"}],"predecessor-version":[{"id":28164,"href":"https:\/\/sindaopcpb.org.br\/index.php\/wp-json\/wp\/v2\/posts\/28163\/revisions\/28164"}],"wp:attachment":[{"href":"https:\/\/sindaopcpb.org.br\/index.php\/wp-json\/wp\/v2\/media?parent=28163"}],"wp:term":[{"taxonomy":"category","embeddable":true,"href":"https:\/\/sindaopcpb.org.br\/index.php\/wp-json\/wp\/v2\/categories?post=28163"},{"taxonomy":"post_tag","embeddable":true,"href":"https:\/\/sindaopcpb.org.br\/index.php\/wp-json\/wp\/v2\/tags?post=28163"}],"curies":[{"name":"wp","href":"https:\/\/api.w.org\/{rel}","templated":true}]}}