{"id":28155,"date":"2023-08-03T10:20:00","date_gmt":"2023-08-03T13:20:00","guid":{"rendered":"https:\/\/www.infomoney.com.br\/?p=2204475"},"modified":"2023-08-03T10:20:00","modified_gmt":"2023-08-03T13:20:00","slug":"haddad-recado-a-poderes-e-que-temos-de-continuar-reformas-e-temos-desafio-fiscal-para-2024","status":"publish","type":"post","link":"https:\/\/sindaopcpb.org.br\/index.php\/2023\/08\/03\/haddad-recado-a-poderes-e-que-temos-de-continuar-reformas-e-temos-desafio-fiscal-para-2024\/","title":{"rendered":"Haddad: Recado a Poderes \u00e9 que temos de continuar reformas e temos desafio fiscal para 2024"},"content":{"rendered":"<p><img loading=\"lazy\" width=\"300\" height=\"200\" src=\"https:\/\/www.infomoney.com.br\/wp-content\/uploads\/2023\/07\/53036318916_ebabd4d206_c.jpg?fit=300%2C200&amp;quality=70&amp;strip=all\" class=\"attachment-medium size-medium wp-post-image\" alt=\"\" decoding=\"async\" style=\"float:right; margin:0 0 10px 10px;\" srcset=\"https:\/\/www.infomoney.com.br\/wp-content\/uploads\/2023\/07\/53036318916_ebabd4d206_c.jpg?w=799&amp;quality=70&amp;strip=all 799w, https:\/\/www.infomoney.com.br\/wp-content\/uploads\/2023\/07\/53036318916_ebabd4d206_c.jpg?w=300&amp;quality=70&amp;strip=all 300w, https:\/\/www.infomoney.com.br\/wp-content\/uploads\/2023\/07\/53036318916_ebabd4d206_c.jpg?w=768&amp;quality=70&amp;strip=all 768w, https:\/\/www.infomoney.com.br\/wp-content\/uploads\/2023\/07\/53036318916_ebabd4d206_c.jpg?w=150&amp;quality=70&amp;strip=all 150w\" sizes=\"auto, (max-width: 300px) 100vw, 300px\" data-attachment-id=\"2183484\" data-permalink=\"https:\/\/www.infomoney.com.br\/politica\/haddad-dobra-aposta-em-deficit-zero-em-2024-e-diz-que-enviara-medidas-de-ajuste-fiscal-junto-com-orcamento\/attachment\/53036318916_ebabd4d206_c\/\" data-orig-file=\"https:\/\/www.infomoney.com.br\/wp-content\/uploads\/2023\/07\/53036318916_ebabd4d206_c.jpg?fit=799%2C533&amp;quality=70&amp;strip=all\" data-orig-size=\"799,533\" data-comments-opened=\"0\" data-image-meta=\"{&quot;aperture&quot;:&quot;0&quot;,&quot;credit&quot;:&quot;Washington Costa&quot;,&quot;camera&quot;:&quot;&quot;,&quot;caption&quot;:&quot;&quot;,&quot;created_timestamp&quot;:&quot;0&quot;,&quot;copyright&quot;:&quot;Ministerio da Fazenda&quot;,&quot;focal_length&quot;:&quot;0&quot;,&quot;iso&quot;:&quot;0&quot;,&quot;shutter_speed&quot;:&quot;0&quot;,&quot;title&quot;:&quot;&quot;,&quot;orientation&quot;:&quot;0&quot;}\" data-image-title=\"Fernando Haddad\" data-image-description=\"\" data-image-caption=\"&lt;p&gt;O ministro da Fazenda, Fernando Haddad (PT), durante entrevista (Foto: Diogo Zacarias)&lt;\/p&gt;\n\" data-medium-file=\"https:\/\/www.infomoney.com.br\/wp-content\/uploads\/2023\/07\/53036318916_ebabd4d206_c.jpg?fit=300%2C200&amp;quality=70&amp;strip=all\" data-large-file=\"https:\/\/www.infomoney.com.br\/wp-content\/uploads\/2023\/07\/53036318916_ebabd4d206_c.jpg?fit=799%2C533&amp;quality=70&amp;strip=all\" title=\"\"><\/p>\n<p>O ministro da Fazenda, Fernando Haddad, disse que a redu&ccedil;&atilde;o de 0,5 ponto porcentual da Selic, decidida nesta quarta-feira (2), pelo Comit&ecirc; de Pol&iacute;tica Monet&aacute;ria (Copom) do Banco Central, traz um recado para os demais Poderes: a necessidade de continuar com reformas econ&ocirc;micas tendo em vista o desafio fiscal j&aacute; para 2024.<\/p>\n<p>&ldquo;Esse &eacute; um recado para os Poderes constitu&iacute;dos de que n&oacute;s temos de continuar. N&atilde;o &eacute; hora de baixar a guarda, &eacute; muito desafiador o ano que vem. N&oacute;s temos um desafio fiscal importante. Esse resultado de hoje d&aacute; um alento, porque est&aacute;vamos vendo uma queda de arrecada&ccedil;&atilde;o importante, uma desacelera&ccedil;&atilde;o muito forte, e eu penso que as coisas v&atilde;o se enquadrar&rdquo;, disse h&aacute; pouco o ministro.<\/p>\n<p>Para ele, a harmoniza&ccedil;&atilde;o das pol&iacute;ticas fiscal e monet&aacute;ria &eacute; que vai proporcionar ao Pa&iacute;s um novo ciclo de desenvolvimento. &ldquo;Essa &eacute; a minha convic&ccedil;&atilde;o, desde que n&oacute;s continuemos a aprovar a agenda que est&aacute; sendo endere&ccedil;ada ao Congresso, com os reparos que o Congresso faz e s&atilde;o absolutamente leg&iacute;timos, ou que o Executivo venha a apoiar projetos de senadores e deputados quando s&atilde;o de interesse do Pa&iacute;s. Esse &eacute; o caminho&rdquo;, disse.<\/p>\n<p>O ministro ressaltou que esses movimentos est&atilde;o fortalecendo a agenda econ&ocirc;mica, constru&iacute;da coletivamente. Tamb&eacute;m ponderou que o comunicado deixou aberto o caminho para mudan&ccedil;a de conjuntura caso essa pauta siga avan&ccedil;ando, destacando que a decis&atilde;o pelo corte de 0,5 p.p. teve um placar de cinco votos a quatro, mas que a sinaliza&ccedil;&atilde;o pela continuidade de cortes nesta magnitude foi un&acirc;nime.<\/p>\n<p>&ldquo;O comunicado &eacute; uma combina&ccedil;&atilde;o que reflete uma vis&atilde;o de conjunto. Come&ccedil;ou com 0,5 ponto, sinaliza os pr&oacute;ximos cortes e obviamente que pode haver uma mudan&ccedil;a de conjuntura para melhor assim que a agenda econ&ocirc;mica continuar avan&ccedil;ando. Tivemos um ganho importante. O Congresso entregou, o Poder Judici&aacute;rio entregou, o Executivo entregou e n&oacute;s vamos continuar correndo atr&aacute;s dos resultados para que esses indicadores melhorem ainda mais&rdquo;, afirmou, frisando que espera um cen&aacute;rio econ&ocirc;mico ainda melhor daqui para frente.<\/p>\n<p>O ministro disse ainda que falaria com o presidente Luiz In&aacute;cio Lula da Silva sobre a decis&atilde;o do Copom ap&oacute;s ter feito uma leitura atenta do comunicado e uma pequena reuni&atilde;o com a equipe. &ldquo;Vamos passar ao presidente uma vis&atilde;o correta da interpreta&ccedil;&atilde;o sobre os pr&oacute;ximos passos. Penso que &eacute; um dia importante&rdquo;, afirmou.<\/p>\n<\/p>\n<div class=\"cta-end\">\n<div class=\"im-cta\" >\n<div class=\"im-shortcode-forms bg-light bg-opacity-25 border rounded-4 p-3 p-sm-4 p-md-3 p-lg-4 px-xxl-5 my-5\" data-configuration='{\"form_name\":false,\"form_hat\":\"Newsletter\",\"form_email\":true,\"form_icon\":\"newsletter\",\"form_phone\":false,\"form_campaign\":\"NIM\",\"form_thankyou\":\"\",\"form_journey\":\"APIEvent-26a5198d-8e09-06ef-5f80-cd9127757ad1\",\"form_button\":\"Quero receber\",\"form_context\":\"newsletter\",\"form_origin\":\"https:\\\/\\\/www.infomoney.com.br\\\/politica\\\/feed\\\/?utm_medium=materia&#038;utm_source=infomoney&#038;utm_campaign=NIM&#038;utm_term=politica&#038;utm_content=newsletter\",\"form_position\":\"final\",\"form_category\":\"cta_form\"}'>\n<div class=\"d-flex flex-column align-items-center align-items-lg-start mb-4 flex-lg-row\">\n<div class=\"rounded-circle mb-2 mb-lg-0 mr-lg-4 me-lg-4 p-3 p-lg-4 bg-blue-400\"><svg width=\"40\" height=\"40\" viewBox=\"0 0 40 40\" fill=\"none\" xmlns=\"http:\/\/www.w3.org\/2000\/svg\"><path d=\"M20 20.25 6.042 11.042v19.041c0 .167.048.299.146.396a.535.535 0 0 0 .395.146h15.792V32.5H6.583a2.328 2.328 0 0 1-1.708-.708 2.328 2.328 0 0 1-.708-1.709V9.917c0-.667.236-1.236.708-1.709A2.328 2.328 0 0 1 6.583 7.5h26.834c.666 0 1.236.236 1.708.708a2.33 2.33 0 0 1 .708 1.709v12.458h-1.875V11.042L20 20.25Zm0-2 13.667-8.875H6.333L20 18.25Zm11.75 18.958-1.292-1.333 3.334-3.375h-9v-1.875h9l-3.375-3.417 1.333-1.291 5.667 5.625-5.667 5.666ZM6.042 11.042v20.791-9.458.25-13.25 1.667Z\" fill=\"#fff\"\/><\/svg><\/div>\n<div class=\"flex-fill text-center text-lg-left\">\n<div class=\"h6 small text-orange-700 lh-base mb-1\">Newsletter<\/div>\n<div class=\"text-body h4 m-0\">Infomorning<\/div>\n<div class=\"text-body small lh-base mt-2\">Receba no seu e-mail logo pela manh&atilde; as not&iacute;cias que v&atilde;o mexer com os mercados, com os seus investimentos e o seu bolso durante o dia<\/div>\n<\/div>\n<\/div>\n<\/div>\n<\/div>\n<\/div>\n<p>The post <a rel=\"nofollow noopener\" href=\"https:\/\/www.infomoney.com.br\/politica\/haddad-recado-a-poderes-e-que-temos-de-continuar-reformas-e-temos-desafio-fiscal-para-2024\/\" target=\"_blank\">Haddad: Recado a Poderes \u00e9 que temos de continuar reformas e temos desafio fiscal para 2024<\/a> appeared first on <a rel=\"nofollow noopener\" href=\"https:\/\/www.infomoney.com.br\/\" target=\"_blank\">InfoMoney<\/a>.<\/p>\n","protected":false},"excerpt":{"rendered":"<p><img loading=\"lazy\" decoding=\"async\" width=\"300\" height=\"200\" src=\"https:\/\/www.infomoney.com.br\/wp-content\/uploads\/2023\/07\/53036318916_ebabd4d206_c.jpg?fit=300%2C200&amp;quality=70&amp;strip=all\" class=\"attachment-medium size-medium wp-post-image\" alt=\"\" data-attachment-id=\"2183484\" data-permalink=\"https:\/\/www.infomoney.com.br\/politica\/haddad-dobra-aposta-em-deficit-zero-em-2024-e-diz-que-enviara-medidas-de-ajuste-fiscal-junto-com-orcamento\/attachment\/53036318916_ebabd4d206_c\/\" data-orig-file=\"https:\/\/www.infomoney.com.br\/wp-content\/uploads\/2023\/07\/53036318916_ebabd4d206_c.jpg?fit=799%2C533&amp;quality=70&amp;strip=all\" data-orig-size=\"799,533\" data-comments-opened=\"0\" data-image-meta='{\"aperture\":\"0\",\"credit\":\"Washington Costa\",\"camera\":\"\",\"caption\":\"\",\"created_timestamp\":\"0\",\"copyright\":\"Ministerio da Fazenda\",\"focal_length\":\"0\",\"iso\":\"0\",\"shutter_speed\":\"0\",\"title\":\"\",\"orientation\":\"0\"}' data-image-title=\"Fernando Haddad\" data-image-description=\"\" data-image-caption=\"&lt;p&gt;O ministro da Fazenda, Fernando Haddad (PT), durante entrevista (Foto: Diogo Zacarias)&lt;\/p&gt;\n\" data-medium-file=\"https:\/\/www.infomoney.com.br\/wp-content\/uploads\/2023\/07\/53036318916_ebabd4d206_c.jpg?fit=300%2C200&amp;quality=70&amp;strip=all\" data-large-file=\"https:\/\/www.infomoney.com.br\/wp-content\/uploads\/2023\/07\/53036318916_ebabd4d206_c.jpg?fit=799%2C533&amp;quality=70&amp;strip=all\">Ministro cr\u00ea que harmoniza\u00e7\u00e3o das pol\u00edticas fiscal e monet\u00e1ria vai proporcionar ao Pa\u00eds um novo ciclo de desenvolvimento<\/p>\n<p>The post <a rel=\"nofollow\" href=\"https:\/\/www.infomoney.com.br\/politica\/haddad-recado-a-poderes-e-que-temos-de-continuar-reformas-e-temos-desafio-fiscal-para-2024\/\">Haddad: Recado a Poderes \u00e9 que temos de continuar reformas e temos desafio fiscal para 2024<\/a> appeared first on <a rel=\"nofollow\" href=\"https:\/\/www.infomoney.com.br\/\">InfoMoney<\/a>.<\/p>\n","protected":false},"author":43,"featured_media":0,"comment_status":"closed","ping_status":"closed","sticky":false,"template":"","format":"standard","meta":{"advgb_blocks_editor_width":"","advgb_blocks_columns_visual_guide":"","footnotes":""},"categories":[279,109,34,130,47,443,281],"tags":[35],"class_list":["post-28155","post","type-post","status-publish","format-standard","hentry","category-banco-central","category-fernando-haddad","category-g1","category-ministerio-da-fazenda","category-politica","category-politica-fiscal","category-politica-monetaria","tag-g1"],"author_meta":{"display_name":"Estad\u00e3o Conte\u00fado","author_link":"https:\/\/sindaopcpb.org.br\/author\/estadao-conteudo\/"},"featured_img":null,"coauthors":[],"tax_additional":{"categories":{"linked":["<a href=\"https:\/\/sindaopcpb.org.br\/banco-central\/\" class=\"advgb-post-tax-term\">Banco Central<\/a>","<a href=\"https:\/\/sindaopcpb.org.br\/fernando-haddad\/\" class=\"advgb-post-tax-term\">FERNANDO HADDAD<\/a>","<a href=\"https:\/\/sindaopcpb.org.br\/g1\/\" class=\"advgb-post-tax-term\">G1<\/a>","<a href=\"https:\/\/sindaopcpb.org.br\/ministerio-da-fazenda\/\" class=\"advgb-post-tax-term\">Minist\u00e9rio da Fazenda<\/a>","<a href=\"https:\/\/sindaopcpb.org.br\/politica\/\" class=\"advgb-post-tax-term\">POLITICA<\/a>","<a href=\"https:\/\/sindaopcpb.org.br\/politica-fiscal\/\" class=\"advgb-post-tax-term\">Pol\u00edtica Fiscal<\/a>","<a href=\"https:\/\/sindaopcpb.org.br\/politica-monetaria\/\" class=\"advgb-post-tax-term\">Pol\u00edtica Monet\u00e1ria<\/a>"],"unlinked":["<span class=\"advgb-post-tax-term\">Banco Central<\/span>","<span class=\"advgb-post-tax-term\">FERNANDO HADDAD<\/span>","<span class=\"advgb-post-tax-term\">G1<\/span>","<span class=\"advgb-post-tax-term\">Minist\u00e9rio da Fazenda<\/span>","<span class=\"advgb-post-tax-term\">POLITICA<\/span>","<span class=\"advgb-post-tax-term\">Pol\u00edtica Fiscal<\/span>","<span class=\"advgb-post-tax-term\">Pol\u00edtica Monet\u00e1ria<\/span>"]},"tags":{"linked":["<a href=\"https:\/\/sindaopcpb.org.br\/politica-monetaria\/\" class=\"advgb-post-tax-term\">g1<\/a>"],"unlinked":["<span class=\"advgb-post-tax-term\">g1<\/span>"]}},"comment_count":"0","relative_dates":{"created":"Publicado 3 anos atr\u00e1s","modified":"Atualizado 3 anos atr\u00e1s"},"absolute_dates":{"created":"Publicado em 3 de agosto de 2023","modified":"Atualizado em 3 de agosto de 2023"},"absolute_dates_time":{"created":"Publicado em 3 de agosto de 2023 10:20","modified":"Atualizado em 3 de agosto de 2023 10:20"},"featured_img_caption":"","series_order":"","_links":{"self":[{"href":"https:\/\/sindaopcpb.org.br\/index.php\/wp-json\/wp\/v2\/posts\/28155","targetHints":{"allow":["GET"]}}],"collection":[{"href":"https:\/\/sindaopcpb.org.br\/index.php\/wp-json\/wp\/v2\/posts"}],"about":[{"href":"https:\/\/sindaopcpb.org.br\/index.php\/wp-json\/wp\/v2\/types\/post"}],"author":[{"embeddable":true,"href":"https:\/\/sindaopcpb.org.br\/index.php\/wp-json\/wp\/v2\/users\/43"}],"replies":[{"embeddable":true,"href":"https:\/\/sindaopcpb.org.br\/index.php\/wp-json\/wp\/v2\/comments?post=28155"}],"version-history":[{"count":1,"href":"https:\/\/sindaopcpb.org.br\/index.php\/wp-json\/wp\/v2\/posts\/28155\/revisions"}],"predecessor-version":[{"id":28156,"href":"https:\/\/sindaopcpb.org.br\/index.php\/wp-json\/wp\/v2\/posts\/28155\/revisions\/28156"}],"wp:attachment":[{"href":"https:\/\/sindaopcpb.org.br\/index.php\/wp-json\/wp\/v2\/media?parent=28155"}],"wp:term":[{"taxonomy":"category","embeddable":true,"href":"https:\/\/sindaopcpb.org.br\/index.php\/wp-json\/wp\/v2\/categories?post=28155"},{"taxonomy":"post_tag","embeddable":true,"href":"https:\/\/sindaopcpb.org.br\/index.php\/wp-json\/wp\/v2\/tags?post=28155"}],"curies":[{"name":"wp","href":"https:\/\/api.w.org\/{rel}","templated":true}]}}