{"id":28139,"date":"2023-08-03T09:58:00","date_gmt":"2023-08-03T12:58:00","guid":{"rendered":"https:\/\/www.infomoney.com.br\/?p=2204478"},"modified":"2023-08-03T09:58:00","modified_gmt":"2023-08-03T12:58:00","slug":"haddad-diz-que-voto-de-campos-neto-no-copom-foi-tecnico-e-teve-papel-importante","status":"publish","type":"post","link":"https:\/\/sindaopcpb.org.br\/index.php\/2023\/08\/03\/haddad-diz-que-voto-de-campos-neto-no-copom-foi-tecnico-e-teve-papel-importante\/","title":{"rendered":"Haddad diz que voto de Campos Neto no Copom foi \u2018t\u00e9cnico\u2019 e \u2018teve papel importante\u2019"},"content":{"rendered":"<p><img loading=\"lazy\" width=\"300\" height=\"200\" src=\"https:\/\/www.infomoney.com.br\/wp-content\/uploads\/2023\/07\/52953252127_0a3cbd6275_c.jpg?fit=300%2C200&amp;quality=70&amp;strip=all\" class=\"attachment-medium size-medium wp-post-image\" alt=\"\" decoding=\"async\" style=\"float:right; margin:0 0 10px 10px;\" srcset=\"https:\/\/www.infomoney.com.br\/wp-content\/uploads\/2023\/07\/52953252127_0a3cbd6275_c.jpg?w=799&amp;quality=70&amp;strip=all 799w, https:\/\/www.infomoney.com.br\/wp-content\/uploads\/2023\/07\/52953252127_0a3cbd6275_c.jpg?w=300&amp;quality=70&amp;strip=all 300w, https:\/\/www.infomoney.com.br\/wp-content\/uploads\/2023\/07\/52953252127_0a3cbd6275_c.jpg?w=768&amp;quality=70&amp;strip=all 768w, https:\/\/www.infomoney.com.br\/wp-content\/uploads\/2023\/07\/52953252127_0a3cbd6275_c.jpg?w=150&amp;quality=70&amp;strip=all 150w\" sizes=\"auto, (max-width: 300px) 100vw, 300px\" data-attachment-id=\"2192902\" data-permalink=\"https:\/\/www.infomoney.com.br\/politica\/haddad-prega-cautela-com-mudancas-no-ir-e-diz-que-etapas-da-reforma-tributaria-devem-ser-neutras\/attachment\/52953252127_0a3cbd6275_c\/\" data-orig-file=\"https:\/\/www.infomoney.com.br\/wp-content\/uploads\/2023\/07\/52953252127_0a3cbd6275_c.jpg?fit=799%2C533&amp;quality=70&amp;strip=all\" data-orig-size=\"799,533\" data-comments-opened=\"0\" data-image-meta=\"{&quot;aperture&quot;:&quot;0&quot;,&quot;credit&quot;:&quot;&quot;,&quot;camera&quot;:&quot;&quot;,&quot;caption&quot;:&quot;&quot;,&quot;created_timestamp&quot;:&quot;0&quot;,&quot;copyright&quot;:&quot;&quot;,&quot;focal_length&quot;:&quot;0&quot;,&quot;iso&quot;:&quot;0&quot;,&quot;shutter_speed&quot;:&quot;0&quot;,&quot;title&quot;:&quot;&quot;,&quot;orientation&quot;:&quot;0&quot;}\" data-image-title=\"Fernando Haddad\" data-image-description=\"\" data-image-caption=\"&lt;p&gt;O ministro da Fazenda, Fernando Haddad (PT) em entrevista coletiva (Foto: Fotos: Diogo Zacarias)&lt;\/p&gt;\n\" data-medium-file=\"https:\/\/www.infomoney.com.br\/wp-content\/uploads\/2023\/07\/52953252127_0a3cbd6275_c.jpg?fit=300%2C200&amp;quality=70&amp;strip=all\" data-large-file=\"https:\/\/www.infomoney.com.br\/wp-content\/uploads\/2023\/07\/52953252127_0a3cbd6275_c.jpg?fit=799%2C533&amp;quality=70&amp;strip=all\" title=\"\"><\/p>\n<p>O ministro da Fazenda, Fernando Haddad, afirmou que o voto de Roberto Campos Neto, presidente do Banco Central, a favor da redu&ccedil;&atilde;o de 0,5 ponto porcentual da Selic durante a reuni&atilde;o do Comit&ecirc; de Pol&iacute;tica Monet&aacute;ria (Copom) foi importante e destacou que teve um car&aacute;ter t&eacute;cnico. O Copom decidiu por um corte maior da taxa b&aacute;sica de juros em uma decis&atilde;o dividida: foram cinco votos favor&aacute;veis &agrave; redu&ccedil;&atilde;o de 0,5 p.p. e outros quatro votos por uma diminui&ccedil;&atilde;o de 0,25 p.p..<\/p>\n<p>&ldquo;(O voto) teve um papel importante, evidentemente. Eu tenho certeza, at&eacute; por conhec&ecirc;-lo h&aacute; oito meses, que o presidente do BC votou com aquilo que ele conhece de economia. &Eacute; um voto t&eacute;cnico, calibrado, &agrave; luz de tudo o que ele conhece da realidade do Pa&iacute;s. Eu tenho convic&ccedil;&atilde;o&rdquo;, disse nesta quarta-feira, 2, no Minist&eacute;rio da Fazenda.<\/p>\n<p>Haddad cumprimentou todos os diretores do BC, independentemente do voto, mas ressaltou o aspecto t&eacute;cnico de Campos Neto. &ldquo;O fato de n&oacute;s estarmos neste momento alinhados em torno da decis&atilde;o n&atilde;o significa que houve concess&atilde;o do BC. O que houve foi uma situa&ccedil;&atilde;o de voto apertada mesmo, todas opini&otilde;es dignas e leg&iacute;timas, e tenho certeza que o voto dele (Campos Neto) foi totalmente e balizado em considera&ccedil;&otilde;es de natureza t&eacute;cnica&rdquo;, disse.<\/p>\n<p>Haddad disse que j&aacute; enviou uma mensagem ao presidente do Banco Central e os dois ficaram de conversar em outro momento. O ministro reiterou o respeito do Minist&eacute;rio da Fazenda pelo Banco Central. &ldquo;Nesse per&iacute;odo todo em que houve diverg&ecirc;ncias, n&oacute;s sempre mantivemos uma um di&aacute;logo de alt&iacute;ssimo n&iacute;vel, a come&ccedil;ar pelo presidente Roberto Campos Neto, que sempre demonstrou muita abertura no di&aacute;logo e &eacute; assim que se constr&oacute;i&rdquo;, disse e destacou a queda inicial nos juros como fruto de um di&aacute;logo absolutamente t&eacute;cnico.<\/p>\n<p>Para ele, as diverg&ecirc;ncias p&uacute;blicas s&atilde;o resultado da livre manifesta&ccedil;&atilde;o em uma democracia. Ainda assim, disse que o di&aacute;logo entre as equipes t&eacute;cnicas &ndash; mencionando os ministros Simone Tebet (Planejamento), Geraldo Alckmin (Desenvolvimento, Ind&uacute;stria, Com&eacute;rcio e Servi&ccedil;os) e Esther Dweck (Gest&atilde;o e Inova&ccedil;&atilde;o), al&eacute;m do Banco Central &ndash; sempre teve n&iacute;vel elevado.<\/p>\n<p>&ldquo;Eu posso assegurar que o di&aacute;logo tanto entre n&oacute;s quanto das nossas equipes foi o mais elevado poss&iacute;vel. Nunca faltou nenhuma abertura de nenhum lado para sentar e dialogar a respeito das decis&otilde;es corretas que precisam ser tomadas. O fato do placar ser apertado &eacute; porque &eacute; uma discuss&atilde;o t&eacute;cnica&rdquo;, reitera.<\/p>\n<p>Haddad ainda disse que &eacute; normal haver diverg&ecirc;ncias em momentos de transi&ccedil;&atilde;o e destacou a condi&ccedil;&atilde;o do Banco Central independente, com um presidente indicado pelo governo anterior, e que mant&eacute;m um di&aacute;logo in&eacute;dito com o Minist&eacute;rio da Fazenda da nova gest&atilde;o. &ldquo;Isso nunca aconteceu, n&oacute;s estamos aprendendo a lidar com uma realidade institucional nova. Todo mundo vai aprender e sair maior&rdquo;, disse.<\/p>\n<\/p>\n<div class=\"cta-end\">\n<div class=\"im-cta\" >\n<div class=\"im-shortcode-forms bg-light bg-opacity-25 border rounded-4 p-3 p-sm-4 p-md-3 p-lg-4 px-xxl-5 my-5\" data-configuration='{\"form_name\":false,\"form_hat\":\"Newsletter\",\"form_email\":true,\"form_icon\":\"newsletter\",\"form_phone\":false,\"form_campaign\":\"NIM\",\"form_thankyou\":\"\",\"form_journey\":\"APIEvent-26a5198d-8e09-06ef-5f80-cd9127757ad1\",\"form_button\":\"Quero receber\",\"form_context\":\"newsletter\",\"form_origin\":\"https:\\\/\\\/www.infomoney.com.br\\\/politica\\\/feed\\\/?utm_medium=materia&#038;utm_source=infomoney&#038;utm_campaign=NIM&#038;utm_term=politica&#038;utm_content=newsletter\",\"form_position\":\"final\",\"form_category\":\"cta_form\"}'>\n<div class=\"d-flex flex-column align-items-center align-items-lg-start mb-4 flex-lg-row\">\n<div class=\"rounded-circle mb-2 mb-lg-0 mr-lg-4 me-lg-4 p-3 p-lg-4 bg-blue-400\"><svg width=\"40\" height=\"40\" viewBox=\"0 0 40 40\" fill=\"none\" xmlns=\"http:\/\/www.w3.org\/2000\/svg\"><path d=\"M20 20.25 6.042 11.042v19.041c0 .167.048.299.146.396a.535.535 0 0 0 .395.146h15.792V32.5H6.583a2.328 2.328 0 0 1-1.708-.708 2.328 2.328 0 0 1-.708-1.709V9.917c0-.667.236-1.236.708-1.709A2.328 2.328 0 0 1 6.583 7.5h26.834c.666 0 1.236.236 1.708.708a2.33 2.33 0 0 1 .708 1.709v12.458h-1.875V11.042L20 20.25Zm0-2 13.667-8.875H6.333L20 18.25Zm11.75 18.958-1.292-1.333 3.334-3.375h-9v-1.875h9l-3.375-3.417 1.333-1.291 5.667 5.625-5.667 5.666ZM6.042 11.042v20.791-9.458.25-13.25 1.667Z\" fill=\"#fff\"\/><\/svg><\/div>\n<div class=\"flex-fill text-center text-lg-left\">\n<div class=\"h6 small text-orange-700 lh-base mb-1\">Newsletter<\/div>\n<div class=\"text-body h4 m-0\">Infomorning<\/div>\n<div class=\"text-body small lh-base mt-2\">Receba no seu e-mail logo pela manh&atilde; as not&iacute;cias que v&atilde;o mexer com os mercados, com os seus investimentos e o seu bolso durante o dia<\/div>\n<\/div>\n<\/div>\n<\/div>\n<\/div>\n<\/div>\n<p>The post <a rel=\"nofollow noopener\" href=\"https:\/\/www.infomoney.com.br\/politica\/haddad-diz-que-voto-de-campos-neto-no-copom-foi-tecnico-e-teve-papel-importante\/\" target=\"_blank\">Haddad diz que voto de Campos Neto no Copom foi &#8216;t\u00e9cnico&#8217; e &#8216;teve papel importante&#8217;<\/a> appeared first on <a rel=\"nofollow noopener\" href=\"https:\/\/www.infomoney.com.br\/\" target=\"_blank\">InfoMoney<\/a>.<\/p>\n","protected":false},"excerpt":{"rendered":"<p><img loading=\"lazy\" decoding=\"async\" width=\"300\" height=\"200\" src=\"https:\/\/www.infomoney.com.br\/wp-content\/uploads\/2023\/07\/52953252127_0a3cbd6275_c.jpg?fit=300%2C200&amp;quality=70&amp;strip=all\" class=\"attachment-medium size-medium wp-post-image\" alt=\"\" data-attachment-id=\"2192902\" data-permalink=\"https:\/\/www.infomoney.com.br\/politica\/haddad-prega-cautela-com-mudancas-no-ir-e-diz-que-etapas-da-reforma-tributaria-devem-ser-neutras\/attachment\/52953252127_0a3cbd6275_c\/\" data-orig-file=\"https:\/\/www.infomoney.com.br\/wp-content\/uploads\/2023\/07\/52953252127_0a3cbd6275_c.jpg?fit=799%2C533&amp;quality=70&amp;strip=all\" data-orig-size=\"799,533\" data-comments-opened=\"0\" data-image-meta='{\"aperture\":\"0\",\"credit\":\"\",\"camera\":\"\",\"caption\":\"\",\"created_timestamp\":\"0\",\"copyright\":\"\",\"focal_length\":\"0\",\"iso\":\"0\",\"shutter_speed\":\"0\",\"title\":\"\",\"orientation\":\"0\"}' data-image-title=\"Fernando Haddad\" data-image-description=\"\" data-image-caption=\"&lt;p&gt;O ministro da Fazenda, Fernando Haddad (PT) em entrevista coletiva (Foto: Fotos: Diogo Zacarias)&lt;\/p&gt;\n\" data-medium-file=\"https:\/\/www.infomoney.com.br\/wp-content\/uploads\/2023\/07\/52953252127_0a3cbd6275_c.jpg?fit=300%2C200&amp;quality=70&amp;strip=all\" data-large-file=\"https:\/\/www.infomoney.com.br\/wp-content\/uploads\/2023\/07\/52953252127_0a3cbd6275_c.jpg?fit=799%2C533&amp;quality=70&amp;strip=all\">&#8220;Eu posso assegurar que o di\u00e1logo tanto entre n\u00f3s quanto das nossas equipes foi o mais elevado poss\u00edvel&#8221;, disse o ministro da Fazenda<\/p>\n<p>The post <a rel=\"nofollow\" href=\"https:\/\/www.infomoney.com.br\/politica\/haddad-diz-que-voto-de-campos-neto-no-copom-foi-tecnico-e-teve-papel-importante\/\">Haddad diz que voto de Campos Neto no Copom foi \u2018t\u00e9cnico\u2019 e \u2018teve papel importante\u2019<\/a> appeared first on <a rel=\"nofollow\" href=\"https:\/\/www.infomoney.com.br\/\">InfoMoney<\/a>.<\/p>\n","protected":false},"author":43,"featured_media":0,"comment_status":"closed","ping_status":"closed","sticky":false,"template":"","format":"standard","meta":{"advgb_blocks_editor_width":"","advgb_blocks_columns_visual_guide":"","footnotes":""},"categories":[1626,109,34,47,281,402,1110,282],"tags":[35],"class_list":["post-28139","post","type-post","status-publish","format-standard","hentry","category-copom","category-fernando-haddad","category-g1","category-politica","category-politica-monetaria","category-roberto-campos-neto","category-selic","category-taxa-de-juros","tag-g1"],"author_meta":{"display_name":"Estad\u00e3o Conte\u00fado","author_link":"https:\/\/sindaopcpb.org.br\/author\/estadao-conteudo\/"},"featured_img":null,"coauthors":[],"tax_additional":{"categories":{"linked":["<a href=\"https:\/\/sindaopcpb.org.br\/copom\/\" class=\"advgb-post-tax-term\">Copom<\/a>","<a href=\"https:\/\/sindaopcpb.org.br\/fernando-haddad\/\" class=\"advgb-post-tax-term\">FERNANDO HADDAD<\/a>","<a href=\"https:\/\/sindaopcpb.org.br\/g1\/\" class=\"advgb-post-tax-term\">G1<\/a>","<a href=\"https:\/\/sindaopcpb.org.br\/politica\/\" class=\"advgb-post-tax-term\">POLITICA<\/a>","<a href=\"https:\/\/sindaopcpb.org.br\/politica-monetaria\/\" class=\"advgb-post-tax-term\">Pol\u00edtica Monet\u00e1ria<\/a>","<a href=\"https:\/\/sindaopcpb.org.br\/roberto-campos-neto\/\" class=\"advgb-post-tax-term\">Roberto Campos Neto<\/a>","<a href=\"https:\/\/sindaopcpb.org.br\/selic\/\" class=\"advgb-post-tax-term\">Selic<\/a>","<a href=\"https:\/\/sindaopcpb.org.br\/taxa-de-juros\/\" class=\"advgb-post-tax-term\">Taxa de Juros<\/a>"],"unlinked":["<span class=\"advgb-post-tax-term\">Copom<\/span>","<span class=\"advgb-post-tax-term\">FERNANDO HADDAD<\/span>","<span class=\"advgb-post-tax-term\">G1<\/span>","<span class=\"advgb-post-tax-term\">POLITICA<\/span>","<span class=\"advgb-post-tax-term\">Pol\u00edtica Monet\u00e1ria<\/span>","<span class=\"advgb-post-tax-term\">Roberto Campos Neto<\/span>","<span class=\"advgb-post-tax-term\">Selic<\/span>","<span class=\"advgb-post-tax-term\">Taxa de Juros<\/span>"]},"tags":{"linked":["<a href=\"https:\/\/sindaopcpb.org.br\/taxa-de-juros\/\" class=\"advgb-post-tax-term\">g1<\/a>"],"unlinked":["<span class=\"advgb-post-tax-term\">g1<\/span>"]}},"comment_count":"0","relative_dates":{"created":"Publicado 3 anos atr\u00e1s","modified":"Atualizado 3 anos atr\u00e1s"},"absolute_dates":{"created":"Publicado em 3 de agosto de 2023","modified":"Atualizado em 3 de agosto de 2023"},"absolute_dates_time":{"created":"Publicado em 3 de agosto de 2023 09:58","modified":"Atualizado em 3 de agosto de 2023 09:58"},"featured_img_caption":"","series_order":"","_links":{"self":[{"href":"https:\/\/sindaopcpb.org.br\/index.php\/wp-json\/wp\/v2\/posts\/28139","targetHints":{"allow":["GET"]}}],"collection":[{"href":"https:\/\/sindaopcpb.org.br\/index.php\/wp-json\/wp\/v2\/posts"}],"about":[{"href":"https:\/\/sindaopcpb.org.br\/index.php\/wp-json\/wp\/v2\/types\/post"}],"author":[{"embeddable":true,"href":"https:\/\/sindaopcpb.org.br\/index.php\/wp-json\/wp\/v2\/users\/43"}],"replies":[{"embeddable":true,"href":"https:\/\/sindaopcpb.org.br\/index.php\/wp-json\/wp\/v2\/comments?post=28139"}],"version-history":[{"count":1,"href":"https:\/\/sindaopcpb.org.br\/index.php\/wp-json\/wp\/v2\/posts\/28139\/revisions"}],"predecessor-version":[{"id":28140,"href":"https:\/\/sindaopcpb.org.br\/index.php\/wp-json\/wp\/v2\/posts\/28139\/revisions\/28140"}],"wp:attachment":[{"href":"https:\/\/sindaopcpb.org.br\/index.php\/wp-json\/wp\/v2\/media?parent=28139"}],"wp:term":[{"taxonomy":"category","embeddable":true,"href":"https:\/\/sindaopcpb.org.br\/index.php\/wp-json\/wp\/v2\/categories?post=28139"},{"taxonomy":"post_tag","embeddable":true,"href":"https:\/\/sindaopcpb.org.br\/index.php\/wp-json\/wp\/v2\/tags?post=28139"}],"curies":[{"name":"wp","href":"https:\/\/api.w.org\/{rel}","templated":true}]}}