{"id":28123,"date":"2023-08-03T07:48:54","date_gmt":"2023-08-03T10:48:54","guid":{"rendered":"https:\/\/wpa.wscom.com.br\/?p=915552"},"modified":"2023-08-03T07:48:54","modified_gmt":"2023-08-03T10:48:54","slug":"jovem-de-19-anos-morre-apos-ser-atropelado-por-onibus-no-brejo-paraibano","status":"publish","type":"post","link":"https:\/\/sindaopcpb.org.br\/index.php\/2023\/08\/03\/jovem-de-19-anos-morre-apos-ser-atropelado-por-onibus-no-brejo-paraibano\/","title":{"rendered":"Jovem de 19 anos morre ap\u00f3s ser atropelado por \u00f4nibus no Brejo paraibano"},"content":{"rendered":"<p>&nbsp;<\/p>\n<p>&nbsp;<\/p>\n<p>Um motociclista morreu na tarde desta quarta-feira (2) ap\u00f3s ser atropelado por um \u00f4nibus no munic\u00edpio de Cuitegi, no Brejo paraibano. A v\u00edtima tinha 19 anos e foi identificada como Josuel Ferreira.<\/p>\n<p>Imagens de uma c\u00e2mera de seguran\u00e7a registrou a forte colis\u00e3o entre os dois ve\u00edculos, deixando a moto completamente destru\u00edda. Pelo v\u00eddeo, \u00e9 poss\u00edvel ver que o jovem atravessa um cruzamento sem frear em alta velocidade quando foi atingido pelo \u00f4nibus, que estava indo para a cidade de Alagoa Grande pela PB-075.<\/p>\n<p>Equipes do Servi\u00e7o de Atendimento M\u00f3vel de Urg\u00eancia (Samu) foram acionadas ao local, mas os m\u00e9dicos constataram o \u00f3bito do motociclista. O motorista do \u00f4nibus permaneceu no espa\u00e7o para prestar depoimento.<\/p>\n<p>O post <a rel=\"nofollow noopener\" href=\"https:\/\/wscom.com.br\/jovem-de-19-anos-morre-apos-ser-atropelado-por-onibus-no-brejo-paraibano\/\" target=\"_blank\">Jovem de 19 anos morre ap\u00f3s ser atropelado por \u00f4nibus no Brejo paraibano<\/a> apareceu primeiro em <a rel=\"nofollow noopener\" href=\"https:\/\/wscom.com.br\/\" target=\"_blank\">WSCOM<\/a>.<\/p>\n","protected":false},"excerpt":{"rendered":"<p>\u00a0 \u00a0 Um motociclista morreu na tarde desta quarta-feira (2) ap\u00f3s ser atropelado por um \u00f4nibus no munic\u00edpio de Cuitegi, no Brejo paraibano. A v\u00edtima tinha 19 anos e foi identificada como Josuel Ferreira. Imagens de uma c\u00e2mera de seguran\u00e7a registrou a forte colis\u00e3o entre os dois ve\u00edculos, deixando a moto completamente destru\u00edda. Pelo v\u00eddeo, [\u2026]<\/p>\n<p>O post <a rel=\"nofollow\" href=\"https:\/\/wscom.com.br\/jovem-de-19-anos-morre-apos-ser-atropelado-por-onibus-no-brejo-paraibano\/\">Jovem de 19 anos morre ap\u00f3s ser atropelado por \u00f4nibus no Brejo paraibano<\/a> apareceu primeiro em <a rel=\"nofollow\" href=\"https:\/\/wscom.com.br\/\">WSCOM<\/a>.<\/p>\n","protected":false},"author":42,"featured_media":0,"comment_status":"closed","ping_status":"closed","sticky":false,"template":"","format":"standard","meta":{"advgb_blocks_editor_width":"","advgb_blocks_columns_visual_guide":"","footnotes":""},"categories":[7294,34,7295,930,66],"tags":[35],"class_list":["post-28123","post","type-post","status-publish","format-standard","hentry","category-cuitegi","category-g1","category-josuel-ferreira","category-morte","category-policial","tag-g1"],"author_meta":{"display_name":"Rafael Andrade","author_link":"https:\/\/sindaopcpb.org.br\/author\/rafael-andrade\/"},"featured_img":null,"coauthors":[],"tax_additional":{"categories":{"linked":["<a href=\"https:\/\/sindaopcpb.org.br\/cuitegi\/\" class=\"advgb-post-tax-term\">cuitegi<\/a>","<a href=\"https:\/\/sindaopcpb.org.br\/g1\/\" class=\"advgb-post-tax-term\">G1<\/a>","<a href=\"https:\/\/sindaopcpb.org.br\/josuel-ferreira\/\" class=\"advgb-post-tax-term\">Josuel Ferreira<\/a>","<a href=\"https:\/\/sindaopcpb.org.br\/morte\/\" class=\"advgb-post-tax-term\">Morte<\/a>","<a href=\"https:\/\/sindaopcpb.org.br\/policial\/\" class=\"advgb-post-tax-term\">Policial<\/a>"],"unlinked":["<span class=\"advgb-post-tax-term\">cuitegi<\/span>","<span class=\"advgb-post-tax-term\">G1<\/span>","<span class=\"advgb-post-tax-term\">Josuel Ferreira<\/span>","<span class=\"advgb-post-tax-term\">Morte<\/span>","<span class=\"advgb-post-tax-term\">Policial<\/span>"]},"tags":{"linked":["<a href=\"https:\/\/sindaopcpb.org.br\/policial\/\" class=\"advgb-post-tax-term\">g1<\/a>"],"unlinked":["<span class=\"advgb-post-tax-term\">g1<\/span>"]}},"comment_count":"0","relative_dates":{"created":"Publicado 3 anos atr\u00e1s","modified":"Atualizado 3 anos atr\u00e1s"},"absolute_dates":{"created":"Publicado em 3 de agosto de 2023","modified":"Atualizado em 3 de agosto de 2023"},"absolute_dates_time":{"created":"Publicado em 3 de agosto de 2023 07:48","modified":"Atualizado em 3 de agosto de 2023 07:48"},"featured_img_caption":"","series_order":"","_links":{"self":[{"href":"https:\/\/sindaopcpb.org.br\/index.php\/wp-json\/wp\/v2\/posts\/28123","targetHints":{"allow":["GET"]}}],"collection":[{"href":"https:\/\/sindaopcpb.org.br\/index.php\/wp-json\/wp\/v2\/posts"}],"about":[{"href":"https:\/\/sindaopcpb.org.br\/index.php\/wp-json\/wp\/v2\/types\/post"}],"author":[{"embeddable":true,"href":"https:\/\/sindaopcpb.org.br\/index.php\/wp-json\/wp\/v2\/users\/42"}],"replies":[{"embeddable":true,"href":"https:\/\/sindaopcpb.org.br\/index.php\/wp-json\/wp\/v2\/comments?post=28123"}],"version-history":[{"count":1,"href":"https:\/\/sindaopcpb.org.br\/index.php\/wp-json\/wp\/v2\/posts\/28123\/revisions"}],"predecessor-version":[{"id":28124,"href":"https:\/\/sindaopcpb.org.br\/index.php\/wp-json\/wp\/v2\/posts\/28123\/revisions\/28124"}],"wp:attachment":[{"href":"https:\/\/sindaopcpb.org.br\/index.php\/wp-json\/wp\/v2\/media?parent=28123"}],"wp:term":[{"taxonomy":"category","embeddable":true,"href":"https:\/\/sindaopcpb.org.br\/index.php\/wp-json\/wp\/v2\/categories?post=28123"},{"taxonomy":"post_tag","embeddable":true,"href":"https:\/\/sindaopcpb.org.br\/index.php\/wp-json\/wp\/v2\/tags?post=28123"}],"curies":[{"name":"wp","href":"https:\/\/api.w.org\/{rel}","templated":true}]}}