{"id":28101,"date":"2023-08-02T19:03:12","date_gmt":"2023-08-02T22:03:12","guid":{"rendered":"https:\/\/wpa.wscom.com.br\/?p=915517"},"modified":"2023-08-02T19:03:12","modified_gmt":"2023-08-02T22:03:12","slug":"caso-tarik-lima-testemunhas-de-acusacao-sao-ouvidas-em-primeira-audiencia-na-grande-joao-pessoa","status":"publish","type":"post","link":"https:\/\/sindaopcpb.org.br\/index.php\/2023\/08\/02\/caso-tarik-lima-testemunhas-de-acusacao-sao-ouvidas-em-primeira-audiencia-na-grande-joao-pessoa\/","title":{"rendered":"Caso Tarik Lima: testemunhas de acusa\u00e7\u00e3o s\u00e3o ouvidas em primeira audi\u00eancia na Grande Jo\u00e3o Pessoa"},"content":{"rendered":"<p>Ocorreu nesta quarta-feira (2) a primeira audi\u00eancia de instru\u00e7\u00e3o do caso envolvendo a morte do cantor paraibano Tarik Lima, no F\u00f3rum de Bayeux, na Grande de Jo\u00e3o Pessoa. Quatro testemunhas de acusa\u00e7\u00e3o foram ouvidas na sess\u00e3o. Outra parte da instru\u00e7\u00e3o foi adiada para janeiro de 2024.<\/p>\n<p>O cantor Tarik Lima, de apenas 25 anos, faleceu na madrugada do dia 26 de junho de 2022, ap\u00f3s um tr\u00e1gico acidente na BR-101, em Bayeux. Na ocasi\u00e3o, ele estava conduzindo uma motocicleta com sua namorada Gabrielle Oliveira, de 22 anos, na garupa, quando colidiram com um ve\u00edculo.\u00a0 Gabrielle n\u00e3o resistiu aos ferimentos e veio a \u00f3bito no local. J\u00e1 Tarik foi encaminhado ao Hospital de Trauma, e tamb\u00e9m n\u00e3o sobreviveu aos ferimentos.<\/p>\n<p>Lucas Rodrigues, advogado que atua como assistente de acusa\u00e7\u00e3o no caso, revelou ao g1 que o Minist\u00e9rio P\u00fablico da Para\u00edba entende que houve um homic\u00eddio culposo por parte do homem que dirigia o carro, agravado pelo uso de bebida alco\u00f3lica.<\/p>\n<p>De acordo com o relat\u00f3rio t\u00e9cnico divulgado pela Pol\u00edcia Rodovi\u00e1ria Federal (PRF) na \u00e9poca do acidente, o motorista do ve\u00edculo estava sob efeito de \u00e1lcool, o que comprometia sua capacidade psicomotora, caracterizando embriaguez ao volante. O acidente ocorreu por volta das 5h48, no km 86 da BR-101.<\/p>\n<p>O motorista foi submetido ao teste de alcoolemia (teste de baf\u00f4metro), que indicou um teor de 0.5 miligramas de \u00e1lcool por litro de ar expelido pelos pulm\u00f5es. Em raz\u00e3o dessa infra\u00e7\u00e3o, ele foi preso na \u00e9poca. A pr\u00f3xima audi\u00eancia do caso est\u00e1 prevista para janeiro de 2024, quando ser\u00e1 conclu\u00edda a instru\u00e7\u00e3o.<\/p>\n<p>O post <a rel=\"nofollow noopener\" href=\"https:\/\/wscom.com.br\/caso-tarik-lima-testemunhas-de-acusacao-sao-ouvidas-em-primeira-audiencia-na-grande-joao-pessoa\/\" target=\"_blank\">Caso Tarik Lima: testemunhas de acusa\u00e7\u00e3o s\u00e3o ouvidas em primeira audi\u00eancia na Grande Jo\u00e3o Pessoa<\/a> apareceu primeiro em <a rel=\"nofollow noopener\" href=\"https:\/\/wscom.com.br\/\" target=\"_blank\">WSCOM<\/a>.<\/p>\n","protected":false},"excerpt":{"rendered":"<p>Ocorreu nesta quarta-feira (2) a primeira audi\u00eancia de instru\u00e7\u00e3o do caso envolvendo a morte do cantor paraibano Tarik Lima, no F\u00f3rum de Bayeux, na Grande de Jo\u00e3o Pessoa. Quatro testemunhas de acusa\u00e7\u00e3o foram ouvidas na sess\u00e3o. Outra parte da instru\u00e7\u00e3o foi adiada para janeiro de 2024. O cantor Tarik Lima, de apenas 25 anos, faleceu [\u2026]<\/p>\n<p>O post <a rel=\"nofollow\" href=\"https:\/\/wscom.com.br\/caso-tarik-lima-testemunhas-de-acusacao-sao-ouvidas-em-primeira-audiencia-na-grande-joao-pessoa\/\">Caso Tarik Lima: testemunhas de acusa\u00e7\u00e3o s\u00e3o ouvidas em primeira audi\u00eancia na Grande Jo\u00e3o Pessoa<\/a> apareceu primeiro em <a rel=\"nofollow\" href=\"https:\/\/wscom.com.br\/\">WSCOM<\/a>.<\/p>\n","protected":false},"author":50,"featured_media":0,"comment_status":"closed","ping_status":"closed","sticky":false,"template":"","format":"standard","meta":{"advgb_blocks_editor_width":"","advgb_blocks_columns_visual_guide":"","footnotes":""},"categories":[34,66],"tags":[35],"class_list":["post-28101","post","type-post","status-publish","format-standard","hentry","category-g1","category-policial","tag-g1"],"author_meta":{"display_name":"Wallyson","author_link":"https:\/\/sindaopcpb.org.br\/author\/wallyson\/"},"featured_img":null,"coauthors":[],"tax_additional":{"categories":{"linked":["<a href=\"https:\/\/sindaopcpb.org.br\/g1\/\" class=\"advgb-post-tax-term\">G1<\/a>","<a href=\"https:\/\/sindaopcpb.org.br\/policial\/\" class=\"advgb-post-tax-term\">Policial<\/a>"],"unlinked":["<span class=\"advgb-post-tax-term\">G1<\/span>","<span class=\"advgb-post-tax-term\">Policial<\/span>"]},"tags":{"linked":["<a href=\"https:\/\/sindaopcpb.org.br\/policial\/\" class=\"advgb-post-tax-term\">g1<\/a>"],"unlinked":["<span class=\"advgb-post-tax-term\">g1<\/span>"]}},"comment_count":"0","relative_dates":{"created":"Publicado 3 anos atr\u00e1s","modified":"Atualizado 3 anos atr\u00e1s"},"absolute_dates":{"created":"Publicado em 2 de agosto de 2023","modified":"Atualizado em 2 de agosto de 2023"},"absolute_dates_time":{"created":"Publicado em 2 de agosto de 2023 19:03","modified":"Atualizado em 2 de agosto de 2023 19:03"},"featured_img_caption":"","series_order":"","_links":{"self":[{"href":"https:\/\/sindaopcpb.org.br\/index.php\/wp-json\/wp\/v2\/posts\/28101","targetHints":{"allow":["GET"]}}],"collection":[{"href":"https:\/\/sindaopcpb.org.br\/index.php\/wp-json\/wp\/v2\/posts"}],"about":[{"href":"https:\/\/sindaopcpb.org.br\/index.php\/wp-json\/wp\/v2\/types\/post"}],"author":[{"embeddable":true,"href":"https:\/\/sindaopcpb.org.br\/index.php\/wp-json\/wp\/v2\/users\/50"}],"replies":[{"embeddable":true,"href":"https:\/\/sindaopcpb.org.br\/index.php\/wp-json\/wp\/v2\/comments?post=28101"}],"version-history":[{"count":1,"href":"https:\/\/sindaopcpb.org.br\/index.php\/wp-json\/wp\/v2\/posts\/28101\/revisions"}],"predecessor-version":[{"id":28102,"href":"https:\/\/sindaopcpb.org.br\/index.php\/wp-json\/wp\/v2\/posts\/28101\/revisions\/28102"}],"wp:attachment":[{"href":"https:\/\/sindaopcpb.org.br\/index.php\/wp-json\/wp\/v2\/media?parent=28101"}],"wp:term":[{"taxonomy":"category","embeddable":true,"href":"https:\/\/sindaopcpb.org.br\/index.php\/wp-json\/wp\/v2\/categories?post=28101"},{"taxonomy":"post_tag","embeddable":true,"href":"https:\/\/sindaopcpb.org.br\/index.php\/wp-json\/wp\/v2\/tags?post=28101"}],"curies":[{"name":"wp","href":"https:\/\/api.w.org\/{rel}","templated":true}]}}