{"id":28097,"date":"2023-08-02T19:06:10","date_gmt":"2023-08-02T22:06:10","guid":{"rendered":"https:\/\/wpa.wscom.com.br\/?p=915523"},"modified":"2023-08-02T19:06:10","modified_gmt":"2023-08-02T22:06:10","slug":"banco-central-reduz-juros-basicos-da-economia-para-1325-ao-ano","status":"publish","type":"post","link":"https:\/\/sindaopcpb.org.br\/index.php\/2023\/08\/02\/banco-central-reduz-juros-basicos-da-economia-para-1325-ao-ano\/","title":{"rendered":"Banco Central reduz juros b\u00e1sicos da economia para 13,25% ao ano"},"content":{"rendered":"<p>A forte queda da infla\u00e7\u00e3o fez o Banco Central (BC) cortar os juros pela primeira vez em tr\u00eas anos. Por 5 votos a 4, o Comit\u00ea de Pol\u00edtica Monet\u00e1ria (Copom) reduziu a taxa Selic, juros b\u00e1sicos da economia, em 0,5 ponto percentual, para 13,25% ao ano. A decis\u00e3o surpreendeu o mercado financeiro, que esperava um\u00a0<a href=\"https:\/\/agenciabrasil.ebc.com.br\/economia\/noticia\/2023-07\/mercado-reduz-previsao-da-inflacao-de-49-para-484-este-ano\" rel=\"noopener nofollow\" target=\"_blank\">corte de 0,25 ponto<\/a>.<img decoding=\"async\" src=\"https:\/\/agenciabrasil.ebc.com.br\/ebc.png?id=1547073&amp;o=node\" alt=\"\" title=\"\"><img decoding=\"async\" src=\"https:\/\/agenciabrasil.ebc.com.br\/ebc.gif?id=1547073&amp;o=node\" alt=\"\" title=\"\"><\/p>\n<p>Votaram por uma redu\u00e7\u00e3o de 0,5 ponto percentual o presidente do BC, Roberto Campos Neto, e os diretores Ailton de Aquino Santos (Fiscaliza\u00e7\u00e3o), Carolina de Assis Barros (Administra\u00e7\u00e3o), Gabriel Gal\u00edpolo (Pol\u00edtica Monet\u00e1ria) e Ot\u00e1vio Damaso (Regula\u00e7\u00e3o). \u00a0Votaram pelo corte de 0,25 ponto percentual os diretores Diogo Guillen (Pol\u00edtica Econ\u00f4mica), Fernanda Guardado (Assuntos Internacionais), Maur\u00edcio Costa de Moura (Relacionamento, Cidadania e Supervis\u00e3o de Conduta) e Renato Dias Gomes (Organiza\u00e7\u00e3o do Sistema Financeiro).<\/p>\n<p>A \u00faltima vez em que o BC tinha reduzido a Selic foi em agosto de 2020, quando a taxa caiu de 2,25% para 2% ao ano. Depois disso, o Copom elevou a Selic por 12 vezes consecutivas, num ciclo que come\u00e7ou em meio \u00e0 alta dos pre\u00e7os de alimentos, de energia e de combust\u00edveis, e, a partir de agosto do ano passado, manteve a taxa em 13,75% ao ano por sete vezes seguidas.<\/p>\n<p>Antes do in\u00edcio do ciclo de alta, a Selic tinha sido reduzida para 2% ao ano, no n\u00edvel mais baixo da s\u00e9rie hist\u00f3rica iniciada em 1986. Por causa da contra\u00e7\u00e3o econ\u00f4mica gerada pela pandemia de covid-19, o Banco Central tinha derrubado a taxa para estimular a produ\u00e7\u00e3o e o consumo. A taxa ficou no menor patamar da hist\u00f3ria de agosto de 2020 a mar\u00e7o de 2021.<\/p>\n<h2>Infla\u00e7\u00e3o<\/h2>\n<p>A Selic \u00e9 o principal instrumento do Banco Central para manter sob controle a infla\u00e7\u00e3o oficial, medida pelo \u00cdndice Nacional de Pre\u00e7os ao Consumidor Amplo (IPCA). Em junho, o\u00a0<a href=\"https:\/\/agenciabrasil.ebc.com.br\/economia\/noticia\/2023-07\/inflacao-oficial-de-junho-fica-negativa-em-008\" rel=\"noopener nofollow\" target=\"_blank\">indicador ficou negativo em 0,08% e acumula 3,16% em 12 meses\u00a0<\/a>. Nos \u00faltimos dois meses, a infla\u00e7\u00e3o vem caindo por causa dos alimentos e dos combust\u00edveis.<\/p>\n<p>O \u00edndice fechou o ano passado acima do teto da meta de infla\u00e7\u00e3o. Para 2023, o Conselho Monet\u00e1rio Nacional (CMN) fixou meta de infla\u00e7\u00e3o de 3,25%, com margem de toler\u00e2ncia de 1,5 ponto percentual. O IPCA, portanto, n\u00e3o podia superar 4,75% nem ficar abaixo de 1,75% neste ano.<\/p>\n<p>No\u00a0<em>Relat\u00f3rio de Infla\u00e7\u00e3o<\/em>\u00a0divulgado no fim de junho pelo Banco Central, a autoridade monet\u00e1ria estimava que o IPCA fecharia 2023\u00a0<a href=\"https:\/\/agenciabrasil.ebc.com.br\/economia\/noticia\/2023-06\/bc-aumenta-projecao-de-crescimento-do-pib-de-12-para-2\" rel=\"noopener nofollow\" target=\"_blank\">em 5% no cen\u00e1rio base<\/a>. A proje\u00e7\u00e3o, no entanto, pode ser revista para baixo na nova vers\u00e3o do relat\u00f3rio, que ser\u00e1 divulgada no fim de setembro.<\/p>\n<p>As previs\u00f5es do mercado est\u00e3o mais otimistas que as oficiais. De acordo com o boletim\u00a0<em>Focus<\/em>, pesquisa semanal com institui\u00e7\u00f5es financeiras divulgada pelo BC, a infla\u00e7\u00e3o oficial dever\u00e1 fechar o\u00a0<a href=\"https:\/\/agenciabrasil.ebc.com.br\/economia\/noticia\/2023-07\/mercado-reduz-previsao-da-inflacao-de-49-para-484-este-ano\" rel=\"noopener nofollow\" target=\"_blank\">ano em 4,84%<\/a>. H\u00e1 um m\u00eas, as estimativas do mercado estavam em 4,98%.<\/p>\n<h2>Cr\u00e9dito mais caro<\/h2>\n<p>A redu\u00e7\u00e3o da taxa Selic ajuda a estimular a economia. Isso porque juros mais baixos barateiam o cr\u00e9dito e incentivam a produ\u00e7\u00e3o e o consumo. Por outro lado, taxas mais baixas dificultam o controle da infla\u00e7\u00e3o. No \u00faltimo\u00a0<em>Relat\u00f3rio de Infla\u00e7\u00e3o<\/em>, o Banco Central projetava\u00a0<a href=\"https:\/\/agenciabrasil.ebc.com.br\/economia\/noticia\/2023-06\/bc-aumenta-projecao-de-crescimento-do-pib-de-12-para-2\" rel=\"noopener nofollow\" target=\"_blank\">crescimento de 2%<\/a>\u00a0para a economia em 2023.<\/p>\n<p>O mercado projeta crescimento maior, principalmente ap\u00f3s a divulga\u00e7\u00e3o de que o Produto Interno Bruto (PIB, soma das riquezas produzidas) cresceu 1,9% no primeiro trimestre\u00a0. Segundo a \u00faltima edi\u00e7\u00e3o do boletim\u00a0<em>Focus<\/em>, os analistas econ\u00f4micos preveem\u00a0<a href=\"https:\/\/agenciabrasil.ebc.com.br\/economia\/noticia\/2023-07\/mercado-reduz-previsao-da-inflacao-de-49-para-484-este-ano\" rel=\"noopener nofollow\" target=\"_blank\">expans\u00e3o de 2,24%<\/a>\u00a0do PIB em 2023.<\/p>\n<p>A taxa b\u00e1sica de juros \u00e9 usada nas negocia\u00e7\u00f5es de t\u00edtulos p\u00fablicos no Sistema Especial de Liquida\u00e7\u00e3o e Cust\u00f3dia (Selic) e serve de refer\u00eancia para as demais taxas de juros da economia. Ao reajust\u00e1-la para cima, o Banco Central segura o excesso de demanda que pressiona os pre\u00e7os, porque juros mais altos encarecem o cr\u00e9dito e estimulam a poupan\u00e7a.<\/p>\n<p>Ao reduzir os juros b\u00e1sicos, o Copom barateia o cr\u00e9dito e incentiva a produ\u00e7\u00e3o e o consumo, mas enfraquece o controle da infla\u00e7\u00e3o. Para cortar a Selic, a autoridade monet\u00e1ria precisa estar segura de que os pre\u00e7os est\u00e3o sob controle e n\u00e3o correm risco de subir.<\/p>\n<p>O post <a rel=\"nofollow noopener\" href=\"https:\/\/wscom.com.br\/banco-central-reduz-juros-basicos-da-economia-para-1325-ao-ano\/\" target=\"_blank\">Banco Central reduz juros b\u00e1sicos da economia para 13,25% ao ano<\/a> apareceu primeiro em <a rel=\"nofollow noopener\" href=\"https:\/\/wscom.com.br\/\" target=\"_blank\">WSCOM<\/a>.<\/p>\n","protected":false},"excerpt":{"rendered":"<p>A forte queda da infla\u00e7\u00e3o fez o Banco Central (BC) cortar os juros pela primeira vez em tr\u00eas anos. Por 5 votos a 4, o Comit\u00ea de Pol\u00edtica Monet\u00e1ria (Copom) reduziu a taxa Selic, juros b\u00e1sicos da economia, em 0,5 ponto percentual, para 13,25% ao ano. A decis\u00e3o surpreendeu o mercado financeiro, que esperava um\u00a0corte [\u2026]<\/p>\n<p>O post <a rel=\"nofollow\" href=\"https:\/\/wscom.com.br\/banco-central-reduz-juros-basicos-da-economia-para-1325-ao-ano\/\">Banco Central reduz juros b\u00e1sicos da economia para 13,25% ao ano<\/a> apareceu primeiro em <a rel=\"nofollow\" href=\"https:\/\/wscom.com.br\/\">WSCOM<\/a>.<\/p>\n","protected":false},"author":50,"featured_media":0,"comment_status":"closed","ping_status":"closed","sticky":false,"template":"","format":"standard","meta":{"advgb_blocks_editor_width":"","advgb_blocks_columns_visual_guide":"","footnotes":""},"categories":[2927,5857,69,34,4383,7282],"tags":[35],"class_list":["post-28097","post","type-post","status-publish","format-standard","hentry","category-banco","category-central","category-economia","category-g1","category-juros","category-reduz","tag-g1"],"author_meta":{"display_name":"Wallyson","author_link":"https:\/\/sindaopcpb.org.br\/author\/wallyson\/"},"featured_img":null,"coauthors":[],"tax_additional":{"categories":{"linked":["<a href=\"https:\/\/sindaopcpb.org.br\/banco\/\" class=\"advgb-post-tax-term\">Banco<\/a>","<a href=\"https:\/\/sindaopcpb.org.br\/central\/\" class=\"advgb-post-tax-term\">central<\/a>","<a href=\"https:\/\/sindaopcpb.org.br\/economia\/\" class=\"advgb-post-tax-term\">Economia<\/a>","<a href=\"https:\/\/sindaopcpb.org.br\/g1\/\" class=\"advgb-post-tax-term\">G1<\/a>","<a href=\"https:\/\/sindaopcpb.org.br\/juros\/\" class=\"advgb-post-tax-term\">Juros<\/a>","<a href=\"https:\/\/sindaopcpb.org.br\/reduz\/\" class=\"advgb-post-tax-term\">reduz<\/a>"],"unlinked":["<span class=\"advgb-post-tax-term\">Banco<\/span>","<span class=\"advgb-post-tax-term\">central<\/span>","<span class=\"advgb-post-tax-term\">Economia<\/span>","<span class=\"advgb-post-tax-term\">G1<\/span>","<span class=\"advgb-post-tax-term\">Juros<\/span>","<span class=\"advgb-post-tax-term\">reduz<\/span>"]},"tags":{"linked":["<a href=\"https:\/\/sindaopcpb.org.br\/reduz\/\" class=\"advgb-post-tax-term\">g1<\/a>"],"unlinked":["<span class=\"advgb-post-tax-term\">g1<\/span>"]}},"comment_count":"0","relative_dates":{"created":"Publicado 3 anos atr\u00e1s","modified":"Atualizado 3 anos atr\u00e1s"},"absolute_dates":{"created":"Publicado em 2 de agosto de 2023","modified":"Atualizado em 2 de agosto de 2023"},"absolute_dates_time":{"created":"Publicado em 2 de agosto de 2023 19:06","modified":"Atualizado em 2 de agosto de 2023 19:06"},"featured_img_caption":"","series_order":"","_links":{"self":[{"href":"https:\/\/sindaopcpb.org.br\/index.php\/wp-json\/wp\/v2\/posts\/28097","targetHints":{"allow":["GET"]}}],"collection":[{"href":"https:\/\/sindaopcpb.org.br\/index.php\/wp-json\/wp\/v2\/posts"}],"about":[{"href":"https:\/\/sindaopcpb.org.br\/index.php\/wp-json\/wp\/v2\/types\/post"}],"author":[{"embeddable":true,"href":"https:\/\/sindaopcpb.org.br\/index.php\/wp-json\/wp\/v2\/users\/50"}],"replies":[{"embeddable":true,"href":"https:\/\/sindaopcpb.org.br\/index.php\/wp-json\/wp\/v2\/comments?post=28097"}],"version-history":[{"count":1,"href":"https:\/\/sindaopcpb.org.br\/index.php\/wp-json\/wp\/v2\/posts\/28097\/revisions"}],"predecessor-version":[{"id":28098,"href":"https:\/\/sindaopcpb.org.br\/index.php\/wp-json\/wp\/v2\/posts\/28097\/revisions\/28098"}],"wp:attachment":[{"href":"https:\/\/sindaopcpb.org.br\/index.php\/wp-json\/wp\/v2\/media?parent=28097"}],"wp:term":[{"taxonomy":"category","embeddable":true,"href":"https:\/\/sindaopcpb.org.br\/index.php\/wp-json\/wp\/v2\/categories?post=28097"},{"taxonomy":"post_tag","embeddable":true,"href":"https:\/\/sindaopcpb.org.br\/index.php\/wp-json\/wp\/v2\/tags?post=28097"}],"curies":[{"name":"wp","href":"https:\/\/api.w.org\/{rel}","templated":true}]}}