{"id":28093,"date":"2023-08-02T17:18:54","date_gmt":"2023-08-02T20:18:54","guid":{"rendered":"https:\/\/g1.globo.com\/pb\/paraiba\/noticia\/2023\/08\/02\/tarik-lima-quatro-testemunhas-no-caso-da-morte-do-cantor-sao-ouvidas-em-audiencia-de-instrucao.ghtml"},"modified":"2023-08-02T17:18:54","modified_gmt":"2023-08-02T20:18:54","slug":"tarik-lima-quatro-testemunhas-no-caso-da-morte-do-cantor-sao-ouvidas-em-audiencia-de-instrucao","status":"publish","type":"post","link":"https:\/\/sindaopcpb.org.br\/index.php\/2023\/08\/02\/tarik-lima-quatro-testemunhas-no-caso-da-morte-do-cantor-sao-ouvidas-em-audiencia-de-instrucao\/","title":{"rendered":"Tarik Lima: quatro testemunhas no caso da morte do cantor s\u00e3o ouvidas em audi\u00eancia de instru\u00e7\u00e3o"},"content":{"rendered":"   <img src=\"https:\/\/s2.glbimg.com\/8emM6AlK5rDKmpHdaKgPuqJF-js=\/i.s3.glbimg.com\/v1\/AUTH_59edd422c0c84a879bd37670ae4f538a\/internal_photos\/bs\/2022\/C\/Q\/wIAd2iQP2ujJBFj3VkCQ\/tarik-lima.jpeg\" \/><br \/>     Cantor paraibano morreu em junho de 2022. A outra parte do processo de instru\u00e7\u00e3o do acusado vai acontecer em janeiro de 2024.  Cantor Tarik Lima J\u00fanior, de 25 anos, era natural de Jo\u00e3o Pessoa\nDivulga\u00e7\u00e3o\nA primeira audi\u00eancia de instru\u00e7\u00e3o do caso  da morte do cantor paraibano Tarik Lima aconteceu nesta quarta-feira (2), no F\u00f3rum da cidade de Bayeux, regi\u00e3o metropolitana de Jo\u00e3o Pessoa. Quatro testemunhas de acusa\u00e7\u00e3o foram ouvidas. Uma outra parte da instru\u00e7\u00e3o ficou para ser realizada em janeiro de 2024. \nO cantor Tarik Lima, que tinha 25 anos, morreu na madrugada do dia 26 de junho do de 2022, ap\u00f3s um acidente na BR-101, em Bayeux. Ele estava em uma moto com a namorada Gabrielle Oliveira, de 22 anos, quando houve a colis\u00e3o com um carro. A jovem que estava na garupa morreu no local. O m\u00fasico foi levado ao Hospital de Trauma, mas n\u00e3o resistiu aos ferimentos.\nConforme o advogado Lucas Rodrigues, que est\u00e1 atuando como assistente de acusa\u00e7\u00e3o, o entendimento do Minist\u00e9rio P\u00fablico da Para\u00edba \u00e9 de que houve um homic\u00eddio culposo por parte do homem que dirigia o carro, com o agravante de utiliza\u00e7\u00e3o de bebida alco\u00f3lica. \nNa \u00e9poca do acidente, a Pol\u00edcia Rodovi\u00e1ria Federal (PRF) divulgou um relat\u00f3rio t\u00e9cnico em que dizia que o homem que dirigia o ve\u00edculo estava sob efeito de \u00e1lcool, \"com capacidade psicomotora alterada em raz\u00e3o da influ\u00eancia de \u00e1lcool - embriaguez ao volante\". O acidente aconteceu por volta das 5h48, no km 86 da BR-101. \nAinda de acordo com o relat\u00f3rio, o motorista foi submetido ao exame de alcoolemia (teste de baf\u00f4metro) e ficou constatado o teor de 0.5 miligramas de \u00e1lcool por litro de ar expelido pelos pulm\u00f5es. Pela infra\u00e7\u00e3o de dirigir sob influ\u00eancia de \u00e1lcool, ele foi preso \u00e0 \u00e9poca. \nO g1 procurou a defesa de Robson Andrade de Lima, acusado pela morte do cantor Tarik Lima e de sua namorada, que informou que contesta a vers\u00e3o apresentada pela PRF e tamb\u00e9m pelo MPPB.  O advogado A\u00e9cio Farias disse que \"foram realizados mais de quatro testes por conta do defeito no equipamento\u201d, alegando a n\u00e3o confiabilidade nos resultados dos testes feitos. \nAl\u00e9m disso, o advogado tamb\u00e9m afirmou que o motorista \u201cn\u00e3o teve culpa no tr\u00e1gico acidente\u201d e que foram \u201cjuntados pela defesa diversas per\u00edcias comprovando que a culpa foi exclusiva da v\u00edtima que atravessou na frente do ve\u00edculo conduzido pelo r\u00e9u\u201d. Segundo o advogado, o acusado aguardou no local at\u00e9 a equipe da PRF chegar e prestou assist\u00eancia. \nA segunda parte do processo de instru\u00e7\u00e3o vai acontecer no dia 31 de janeiro, quando cinco testemunhas de defesa ser\u00e3o ouvidas, al\u00e9m do pr\u00f3prio acusado. \nAcidente e carreira de Tarik Lima \nCantor Tarik Lima e a companheira, Gabrielle Oliveira, morreram ap\u00f3s um acidente na BR-101, em Bayeux, PB\nReprodu\u00e7\u00e3o\nEm junho de 2022, Tarik Lima estava em uma moto com a namorada Gabrielle Oliveira, de 22 anos, quando houve a batida com um carro. A jovem morreu no local. O artista foi levado ao Hospital de Trauma, mas n\u00e3o resistiu aos ferimentos e veio a \u00f3bito. \nSegundo a equipe de produ\u00e7\u00e3o do cantor \u00e0 \u00e9poca, ap\u00f3s o acidente ele estava internado e se preparava para fazer uma cirurgia de amputa\u00e7\u00e3o de uma das pernas devido a uma bact\u00e9ria, mas sofreu uma parada card\u00edaca e morreu. Ele j\u00e1 tinha sido informado da morte da namorada que morreu no local do acidente.\nNatural de Jo\u00e3o Pessoa, Tarik Lima come\u00e7ou a ser conhecido a partir de 2020, com o remix de \u2018Bate com Vontade\u2019, com participa\u00e7\u00e3o de Mc Dricka e Dad\u00e1 Bolad\u00e3o. Contudo, desde 2012, ele costumava cantar na igreja, em bares e eventos do local onde morava.\nA can\u00e7\u00e3o virou hit, inclusive nas redes sociais, como nos challenges do TikTok. Outros sucessos foram \u2018Eu vou te empurrar\u2019, que j\u00e1 ultrapassou 540 mil visualiza\u00e7\u00f5es no YouTube, e \u2018Eu vou te achar\u2019, ambos com Mc Tet\u00e9u.\nAl\u00e9m do YouTube e plataformas de streaming, como o Spotify, os challenges, que \u00e9 como s\u00e3o chamados os v\u00eddeos de coreografias no TikTok, acumulam milhares de reprodu\u00e7\u00f5es.\nV\u00eddeos mais assistidos do g1 Para\u00edba  ","protected":false},"excerpt":{"rendered":"<p>        Cantor paraibano morreu em junho de 2022. A outra parte do processo de instru\u00e7\u00e3o do acusado vai acontecer em janeiro de 2024.  Cantor Tarik Lima J\u00fanior, de 25 anos, era natural de Jo\u00e3o Pessoa<br \/>\nDivulga\u00e7\u00e3o<br \/>\nA primeira audi\u00eancia de instru\u00e7\u00e3o do caso&#8230;<\/p>\n","protected":false},"author":2,"featured_media":0,"comment_status":"closed","ping_status":"closed","sticky":false,"template":"","format":"standard","meta":{"advgb_blocks_editor_width":"","advgb_blocks_columns_visual_guide":"","footnotes":""},"categories":[34],"tags":[35],"class_list":["post-28093","post","type-post","status-publish","format-standard","hentry","category-g1","tag-g1"],"author_meta":{"display_name":"g1 &gt; Para\u00edba","author_link":"https:\/\/sindaopcpb.org.br\/author\/g1-paraiba\/"},"featured_img":null,"coauthors":[],"tax_additional":{"categories":{"linked":["<a href=\"https:\/\/sindaopcpb.org.br\/g1\/\" class=\"advgb-post-tax-term\">G1<\/a>"],"unlinked":["<span class=\"advgb-post-tax-term\">G1<\/span>"]},"tags":{"linked":["<a href=\"https:\/\/sindaopcpb.org.br\/g1\/\" class=\"advgb-post-tax-term\">g1<\/a>"],"unlinked":["<span class=\"advgb-post-tax-term\">g1<\/span>"]}},"comment_count":"0","relative_dates":{"created":"Publicado 3 anos atr\u00e1s","modified":"Atualizado 3 anos atr\u00e1s"},"absolute_dates":{"created":"Publicado em 2 de agosto de 2023","modified":"Atualizado em 2 de agosto de 2023"},"absolute_dates_time":{"created":"Publicado em 2 de agosto de 2023 17:18","modified":"Atualizado em 2 de agosto de 2023 17:18"},"featured_img_caption":"","series_order":"","_links":{"self":[{"href":"https:\/\/sindaopcpb.org.br\/index.php\/wp-json\/wp\/v2\/posts\/28093","targetHints":{"allow":["GET"]}}],"collection":[{"href":"https:\/\/sindaopcpb.org.br\/index.php\/wp-json\/wp\/v2\/posts"}],"about":[{"href":"https:\/\/sindaopcpb.org.br\/index.php\/wp-json\/wp\/v2\/types\/post"}],"author":[{"embeddable":true,"href":"https:\/\/sindaopcpb.org.br\/index.php\/wp-json\/wp\/v2\/users\/2"}],"replies":[{"embeddable":true,"href":"https:\/\/sindaopcpb.org.br\/index.php\/wp-json\/wp\/v2\/comments?post=28093"}],"version-history":[{"count":1,"href":"https:\/\/sindaopcpb.org.br\/index.php\/wp-json\/wp\/v2\/posts\/28093\/revisions"}],"predecessor-version":[{"id":28094,"href":"https:\/\/sindaopcpb.org.br\/index.php\/wp-json\/wp\/v2\/posts\/28093\/revisions\/28094"}],"wp:attachment":[{"href":"https:\/\/sindaopcpb.org.br\/index.php\/wp-json\/wp\/v2\/media?parent=28093"}],"wp:term":[{"taxonomy":"category","embeddable":true,"href":"https:\/\/sindaopcpb.org.br\/index.php\/wp-json\/wp\/v2\/categories?post=28093"},{"taxonomy":"post_tag","embeddable":true,"href":"https:\/\/sindaopcpb.org.br\/index.php\/wp-json\/wp\/v2\/tags?post=28093"}],"curies":[{"name":"wp","href":"https:\/\/api.w.org\/{rel}","templated":true}]}}