{"id":28086,"date":"2023-08-02T17:27:37","date_gmt":"2023-08-02T20:27:37","guid":{"rendered":"https:\/\/wpa.wscom.com.br\/?p=915491"},"modified":"2023-08-02T17:27:37","modified_gmt":"2023-08-02T20:27:37","slug":"joao-azevedo-recebe-ministro-waldez-goes-e-governadores-para-assinar-acordo-de-operacao-sustentavel-das-aguas-do-sao-francisco","status":"publish","type":"post","link":"https:\/\/sindaopcpb.org.br\/index.php\/2023\/08\/02\/joao-azevedo-recebe-ministro-waldez-goes-e-governadores-para-assinar-acordo-de-operacao-sustentavel-das-aguas-do-sao-francisco\/","title":{"rendered":"Jo\u00e3o Azev\u00eado recebe ministro Waldez G\u00f3es e governadores para assinar acordo de opera\u00e7\u00e3o sustent\u00e1vel das \u00e1guas do S\u00e3o Francisco"},"content":{"rendered":"<p>O governador Jo\u00e3o Azev\u00eado recebe, na pr\u00f3xima sexta-feira (4), em Jo\u00e3o Pessoa, o ministro da Integra\u00e7\u00e3o e do Desenvolvimento Regional, Waldez G\u00f3es, as governadoras do Rio Grande do Norte e de Pernambuco, F\u00e1tima Bezerra e Raquel Lyra, respectivamente, al\u00e9m do governador do Cear\u00e1, Elmano de Freitas, ocasi\u00e3o em que ser\u00e1 assinado o acordo interfederativo para garantir a opera\u00e7\u00e3o sustent\u00e1vel do Projeto de Integra\u00e7\u00e3o do Rio S\u00e3o Francisco com Bacias Hidrogr\u00e1ficas do Nordeste Setentrional (PISF).<\/p>\n<p>A celebra\u00e7\u00e3o do acordo ir\u00e1 ocorrer \u00e0s 9h, no Centro Integrado de Comando e Controle (CICC), que ser\u00e1 inaugurado nesta mesma data, localizado na Avenida Hilton Souto Maior, no bairro Mangabeira I.<\/p>\n<p>A celebra\u00e7\u00e3o do documento assinado pelos governos estaduais e o governo federal tamb\u00e9m prev\u00ea a viabiliza\u00e7\u00e3o de recursos para as obras do Ramal Pianc\u00f3, o fomento \u00e0s a\u00e7\u00f5es do setor produtivo nas \u00e1reas beneficiadas pela Transposi\u00e7\u00e3o e o fornecimento adequado dos servi\u00e7os de opera\u00e7\u00e3o, manuten\u00e7\u00e3o e fornecimento de \u00e1gua bruta do PISF nos estados beneficiados com as obras.<\/p>\n<p>A transposi\u00e7\u00e3o do Rio S\u00e3o Francisco visa garantir seguran\u00e7a h\u00eddrica e qualidade de vida para a popula\u00e7\u00e3o da Para\u00edba, Rio Grande do Norte, Cear\u00e1 e Pernambuco. A obra tem uma extens\u00e3o de 477 km organizados em dois Eixos de transfer\u00eancia de \u00e1gua &#8211; Norte e Leste, garantindo \u00e1gua para 12 milh\u00f5es de pessoas em 390 munic\u00edpios dos quatro estados nordestinos. As estruturas captam a \u00e1gua do Rio S\u00e3o Francisco para abastecer adutoras e ramais que perenizam rios e a\u00e7udes existentes na regi\u00e3o.<\/p>\n<p>O post <a rel=\"nofollow noopener\" href=\"https:\/\/wscom.com.br\/joao-azevedo-recebe-ministro-waldez-goes-e-governadores-para-assinar-acordo-de-operacao-sustentavel-das-aguas-do-sao-francisco\/\" target=\"_blank\">Jo\u00e3o Azev\u00eado recebe ministro Waldez G\u00f3es e governadores para assinar acordo de opera\u00e7\u00e3o sustent\u00e1vel das \u00e1guas do S\u00e3o Francisco<\/a> apareceu primeiro em <a rel=\"nofollow noopener\" href=\"https:\/\/wscom.com.br\/\" target=\"_blank\">WSCOM<\/a>.<\/p>\n","protected":false},"excerpt":{"rendered":"<p>O governador Jo\u00e3o Azev\u00eado recebe, na pr\u00f3xima sexta-feira (4), em Jo\u00e3o Pessoa, o ministro da Integra\u00e7\u00e3o e do Desenvolvimento Regional, Waldez G\u00f3es, as governadoras do Rio Grande do Norte e de Pernambuco, F\u00e1tima Bezerra e Raquel Lyra, respectivamente, al\u00e9m do governador do Cear\u00e1, Elmano de Freitas, ocasi\u00e3o em que ser\u00e1 assinado o acordo interfederativo para [\u2026]<\/p>\n<p>O post <a rel=\"nofollow\" href=\"https:\/\/wscom.com.br\/joao-azevedo-recebe-ministro-waldez-goes-e-governadores-para-assinar-acordo-de-operacao-sustentavel-das-aguas-do-sao-francisco\/\">Jo\u00e3o Azev\u00eado recebe ministro Waldez G\u00f3es e governadores para assinar acordo de opera\u00e7\u00e3o sustent\u00e1vel das \u00e1guas do S\u00e3o Francisco<\/a> apareceu primeiro em <a rel=\"nofollow\" href=\"https:\/\/wscom.com.br\/\">WSCOM<\/a>.<\/p>\n","protected":false},"author":49,"featured_media":0,"comment_status":"closed","ping_status":"closed","sticky":false,"template":"","format":"standard","meta":{"advgb_blocks_editor_width":"","advgb_blocks_columns_visual_guide":"","footnotes":""},"categories":[7277,7278,34,406,999,47,7279,7280],"tags":[35],"class_list":["post-28086","post","type-post","status-publish","format-standard","hentry","category-elmano-de-freitas","category-fatima-bezerra","category-g1","category-governador-joao-azevedo","category-ministro-waldez-goes","category-politica","category-projeto-de-integracao-do-rio-sao-francisco","category-raquel-lyra","tag-g1"],"author_meta":{"display_name":"Cristiane Cavalcante","author_link":"https:\/\/sindaopcpb.org.br\/author\/cristiane-cavalcante\/"},"featured_img":null,"coauthors":[],"tax_additional":{"categories":{"linked":["<a href=\"https:\/\/sindaopcpb.org.br\/elmano-de-freitas\/\" class=\"advgb-post-tax-term\">Elmano de Freitas<\/a>","<a href=\"https:\/\/sindaopcpb.org.br\/fatima-bezerra\/\" class=\"advgb-post-tax-term\">fatima bezerra<\/a>","<a href=\"https:\/\/sindaopcpb.org.br\/g1\/\" class=\"advgb-post-tax-term\">G1<\/a>","<a href=\"https:\/\/sindaopcpb.org.br\/governador-joao-azevedo\/\" class=\"advgb-post-tax-term\">governador Jo\u00e3o azev\u00eado<\/a>","<a href=\"https:\/\/sindaopcpb.org.br\/ministro-waldez-goes\/\" class=\"advgb-post-tax-term\">Ministro Waldez G\u00f3es<\/a>","<a href=\"https:\/\/sindaopcpb.org.br\/politica\/\" class=\"advgb-post-tax-term\">POLITICA<\/a>","<a href=\"https:\/\/sindaopcpb.org.br\/projeto-de-integracao-do-rio-sao-francisco\/\" class=\"advgb-post-tax-term\">Projeto de Integra\u00e7\u00e3o do Rio S\u00e3o Francisco<\/a>","<a href=\"https:\/\/sindaopcpb.org.br\/raquel-lyra\/\" class=\"advgb-post-tax-term\">Raquel Lyra<\/a>"],"unlinked":["<span class=\"advgb-post-tax-term\">Elmano de Freitas<\/span>","<span class=\"advgb-post-tax-term\">fatima bezerra<\/span>","<span class=\"advgb-post-tax-term\">G1<\/span>","<span class=\"advgb-post-tax-term\">governador Jo\u00e3o azev\u00eado<\/span>","<span class=\"advgb-post-tax-term\">Ministro Waldez G\u00f3es<\/span>","<span class=\"advgb-post-tax-term\">POLITICA<\/span>","<span class=\"advgb-post-tax-term\">Projeto de Integra\u00e7\u00e3o do Rio S\u00e3o Francisco<\/span>","<span class=\"advgb-post-tax-term\">Raquel Lyra<\/span>"]},"tags":{"linked":["<a href=\"https:\/\/sindaopcpb.org.br\/raquel-lyra\/\" class=\"advgb-post-tax-term\">g1<\/a>"],"unlinked":["<span class=\"advgb-post-tax-term\">g1<\/span>"]}},"comment_count":"0","relative_dates":{"created":"Publicado 3 anos atr\u00e1s","modified":"Atualizado 3 anos atr\u00e1s"},"absolute_dates":{"created":"Publicado em 2 de agosto de 2023","modified":"Atualizado em 2 de agosto de 2023"},"absolute_dates_time":{"created":"Publicado em 2 de agosto de 2023 17:27","modified":"Atualizado em 2 de agosto de 2023 17:27"},"featured_img_caption":"","series_order":"","_links":{"self":[{"href":"https:\/\/sindaopcpb.org.br\/index.php\/wp-json\/wp\/v2\/posts\/28086","targetHints":{"allow":["GET"]}}],"collection":[{"href":"https:\/\/sindaopcpb.org.br\/index.php\/wp-json\/wp\/v2\/posts"}],"about":[{"href":"https:\/\/sindaopcpb.org.br\/index.php\/wp-json\/wp\/v2\/types\/post"}],"author":[{"embeddable":true,"href":"https:\/\/sindaopcpb.org.br\/index.php\/wp-json\/wp\/v2\/users\/49"}],"replies":[{"embeddable":true,"href":"https:\/\/sindaopcpb.org.br\/index.php\/wp-json\/wp\/v2\/comments?post=28086"}],"version-history":[{"count":1,"href":"https:\/\/sindaopcpb.org.br\/index.php\/wp-json\/wp\/v2\/posts\/28086\/revisions"}],"predecessor-version":[{"id":28087,"href":"https:\/\/sindaopcpb.org.br\/index.php\/wp-json\/wp\/v2\/posts\/28086\/revisions\/28087"}],"wp:attachment":[{"href":"https:\/\/sindaopcpb.org.br\/index.php\/wp-json\/wp\/v2\/media?parent=28086"}],"wp:term":[{"taxonomy":"category","embeddable":true,"href":"https:\/\/sindaopcpb.org.br\/index.php\/wp-json\/wp\/v2\/categories?post=28086"},{"taxonomy":"post_tag","embeddable":true,"href":"https:\/\/sindaopcpb.org.br\/index.php\/wp-json\/wp\/v2\/tags?post=28086"}],"curies":[{"name":"wp","href":"https:\/\/api.w.org\/{rel}","templated":true}]}}