{"id":28076,"date":"2023-08-02T17:41:00","date_gmt":"2023-08-02T20:41:00","guid":{"rendered":"https:\/\/www.infomoney.com.br\/?p=2204026"},"modified":"2023-08-02T17:41:00","modified_gmt":"2023-08-02T20:41:00","slug":"lula-sugere-entrada-de-paises-no-brics-e-volta-a-defender-nbd-para-contornar-dolar-no-comercio","status":"publish","type":"post","link":"https:\/\/sindaopcpb.org.br\/index.php\/2023\/08\/02\/lula-sugere-entrada-de-paises-no-brics-e-volta-a-defender-nbd-para-contornar-dolar-no-comercio\/","title":{"rendered":"Lula sugere entrada de pa\u00edses no Brics e volta a defender NBD para contornar d\u00f3lar no com\u00e9rcio"},"content":{"rendered":"<p><img loading=\"lazy\" width=\"300\" height=\"225\" src=\"https:\/\/www.infomoney.com.br\/wp-content\/uploads\/2023\/04\/ja_2180.jpg?fit=300%2C225&amp;quality=70&amp;strip=all\" class=\"attachment-medium size-medium wp-post-image\" alt=\"Bras\u00edlia (DF) 10-04-2023 - O presidente Luiz In\u00e1cio Lula da Silva participa no Pal\u00e1cio do Planalto da Reuni\u00e3o ministerial dos 100 dias de governo. Foto: Jo\u00e9dson Alves\/Ag\u00eancia Brasil\" decoding=\"async\" style=\"float:right; margin:0 0 10px 10px;\" srcset=\"https:\/\/www.infomoney.com.br\/wp-content\/uploads\/2023\/04\/ja_2180.jpg?w=1024&amp;quality=70&amp;strip=all 1024w, https:\/\/www.infomoney.com.br\/wp-content\/uploads\/2023\/04\/ja_2180.jpg?w=300&amp;quality=70&amp;strip=all 300w, https:\/\/www.infomoney.com.br\/wp-content\/uploads\/2023\/04\/ja_2180.jpg?w=768&amp;quality=70&amp;strip=all 768w, https:\/\/www.infomoney.com.br\/wp-content\/uploads\/2023\/04\/ja_2180.jpg?w=150&amp;quality=70&amp;strip=all 150w\" sizes=\"auto, (max-width: 300px) 100vw, 300px\" data-attachment-id=\"2103809\" data-permalink=\"https:\/\/www.infomoney.com.br\/_ja_2180\/\" data-orig-file=\"https:\/\/www.infomoney.com.br\/wp-content\/uploads\/2023\/04\/ja_2180.jpg?fit=1024%2C768&amp;quality=70&amp;strip=all\" data-orig-size=\"1024,768\" data-comments-opened=\"0\" data-image-meta=\"{&quot;aperture&quot;:&quot;4&quot;,&quot;credit&quot;:&quot;&quot;,&quot;camera&quot;:&quot;Canon EOS 5D Mark IV&quot;,&quot;caption&quot;:&quot;&quot;,&quot;created_timestamp&quot;:&quot;1681127125&quot;,&quot;copyright&quot;:&quot;&quot;,&quot;focal_length&quot;:&quot;600&quot;,&quot;iso&quot;:&quot;800&quot;,&quot;shutter_speed&quot;:&quot;0.003125&quot;,&quot;title&quot;:&quot;&quot;,&quot;orientation&quot;:&quot;1&quot;}\" data-image-title=\"Bras\u00edlia (DF) 10-04-2023 &#8211; O presidente Luiz In\u00e1cio Lula da Silva participa no Pal\u00e1cio do Planalto da Reuni\u00e3o ministerial dos 100 dias de governo. Foto: Jo\u00e9dson Alves\/Ag\u00eancia Brasil\" data-image-description=\"&lt;p&gt;Bras\u00edlia (DF) 10-04-2023 &#8211; O presidente Luiz In\u00e1cio Lula da Silva participa no Pal\u00e1cio do Planalto da Reuni\u00e3o ministerial dos 100 dias de governo. Foto: Jo\u00e9dson Alves\/Ag\u00eancia Brasil&lt;\/p&gt;\n\" data-image-caption=\"&lt;p&gt;Bras\u00edlia (DF) 10-04-2023 &#8211; O presidente Luiz In\u00e1cio Lula da Silva participa no Pal\u00e1cio do Planalto da Reuni\u00e3o ministerial dos 100 dias de governo. Foto: Jo\u00e9dson Alves\/Ag\u00eancia Brasil&lt;\/p&gt;\n\" data-medium-file=\"https:\/\/www.infomoney.com.br\/wp-content\/uploads\/2023\/04\/ja_2180.jpg?fit=300%2C225&amp;quality=70&amp;strip=all\" data-large-file=\"https:\/\/www.infomoney.com.br\/wp-content\/uploads\/2023\/04\/ja_2180.jpg?fit=1024%2C768&amp;quality=70&amp;strip=all\" title=\"\"><\/p>\n<p>O presidente da Rep&uacute;blica, Luiz In&aacute;cio Lula da Silva, afirmou que a c&uacute;pula do Brics &ndash; bloco formado com Brasil, R&uacute;ssia, China, &Iacute;ndia e &Aacute;frica do Sul &ndash; em Johanesburgo, que ocorrer&aacute; no final do m&ecirc;s, dever&aacute; discutir a entrada de novos membros na organiza&ccedil;&atilde;o e defendeu a admiss&atilde;o da Ar&aacute;bia Saudita, Emirados &Aacute;rabes e Argentina no grupo. Na fala, o chefe do Executivo voltou a defender usar o Novo Banco de Desenvolvimento (NBD) para contornar o d&oacute;lar no com&eacute;rcio mundial.<\/p>\n<p>&ldquo;Acho extremamente importante a gente permitir que outros pa&iacute;ses, que cumpram as exig&ecirc;ncias do Brics, entrarem no Brics&rdquo;, afirmou Lula, em caf&eacute; da manh&atilde; promovido nesta quarta-feira, 2, com correspondentes, no Pal&aacute;cio do Planalto. &ldquo;Acho extremamente importante a Ar&aacute;bia Saudita entrar nos Brics. Acho extremamente importante os Emirados &Aacute;rabes, se quiserem entrar, a Argentina. Obviamente que eu n&atilde;o decido sozinho.&rdquo;<\/p>\n<p>E acrescentou: &ldquo;Vamos discutir a entrada de novos pa&iacute;ses, e sou da opini&atilde;o de que quanto mais pa&iacute;ses quiserem entrar, se tiverem o cumprimento da regra que estamos estabelecendo, n&oacute;s vamos aceitar a entrada desses pa&iacute;ses.&rdquo;<\/p>\n<p>Na avalia&ccedil;&atilde;o do presidente do Brasil, o banco do Brics, sob presid&ecirc;ncia de Dilma Rousseff, deve ser formulado com a mentalidade de &ldquo;reeducar as institui&ccedil;&otilde;es financeiras&rdquo; na forma de financiamento a pa&iacute;ses em desenvolvimento. Assim, ele voltou a defendeu o uso de moedas alternativas ao d&oacute;lar para transa&ccedil;&otilde;es comerciais internacionais.<\/p>\n<p>&ldquo;Todo mundo sabe que eu defendo que a gente tenha uma moeda pr&oacute;pria para fazer o com&eacute;rcio entre os pa&iacute;ses. Por que o Brasil precisa ter d&oacute;lar para fazer com&eacute;rcio com a China, com a Argentina?&rdquo;, questionou Lula. &ldquo;A gente pode fazer nas nossas moedas e pessoalmente os Bancos Centrais fazem os acertos de contas&rdquo;, acrescentou, ponderando n&atilde;o ser uma &ldquo;coisa f&aacute;cil de discutir&rdquo;. &ldquo;Por que a gente n&atilde;o pode discutir isso, ter uma moeda para fazer neg&oacute;cio entre os pa&iacute;ses?&rdquo;<\/p>\n<p>Lula defendeu que o banco dos Brics seja &ldquo;mais eficaz e generoso&rdquo; que o Fundo Monet&aacute;rio Internacional (FMI). &ldquo;O banco existe para ajudar a salvar pa&iacute;ses, e n&atilde;o para ajudar a afundar pa&iacute;ses, que &eacute; o que o FMI faz muitas vezes.&rdquo; &ldquo;O Brics, na minha opini&atilde;o, n&atilde;o sou o &uacute;nico pa&iacute;s, tem v&aacute;rios outros, mas deve servir para ajudar a desenvolver o financiamento adequado, sem espada na cabe&ccedil;a, os outros pa&iacute;ses a desenvolver&rdquo;, declarou.<\/p>\n<\/p>\n<div class=\"cta-end\">\n<div class=\"im-cta\" >\n<div class=\"im-shortcode-forms bg-light bg-opacity-25 border rounded-4 p-3 p-sm-4 p-md-3 p-lg-4 px-xxl-5 my-5\" data-configuration='{\"form_name\":false,\"form_hat\":\"Newsletter\",\"form_email\":true,\"form_icon\":\"newsletter\",\"form_phone\":false,\"form_campaign\":\"NIM\",\"form_thankyou\":\"\",\"form_journey\":\"APIEvent-26a5198d-8e09-06ef-5f80-cd9127757ad1\",\"form_button\":\"Quero receber\",\"form_context\":\"newsletter\",\"form_origin\":\"https:\\\/\\\/www.infomoney.com.br\\\/politica\\\/feed\\\/?utm_medium=materia&#038;utm_source=infomoney&#038;utm_campaign=NIM&#038;utm_term=politica&#038;utm_content=newsletter\",\"form_position\":\"final\",\"form_category\":\"cta_form\"}'>\n<div class=\"d-flex flex-column align-items-center align-items-lg-start mb-4 flex-lg-row\">\n<div class=\"rounded-circle mb-2 mb-lg-0 mr-lg-4 me-lg-4 p-3 p-lg-4 bg-blue-400\"><svg width=\"40\" height=\"40\" viewBox=\"0 0 40 40\" fill=\"none\" xmlns=\"http:\/\/www.w3.org\/2000\/svg\"><path d=\"M20 20.25 6.042 11.042v19.041c0 .167.048.299.146.396a.535.535 0 0 0 .395.146h15.792V32.5H6.583a2.328 2.328 0 0 1-1.708-.708 2.328 2.328 0 0 1-.708-1.709V9.917c0-.667.236-1.236.708-1.709A2.328 2.328 0 0 1 6.583 7.5h26.834c.666 0 1.236.236 1.708.708a2.33 2.33 0 0 1 .708 1.709v12.458h-1.875V11.042L20 20.25Zm0-2 13.667-8.875H6.333L20 18.25Zm11.75 18.958-1.292-1.333 3.334-3.375h-9v-1.875h9l-3.375-3.417 1.333-1.291 5.667 5.625-5.667 5.666ZM6.042 11.042v20.791-9.458.25-13.25 1.667Z\" fill=\"#fff\"\/><\/svg><\/div>\n<div class=\"flex-fill text-center text-lg-left\">\n<div class=\"h6 small text-orange-700 lh-base mb-1\">Newsletter<\/div>\n<div class=\"text-body h4 m-0\">Infomorning<\/div>\n<div class=\"text-body small lh-base mt-2\">Receba no seu e-mail logo pela manh&atilde; as not&iacute;cias que v&atilde;o mexer com os mercados, com os seus investimentos e o seu bolso durante o dia<\/div>\n<\/div>\n<\/div>\n<\/div>\n<\/div>\n<\/div>\n<p>The post <a rel=\"nofollow noopener\" href=\"https:\/\/www.infomoney.com.br\/politica\/lula-sugere-entrada-de-paises-no-brics-e-volta-a-defender-nbd-para-contornar-dolar-no-comercio\/\" target=\"_blank\">Lula sugere entrada de pa\u00edses no Brics e volta a defender NBD para contornar d\u00f3lar no com\u00e9rcio<\/a> appeared first on <a rel=\"nofollow noopener\" href=\"https:\/\/www.infomoney.com.br\/\" target=\"_blank\">InfoMoney<\/a>.<\/p>\n","protected":false},"excerpt":{"rendered":"<p><img loading=\"lazy\" decoding=\"async\" width=\"300\" height=\"225\" src=\"https:\/\/www.infomoney.com.br\/wp-content\/uploads\/2023\/04\/ja_2180.jpg?fit=300%2C225&amp;quality=70&amp;strip=all\" class=\"attachment-medium size-medium wp-post-image\" alt=\"Bras\u00edlia (DF) 10-04-2023 - O presidente Luiz In\u00e1cio Lula da Silva participa no Pal\u00e1cio do Planalto da Reuni\u00e3o ministerial dos 100 dias de governo. Foto: Jo\u00e9dson Alves\/Ag\u00eancia Brasil\" data-attachment-id=\"2103809\" data-permalink=\"https:\/\/www.infomoney.com.br\/_ja_2180\/\" data-orig-file=\"https:\/\/www.infomoney.com.br\/wp-content\/uploads\/2023\/04\/ja_2180.jpg?fit=1024%2C768&amp;quality=70&amp;strip=all\" data-orig-size=\"1024,768\" data-comments-opened=\"0\" data-image-meta='{\"aperture\":\"4\",\"credit\":\"\",\"camera\":\"Canon EOS 5D Mark IV\",\"caption\":\"\",\"created_timestamp\":\"1681127125\",\"copyright\":\"\",\"focal_length\":\"600\",\"iso\":\"800\",\"shutter_speed\":\"0.003125\",\"title\":\"\",\"orientation\":\"1\"}' data-image-title=\"Bras\u00edlia (DF) 10-04-2023 \u2013 O presidente Luiz In\u00e1cio Lula da Silva participa no Pal\u00e1cio do Planalto da Reuni\u00e3o ministerial dos 100 dias de governo. Foto: Jo\u00e9dson Alves\/Ag\u00eancia Brasil\" data-image-description=\"&lt;p&gt;Bras\u00edlia (DF) 10-04-2023 \u2013 O presidente Luiz In\u00e1cio Lula da Silva participa no Pal\u00e1cio do Planalto da Reuni\u00e3o ministerial dos 100 dias de governo. Foto: Jo\u00e9dson Alves\/Ag\u00eancia Brasil&lt;\/p&gt;\n\" data-image-caption=\"&lt;p&gt;Bras\u00edlia (DF) 10-04-2023 \u2013 O presidente Luiz In\u00e1cio Lula da Silva participa no Pal\u00e1cio do Planalto da Reuni\u00e3o ministerial dos 100 dias de governo. Foto: Jo\u00e9dson Alves\/Ag\u00eancia Brasil&lt;\/p&gt;\n\" data-medium-file=\"https:\/\/www.infomoney.com.br\/wp-content\/uploads\/2023\/04\/ja_2180.jpg?fit=300%2C225&amp;quality=70&amp;strip=all\" data-large-file=\"https:\/\/www.infomoney.com.br\/wp-content\/uploads\/2023\/04\/ja_2180.jpg?fit=1024%2C768&amp;quality=70&amp;strip=all\">Presidente cr\u00ea que o banco do Brics, sob presid\u00eancia de Dilma Rousseff, deve ser formulado com a mentalidade de &#8220;reeducar as institui\u00e7\u00f5es financeiras&#8221;<\/p>\n<p>The post <a rel=\"nofollow\" href=\"https:\/\/www.infomoney.com.br\/politica\/lula-sugere-entrada-de-paises-no-brics-e-volta-a-defender-nbd-para-contornar-dolar-no-comercio\/\">Lula sugere entrada de pa\u00edses no Brics e volta a defender NBD para contornar d\u00f3lar no com\u00e9rcio<\/a> appeared first on <a rel=\"nofollow\" href=\"https:\/\/www.infomoney.com.br\/\">InfoMoney<\/a>.<\/p>\n","protected":false},"author":43,"featured_media":0,"comment_status":"closed","ping_status":"closed","sticky":false,"template":"","format":"standard","meta":{"advgb_blocks_editor_width":"","advgb_blocks_columns_visual_guide":"","footnotes":""},"categories":[1386,514,113,34,129,47,125],"tags":[35],"class_list":["post-28076","post","type-post","status-publish","format-standard","hentry","category-argentina","category-brics","category-dolar","category-g1","category-luiz-inacio-lula-da-silva","category-politica","category-politica-externa","tag-g1"],"author_meta":{"display_name":"Estad\u00e3o Conte\u00fado","author_link":"https:\/\/sindaopcpb.org.br\/author\/estadao-conteudo\/"},"featured_img":null,"coauthors":[],"tax_additional":{"categories":{"linked":["<a href=\"https:\/\/sindaopcpb.org.br\/argentina\/\" class=\"advgb-post-tax-term\">Argentina<\/a>","<a href=\"https:\/\/sindaopcpb.org.br\/brics\/\" class=\"advgb-post-tax-term\">brics<\/a>","<a href=\"https:\/\/sindaopcpb.org.br\/dolar\/\" class=\"advgb-post-tax-term\">d\u00f3lar<\/a>","<a href=\"https:\/\/sindaopcpb.org.br\/g1\/\" class=\"advgb-post-tax-term\">G1<\/a>","<a href=\"https:\/\/sindaopcpb.org.br\/luiz-inacio-lula-da-silva\/\" class=\"advgb-post-tax-term\">Luiz In\u00e1cio Lula da Silva<\/a>","<a href=\"https:\/\/sindaopcpb.org.br\/politica\/\" class=\"advgb-post-tax-term\">POLITICA<\/a>","<a href=\"https:\/\/sindaopcpb.org.br\/politica-externa\/\" class=\"advgb-post-tax-term\">Pol\u00edtica externa<\/a>"],"unlinked":["<span class=\"advgb-post-tax-term\">Argentina<\/span>","<span class=\"advgb-post-tax-term\">brics<\/span>","<span class=\"advgb-post-tax-term\">d\u00f3lar<\/span>","<span class=\"advgb-post-tax-term\">G1<\/span>","<span class=\"advgb-post-tax-term\">Luiz In\u00e1cio Lula da Silva<\/span>","<span class=\"advgb-post-tax-term\">POLITICA<\/span>","<span class=\"advgb-post-tax-term\">Pol\u00edtica externa<\/span>"]},"tags":{"linked":["<a href=\"https:\/\/sindaopcpb.org.br\/politica-externa\/\" class=\"advgb-post-tax-term\">g1<\/a>"],"unlinked":["<span class=\"advgb-post-tax-term\">g1<\/span>"]}},"comment_count":"0","relative_dates":{"created":"Publicado 3 anos atr\u00e1s","modified":"Atualizado 3 anos atr\u00e1s"},"absolute_dates":{"created":"Publicado em 2 de agosto de 2023","modified":"Atualizado em 2 de agosto de 2023"},"absolute_dates_time":{"created":"Publicado em 2 de agosto de 2023 17:41","modified":"Atualizado em 2 de agosto de 2023 17:41"},"featured_img_caption":"","series_order":"","_links":{"self":[{"href":"https:\/\/sindaopcpb.org.br\/index.php\/wp-json\/wp\/v2\/posts\/28076","targetHints":{"allow":["GET"]}}],"collection":[{"href":"https:\/\/sindaopcpb.org.br\/index.php\/wp-json\/wp\/v2\/posts"}],"about":[{"href":"https:\/\/sindaopcpb.org.br\/index.php\/wp-json\/wp\/v2\/types\/post"}],"author":[{"embeddable":true,"href":"https:\/\/sindaopcpb.org.br\/index.php\/wp-json\/wp\/v2\/users\/43"}],"replies":[{"embeddable":true,"href":"https:\/\/sindaopcpb.org.br\/index.php\/wp-json\/wp\/v2\/comments?post=28076"}],"version-history":[{"count":1,"href":"https:\/\/sindaopcpb.org.br\/index.php\/wp-json\/wp\/v2\/posts\/28076\/revisions"}],"predecessor-version":[{"id":28077,"href":"https:\/\/sindaopcpb.org.br\/index.php\/wp-json\/wp\/v2\/posts\/28076\/revisions\/28077"}],"wp:attachment":[{"href":"https:\/\/sindaopcpb.org.br\/index.php\/wp-json\/wp\/v2\/media?parent=28076"}],"wp:term":[{"taxonomy":"category","embeddable":true,"href":"https:\/\/sindaopcpb.org.br\/index.php\/wp-json\/wp\/v2\/categories?post=28076"},{"taxonomy":"post_tag","embeddable":true,"href":"https:\/\/sindaopcpb.org.br\/index.php\/wp-json\/wp\/v2\/tags?post=28076"}],"curies":[{"name":"wp","href":"https:\/\/api.w.org\/{rel}","templated":true}]}}