{"id":28074,"date":"2023-08-02T17:45:03","date_gmt":"2023-08-02T20:45:03","guid":{"rendered":"https:\/\/www.infomoney.com.br\/?p=2204089"},"modified":"2023-08-02T17:45:03","modified_gmt":"2023-08-02T20:45:03","slug":"sobe-para-16-numero-de-mortos-em-operacoes-policiais-no-litoral-paulista","status":"publish","type":"post","link":"https:\/\/sindaopcpb.org.br\/index.php\/2023\/08\/02\/sobe-para-16-numero-de-mortos-em-operacoes-policiais-no-litoral-paulista\/","title":{"rendered":"Sobe para 16 n\u00famero de mortos em opera\u00e7\u00f5es policiais no litoral paulista"},"content":{"rendered":"<p><img loading=\"lazy\" width=\"300\" height=\"197\" src=\"https:\/\/www.infomoney.com.br\/wp-content\/uploads\/2019\/06\/tarcisio-gomes-de-freitas-.jpg?fit=300%2C197&amp;quality=70&amp;strip=all\" class=\"attachment-medium size-medium wp-post-image\" alt=\"\" decoding=\"async\" style=\"float:right; margin:0 0 10px 10px;\" srcset=\"https:\/\/www.infomoney.com.br\/wp-content\/uploads\/2019\/06\/tarcisio-gomes-de-freitas-.jpg?w=900&amp;quality=70&amp;strip=all 900w, https:\/\/www.infomoney.com.br\/wp-content\/uploads\/2019\/06\/tarcisio-gomes-de-freitas-.jpg?w=300&amp;quality=70&amp;strip=all 300w, https:\/\/www.infomoney.com.br\/wp-content\/uploads\/2019\/06\/tarcisio-gomes-de-freitas-.jpg?w=768&amp;quality=70&amp;strip=all 768w, https:\/\/www.infomoney.com.br\/wp-content\/uploads\/2019\/06\/tarcisio-gomes-de-freitas-.jpg?w=150&amp;quality=70&amp;strip=all 150w\" sizes=\"auto, (max-width: 300px) 100vw, 300px\" data-attachment-id=\"54745\" data-permalink=\"https:\/\/www.infomoney.com.br\/?attachment_id=54745\" data-orig-file=\"https:\/\/www.infomoney.com.br\/wp-content\/uploads\/2019\/06\/tarcisio-gomes-de-freitas-.jpg?fit=900%2C590&amp;quality=70&amp;strip=all\" data-orig-size=\"900,590\" data-comments-opened=\"1\" data-image-meta=\"{&quot;aperture&quot;:&quot;0&quot;,&quot;credit&quot;:&quot;&quot;,&quot;camera&quot;:&quot;&quot;,&quot;caption&quot;:&quot;&quot;,&quot;created_timestamp&quot;:&quot;0&quot;,&quot;copyright&quot;:&quot;&quot;,&quot;focal_length&quot;:&quot;0&quot;,&quot;iso&quot;:&quot;0&quot;,&quot;shutter_speed&quot;:&quot;0&quot;,&quot;title&quot;:&quot;&quot;,&quot;orientation&quot;:&quot;0&quot;}\" data-image-title=\"tarcisio-gomes-de-freitas-\" data-image-description=\"\" data-image-caption=\"\" data-medium-file=\"https:\/\/www.infomoney.com.br\/wp-content\/uploads\/2019\/06\/tarcisio-gomes-de-freitas-.jpg?fit=300%2C197&amp;quality=70&amp;strip=all\" data-large-file=\"https:\/\/www.infomoney.com.br\/wp-content\/uploads\/2019\/06\/tarcisio-gomes-de-freitas-.jpg?fit=900%2C590&amp;quality=70&amp;strip=all\" title=\"\"><\/p>\n<p>Subiu para 16 o n&uacute;mero de mortos em opera&ccedil;&otilde;es policiais na Baixada Santista, litoral de S&atilde;o Paulo, informou a Secretaria de Seguran&ccedil;a P&uacute;blica do Estado (SSP-SP), nesta quarta-feira (02), e o &oacute;rg&atilde;o garantiu que todas as ocorr&ecirc;ncias envolvendo morte ser&atilde;o &ldquo;minuciosamente&rdquo; investigadas em meio relatos de suposto excesso por parte das for&ccedil;as policiais.<\/p>\n<p>&ldquo;Dezesseis suspeitos morreram ao entrarem em confronto com as for&ccedil;as de seguran&ccedil;a desde o in&iacute;cio da opera&ccedil;&atilde;o. Todas as ocorr&ecirc;ncias com morte durante a opera&ccedil;&atilde;o resultaram da a&ccedil;&atilde;o dos criminosos que optam pelo confronto, colocando em risco tanto v&iacute;timas quanto os participantes da a&ccedil;&atilde;o&rdquo;, afirmou a secretaria em nota.<\/p>\n<p>&ldquo;Por determina&ccedil;&atilde;o da pr&oacute;pria SSP, todos os casos desse tipo s&atilde;o minuciosamente investigados pela Divis&atilde;o Especializada de Investiga&ccedil;&otilde;es Criminais (DEIC) de Santos e pela Pol&iacute;cia Militar, por meio de Inqu&eacute;rito Policial Militar (IPM). As imagens das c&acirc;meras corporais ser&atilde;o anexadas aos inqu&eacute;ritos em curso e est&atilde;o dispon&iacute;veis para consulta irrestrita pelo Minist&eacute;rio P&uacute;blico, Poder Judici&aacute;rio e a Corregedoria da PM.&rdquo;O aumento no n&uacute;mero de mortos nas opera&ccedil;&otilde;es, iniciadas ap&oacute;s um policial militar da Rota, unidade de elite da PM paulista, ser morto durante patrulhamento em uma comunidade do Guaruj&aacute;, ocorre um dia ap&oacute;s o governador de S&atilde;o Paulo, Tarc&iacute;sio de Freitas (Republicanos), defender a atua&ccedil;&atilde;o da pol&iacute;cia e afirmar que n&atilde;o se combate o crime &ldquo;sem efeito colateral&rdquo;.<\/p>\n<p>O governador argumentou que os policiais est&atilde;o combatendo o crime organizado, que disse ter se alastrado na Baixada Santista e dominado territ&oacute;rios na regi&atilde;o. Garantiu ainda que eventuais excessos ser&atilde;o punidos.<\/p>\n<p>&ldquo;Ela (a pol&iacute;cia) s&oacute; vai entrar em confronto em &uacute;ltimo caso, s&oacute; vai usar a arma de fogo se usarem contra ela, s&oacute; vai disparar se dispararem contra ela primeiro, s&oacute; vai atuar em leg&iacute;tima defesa, s&oacute; vai atuar para repelir a injusta amea&ccedil;a, a injusta agress&atilde;o&rdquo;, assegurou Tarc&iacute;sio a jornalistas na ter&ccedil;a-feira.<\/p>\n<p>&ldquo;N&atilde;o existe esse combate ao crime sem efeito colateral. Me desculpa, n&atilde;o tem.&rdquo;<\/p>\n<p>Em meio a den&uacute;ncias &agrave; ouvidoria da pol&iacute;cia paulista de abuso policial nas opera&ccedil;&otilde;es, o governador disse que &ldquo;tudo vai ser investigado&rdquo;.<\/p>\n<p>De acordo com a Secretaria de Seguran&ccedil;a, na opera&ccedil;&atilde;o, batizada de Escudo, foram presos 58 suspeitos e apreendidos quase 400 quilos de drogas, al&eacute;m de 18 armas entre pistolas e fuzis.<\/p>\n<\/p>\n<div class=\"cta-end\">\n<div class=\"im-cta\" >\n<div class=\"im-shortcode-forms bg-light bg-opacity-25 border rounded-4 p-3 p-sm-4 p-md-3 p-lg-4 px-xxl-5 my-5\" data-configuration='{\"form_name\":false,\"form_hat\":\"Newsletter\",\"form_email\":true,\"form_icon\":\"newsletter\",\"form_phone\":false,\"form_campaign\":\"NIM\",\"form_thankyou\":\"\",\"form_journey\":\"APIEvent-26a5198d-8e09-06ef-5f80-cd9127757ad1\",\"form_button\":\"Quero receber\",\"form_context\":\"newsletter\",\"form_origin\":\"https:\\\/\\\/www.infomoney.com.br\\\/politica\\\/feed\\\/?utm_medium=materia&#038;utm_source=infomoney&#038;utm_campaign=NIM&#038;utm_term=politica&#038;utm_content=newsletter\",\"form_position\":\"final\",\"form_category\":\"cta_form\"}'>\n<div class=\"d-flex flex-column align-items-center align-items-lg-start mb-4 flex-lg-row\">\n<div class=\"rounded-circle mb-2 mb-lg-0 mr-lg-4 me-lg-4 p-3 p-lg-4 bg-blue-400\"><svg width=\"40\" height=\"40\" viewBox=\"0 0 40 40\" fill=\"none\" xmlns=\"http:\/\/www.w3.org\/2000\/svg\"><path d=\"M20 20.25 6.042 11.042v19.041c0 .167.048.299.146.396a.535.535 0 0 0 .395.146h15.792V32.5H6.583a2.328 2.328 0 0 1-1.708-.708 2.328 2.328 0 0 1-.708-1.709V9.917c0-.667.236-1.236.708-1.709A2.328 2.328 0 0 1 6.583 7.5h26.834c.666 0 1.236.236 1.708.708a2.33 2.33 0 0 1 .708 1.709v12.458h-1.875V11.042L20 20.25Zm0-2 13.667-8.875H6.333L20 18.25Zm11.75 18.958-1.292-1.333 3.334-3.375h-9v-1.875h9l-3.375-3.417 1.333-1.291 5.667 5.625-5.667 5.666ZM6.042 11.042v20.791-9.458.25-13.25 1.667Z\" fill=\"#fff\"\/><\/svg><\/div>\n<div class=\"flex-fill text-center text-lg-left\">\n<div class=\"h6 small text-orange-700 lh-base mb-1\">Newsletter<\/div>\n<div class=\"text-body h4 m-0\">Infomorning<\/div>\n<div class=\"text-body small lh-base mt-2\">Receba no seu e-mail logo pela manh&atilde; as not&iacute;cias que v&atilde;o mexer com os mercados, com os seus investimentos e o seu bolso durante o dia<\/div>\n<\/div>\n<\/div>\n<\/div>\n<\/div>\n<\/div>\n<p>The post <a rel=\"nofollow noopener\" href=\"https:\/\/www.infomoney.com.br\/politica\/sobe-para-16-numero-de-mortos-em-operacoes-policiais-no-litoral-paulista\/\" target=\"_blank\">Sobe para 16 n\u00famero de mortos em opera\u00e7\u00f5es policiais no litoral paulista<\/a> appeared first on <a rel=\"nofollow noopener\" href=\"https:\/\/www.infomoney.com.br\/\" target=\"_blank\">InfoMoney<\/a>.<\/p>\n","protected":false},"excerpt":{"rendered":"<p><img loading=\"lazy\" decoding=\"async\" width=\"300\" height=\"197\" src=\"https:\/\/www.infomoney.com.br\/wp-content\/uploads\/2019\/06\/tarcisio-gomes-de-freitas-.jpg?fit=300%2C197&amp;quality=70&amp;strip=all\" class=\"attachment-medium size-medium wp-post-image\" alt=\"\" data-attachment-id=\"54745\" data-permalink=\"https:\/\/www.infomoney.com.br\/?attachment_id=54745\" data-orig-file=\"https:\/\/www.infomoney.com.br\/wp-content\/uploads\/2019\/06\/tarcisio-gomes-de-freitas-.jpg?fit=900%2C590&amp;quality=70&amp;strip=all\" data-orig-size=\"900,590\" data-comments-opened=\"1\" data-image-meta='{\"aperture\":\"0\",\"credit\":\"\",\"camera\":\"\",\"caption\":\"\",\"created_timestamp\":\"0\",\"copyright\":\"\",\"focal_length\":\"0\",\"iso\":\"0\",\"shutter_speed\":\"0\",\"title\":\"\",\"orientation\":\"0\"}' data-image-title=\"tarcisio-gomes-de-freitas-\" data-image-description=\"\" data-image-caption=\"\" data-medium-file=\"https:\/\/www.infomoney.com.br\/wp-content\/uploads\/2019\/06\/tarcisio-gomes-de-freitas-.jpg?fit=300%2C197&amp;quality=70&amp;strip=all\" data-large-file=\"https:\/\/www.infomoney.com.br\/wp-content\/uploads\/2019\/06\/tarcisio-gomes-de-freitas-.jpg?fit=900%2C590&amp;quality=70&amp;strip=all\">Secretaria de Seguran\u00e7a P\u00fablica garante que todas as ocorr\u00eancias envolvendo morte ser\u00e3o &#8220;minuciosamente&#8221; investigadas <\/p>\n<p>The post <a rel=\"nofollow\" href=\"https:\/\/www.infomoney.com.br\/politica\/sobe-para-16-numero-de-mortos-em-operacoes-policiais-no-litoral-paulista\/\">Sobe para 16 n\u00famero de mortos em opera\u00e7\u00f5es policiais no litoral paulista<\/a> appeared first on <a rel=\"nofollow\" href=\"https:\/\/www.infomoney.com.br\/\">InfoMoney<\/a>.<\/p>\n","protected":false},"author":46,"featured_media":0,"comment_status":"closed","ping_status":"closed","sticky":false,"template":"","format":"standard","meta":{"advgb_blocks_editor_width":"","advgb_blocks_columns_visual_guide":"","footnotes":""},"categories":[34,930,411,47,424,367,932],"tags":[35],"class_list":["post-28074","post","type-post","status-publish","format-standard","hentry","category-g1","category-morte","category-policia-militar","category-politica","category-sao-paulo","category-tarcisio-de-freitas","category-violencia","tag-g1"],"author_meta":{"display_name":"Reuters","author_link":"https:\/\/sindaopcpb.org.br\/author\/reuters\/"},"featured_img":null,"coauthors":[],"tax_additional":{"categories":{"linked":["<a href=\"https:\/\/sindaopcpb.org.br\/g1\/\" class=\"advgb-post-tax-term\">G1<\/a>","<a href=\"https:\/\/sindaopcpb.org.br\/morte\/\" class=\"advgb-post-tax-term\">Morte<\/a>","<a href=\"https:\/\/sindaopcpb.org.br\/policia-militar\/\" class=\"advgb-post-tax-term\">Pol\u00edcia Militar<\/a>","<a href=\"https:\/\/sindaopcpb.org.br\/politica\/\" class=\"advgb-post-tax-term\">POLITICA<\/a>","<a href=\"https:\/\/sindaopcpb.org.br\/sao-paulo\/\" class=\"advgb-post-tax-term\">S\u00e3o Paulo<\/a>","<a href=\"https:\/\/sindaopcpb.org.br\/tarcisio-de-freitas\/\" class=\"advgb-post-tax-term\">Tarc\u00edsio de Freitas<\/a>","<a href=\"https:\/\/sindaopcpb.org.br\/violencia\/\" class=\"advgb-post-tax-term\">Viol\u00eancia<\/a>"],"unlinked":["<span class=\"advgb-post-tax-term\">G1<\/span>","<span class=\"advgb-post-tax-term\">Morte<\/span>","<span class=\"advgb-post-tax-term\">Pol\u00edcia Militar<\/span>","<span class=\"advgb-post-tax-term\">POLITICA<\/span>","<span class=\"advgb-post-tax-term\">S\u00e3o Paulo<\/span>","<span class=\"advgb-post-tax-term\">Tarc\u00edsio de Freitas<\/span>","<span class=\"advgb-post-tax-term\">Viol\u00eancia<\/span>"]},"tags":{"linked":["<a href=\"https:\/\/sindaopcpb.org.br\/violencia\/\" class=\"advgb-post-tax-term\">g1<\/a>"],"unlinked":["<span class=\"advgb-post-tax-term\">g1<\/span>"]}},"comment_count":"0","relative_dates":{"created":"Publicado 3 anos atr\u00e1s","modified":"Atualizado 3 anos atr\u00e1s"},"absolute_dates":{"created":"Publicado em 2 de agosto de 2023","modified":"Atualizado em 2 de agosto de 2023"},"absolute_dates_time":{"created":"Publicado em 2 de agosto de 2023 17:45","modified":"Atualizado em 2 de agosto de 2023 17:45"},"featured_img_caption":"","series_order":"","_links":{"self":[{"href":"https:\/\/sindaopcpb.org.br\/index.php\/wp-json\/wp\/v2\/posts\/28074","targetHints":{"allow":["GET"]}}],"collection":[{"href":"https:\/\/sindaopcpb.org.br\/index.php\/wp-json\/wp\/v2\/posts"}],"about":[{"href":"https:\/\/sindaopcpb.org.br\/index.php\/wp-json\/wp\/v2\/types\/post"}],"author":[{"embeddable":true,"href":"https:\/\/sindaopcpb.org.br\/index.php\/wp-json\/wp\/v2\/users\/46"}],"replies":[{"embeddable":true,"href":"https:\/\/sindaopcpb.org.br\/index.php\/wp-json\/wp\/v2\/comments?post=28074"}],"version-history":[{"count":1,"href":"https:\/\/sindaopcpb.org.br\/index.php\/wp-json\/wp\/v2\/posts\/28074\/revisions"}],"predecessor-version":[{"id":28075,"href":"https:\/\/sindaopcpb.org.br\/index.php\/wp-json\/wp\/v2\/posts\/28074\/revisions\/28075"}],"wp:attachment":[{"href":"https:\/\/sindaopcpb.org.br\/index.php\/wp-json\/wp\/v2\/media?parent=28074"}],"wp:term":[{"taxonomy":"category","embeddable":true,"href":"https:\/\/sindaopcpb.org.br\/index.php\/wp-json\/wp\/v2\/categories?post=28074"},{"taxonomy":"post_tag","embeddable":true,"href":"https:\/\/sindaopcpb.org.br\/index.php\/wp-json\/wp\/v2\/tags?post=28074"}],"curies":[{"name":"wp","href":"https:\/\/api.w.org\/{rel}","templated":true}]}}