{"id":28072,"date":"2023-08-02T17:55:27","date_gmt":"2023-08-02T20:55:27","guid":{"rendered":"https:\/\/www.infomoney.com.br\/?p=2204181"},"modified":"2023-08-02T17:55:27","modified_gmt":"2023-08-02T20:55:27","slug":"medida-provisoria-destina-r-140-milhoes-para-defesa-de-terras-ianomamis","status":"publish","type":"post","link":"https:\/\/sindaopcpb.org.br\/index.php\/2023\/08\/02\/medida-provisoria-destina-r-140-milhoes-para-defesa-de-terras-ianomamis\/","title":{"rendered":"Medida provis\u00f3ria destina R$ 140 milh\u00f5es para defesa de terras ianom\u00e2mis"},"content":{"rendered":"<p><img loading=\"lazy\" width=\"300\" height=\"200\" src=\"https:\/\/www.infomoney.com.br\/wp-content\/uploads\/2019\/06\/amazonia-1.jpg?fit=300%2C200&amp;quality=70&amp;strip=all\" class=\"attachment-medium size-medium wp-post-image\" alt=\"\" decoding=\"async\" style=\"float:right; margin:0 0 10px 10px;\" srcset=\"https:\/\/www.infomoney.com.br\/wp-content\/uploads\/2019\/06\/amazonia-1.jpg?w=900&amp;quality=70&amp;strip=all 900w, https:\/\/www.infomoney.com.br\/wp-content\/uploads\/2019\/06\/amazonia-1.jpg?w=300&amp;quality=70&amp;strip=all 300w, https:\/\/www.infomoney.com.br\/wp-content\/uploads\/2019\/06\/amazonia-1.jpg?w=768&amp;quality=70&amp;strip=all 768w, https:\/\/www.infomoney.com.br\/wp-content\/uploads\/2019\/06\/amazonia-1.jpg?w=150&amp;quality=70&amp;strip=all 150w\" sizes=\"auto, (max-width: 300px) 100vw, 300px\" data-attachment-id=\"50826\" data-permalink=\"https:\/\/www.infomoney.com.br\/amazonia-1\/\" data-orig-file=\"https:\/\/www.infomoney.com.br\/wp-content\/uploads\/2019\/06\/amazonia-1.jpg?fit=900%2C600&amp;quality=70&amp;strip=all\" data-orig-size=\"900,600\" data-comments-opened=\"1\" data-image-meta=\"{&quot;aperture&quot;:&quot;0&quot;,&quot;credit&quot;:&quot;&quot;,&quot;camera&quot;:&quot;&quot;,&quot;caption&quot;:&quot;&quot;,&quot;created_timestamp&quot;:&quot;0&quot;,&quot;copyright&quot;:&quot;&quot;,&quot;focal_length&quot;:&quot;0&quot;,&quot;iso&quot;:&quot;0&quot;,&quot;shutter_speed&quot;:&quot;0&quot;,&quot;title&quot;:&quot;&quot;,&quot;orientation&quot;:&quot;0&quot;}\" data-image-title=\"amazonia-1\" data-image-description=\"\" data-image-caption=\"\" data-medium-file=\"https:\/\/www.infomoney.com.br\/wp-content\/uploads\/2019\/06\/amazonia-1.jpg?fit=300%2C200&amp;quality=70&amp;strip=all\" data-large-file=\"https:\/\/www.infomoney.com.br\/wp-content\/uploads\/2019\/06\/amazonia-1.jpg?fit=900%2C600&amp;quality=70&amp;strip=all\" title=\"\"><\/p>\n<p>O governo federal publicou nesta quarta-feira (2) uma medida provis&oacute;ria que destina R$ 140,2 milh&otilde;es em cr&eacute;ditos extraordin&aacute;rios para a&ccedil;&otilde;es das For&ccedil;as Armadas na defesa e prote&ccedil;&atilde;o de terras ind&iacute;genas (MP 1.183\/2023). O dinheiro ser&aacute; encaminhado ao Minist&eacute;rio da Defesa e dever&aacute; ser aplicado na Opera&ccedil;&atilde;o &Aacute;gata Fronteira Norte, nas terras ianom&acirc;mi no estado de Roraima.<\/p>\n<p>Desde o in&iacute;cio do ano, 111 garimpeiros ilegais foram removidos das terras do povo ianom&acirc;mi. A opera&ccedil;&atilde;o tamb&eacute;m envolve distribui&ccedil;&atilde;o de cestas b&aacute;sicas, atendimento a demandas sanit&aacute;rias e combate a crimes transfronteiri&ccedil;os e ambientais. A Opera&ccedil;&atilde;o &Aacute;gata Fronteira Norte envolve as For&ccedil;as Armadas, as Pol&iacute;cias Federal e Rodovi&aacute;ria Federal, a For&ccedil;a Nacional de Seguran&ccedil;a P&uacute;blica, a Funda&ccedil;&atilde;o Nacional dos Povos Ind&iacute;genas (Funai) e o Instituto Brasileiro do Meio Ambiente e dos Recursos Naturais Renov&aacute;veis (Ibama).<\/p>\n<p>A medida provis&oacute;ria vai passar por comiss&atilde;o mista de deputados federais e senadores e depois pelos Plen&aacute;rios da C&acirc;mara dos Deputados e do Senado. Como a MP entra em vigor no momento da publica&ccedil;&atilde;o, o dinheiro j&aacute; foi disponibilizado.<\/p>\n<\/p>\n<div class=\"cta-end\">\n<div class=\"im-cta\" >\n<div class=\"im-shortcode-forms bg-light bg-opacity-25 border rounded-4 p-3 p-sm-4 p-md-3 p-lg-4 px-xxl-5 my-5\" data-configuration='{\"form_name\":false,\"form_hat\":\"Newsletter\",\"form_email\":true,\"form_icon\":\"newsletter\",\"form_phone\":false,\"form_campaign\":\"NIM\",\"form_thankyou\":\"\",\"form_journey\":\"APIEvent-26a5198d-8e09-06ef-5f80-cd9127757ad1\",\"form_button\":\"Quero receber\",\"form_context\":\"newsletter\",\"form_origin\":\"https:\\\/\\\/www.infomoney.com.br\\\/politica\\\/feed\\\/?utm_medium=materia&#038;utm_source=infomoney&#038;utm_campaign=NIM&#038;utm_term=politica&#038;utm_content=newsletter\",\"form_position\":\"final\",\"form_category\":\"cta_form\"}'>\n<div class=\"d-flex flex-column align-items-center align-items-lg-start mb-4 flex-lg-row\">\n<div class=\"rounded-circle mb-2 mb-lg-0 mr-lg-4 me-lg-4 p-3 p-lg-4 bg-blue-400\"><svg width=\"40\" height=\"40\" viewBox=\"0 0 40 40\" fill=\"none\" xmlns=\"http:\/\/www.w3.org\/2000\/svg\"><path d=\"M20 20.25 6.042 11.042v19.041c0 .167.048.299.146.396a.535.535 0 0 0 .395.146h15.792V32.5H6.583a2.328 2.328 0 0 1-1.708-.708 2.328 2.328 0 0 1-.708-1.709V9.917c0-.667.236-1.236.708-1.709A2.328 2.328 0 0 1 6.583 7.5h26.834c.666 0 1.236.236 1.708.708a2.33 2.33 0 0 1 .708 1.709v12.458h-1.875V11.042L20 20.25Zm0-2 13.667-8.875H6.333L20 18.25Zm11.75 18.958-1.292-1.333 3.334-3.375h-9v-1.875h9l-3.375-3.417 1.333-1.291 5.667 5.625-5.667 5.666ZM6.042 11.042v20.791-9.458.25-13.25 1.667Z\" fill=\"#fff\"\/><\/svg><\/div>\n<div class=\"flex-fill text-center text-lg-left\">\n<div class=\"h6 small text-orange-700 lh-base mb-1\">Newsletter<\/div>\n<div class=\"text-body h4 m-0\">Infomorning<\/div>\n<div class=\"text-body small lh-base mt-2\">Receba no seu e-mail logo pela manh&atilde; as not&iacute;cias que v&atilde;o mexer com os mercados, com os seus investimentos e o seu bolso durante o dia<\/div>\n<\/div>\n<\/div>\n<\/div>\n<\/div>\n<\/div>\n<p>The post <a rel=\"nofollow noopener\" href=\"https:\/\/www.infomoney.com.br\/politica\/medida-provisoria-destina-r-140-milhoes-para-defesa-de-terras-ianomamis\/\" target=\"_blank\">Medida provis\u00f3ria destina R$ 140 milh\u00f5es para defesa de terras ianom\u00e2mis<\/a> appeared first on <a rel=\"nofollow noopener\" href=\"https:\/\/www.infomoney.com.br\/\" target=\"_blank\">InfoMoney<\/a>.<\/p>\n","protected":false},"excerpt":{"rendered":"<p><img loading=\"lazy\" decoding=\"async\" width=\"300\" height=\"200\" src=\"https:\/\/www.infomoney.com.br\/wp-content\/uploads\/2019\/06\/amazonia-1.jpg?fit=300%2C200&amp;quality=70&amp;strip=all\" class=\"attachment-medium size-medium wp-post-image\" alt=\"\" data-attachment-id=\"50826\" data-permalink=\"https:\/\/www.infomoney.com.br\/amazonia-1\/\" data-orig-file=\"https:\/\/www.infomoney.com.br\/wp-content\/uploads\/2019\/06\/amazonia-1.jpg?fit=900%2C600&amp;quality=70&amp;strip=all\" data-orig-size=\"900,600\" data-comments-opened=\"1\" data-image-meta='{\"aperture\":\"0\",\"credit\":\"\",\"camera\":\"\",\"caption\":\"\",\"created_timestamp\":\"0\",\"copyright\":\"\",\"focal_length\":\"0\",\"iso\":\"0\",\"shutter_speed\":\"0\",\"title\":\"\",\"orientation\":\"0\"}' data-image-title=\"amazonia-1\" data-image-description=\"\" data-image-caption=\"\" data-medium-file=\"https:\/\/www.infomoney.com.br\/wp-content\/uploads\/2019\/06\/amazonia-1.jpg?fit=300%2C200&amp;quality=70&amp;strip=all\" data-large-file=\"https:\/\/www.infomoney.com.br\/wp-content\/uploads\/2019\/06\/amazonia-1.jpg?fit=900%2C600&amp;quality=70&amp;strip=all\">Texto vai passar por comiss\u00e3o mista de deputados federais e senadores e depois pelos Plen\u00e1rios da C\u00e2mara dos Deputados e do Senado<\/p>\n<p>The post <a rel=\"nofollow\" href=\"https:\/\/www.infomoney.com.br\/politica\/medida-provisoria-destina-r-140-milhoes-para-defesa-de-terras-ianomamis\/\">Medida provis\u00f3ria destina R$ 140 milh\u00f5es para defesa de terras ianom\u00e2mis<\/a> appeared first on <a rel=\"nofollow\" href=\"https:\/\/www.infomoney.com.br\/\">InfoMoney<\/a>.<\/p>\n","protected":false},"author":47,"featured_media":0,"comment_status":"closed","ping_status":"closed","sticky":false,"template":"","format":"standard","meta":{"advgb_blocks_editor_width":"","advgb_blocks_columns_visual_guide":"","footnotes":""},"categories":[34,277,432,4196,47],"tags":[35],"class_list":["post-28072","post","type-post","status-publish","format-standard","hentry","category-g1","category-indigenas","category-medida-provisoria","category-poder-executivo","category-politica","tag-g1"],"author_meta":{"display_name":"luispereira","author_link":"https:\/\/sindaopcpb.org.br\/author\/luispereira\/"},"featured_img":null,"coauthors":[],"tax_additional":{"categories":{"linked":["<a href=\"https:\/\/sindaopcpb.org.br\/g1\/\" class=\"advgb-post-tax-term\">G1<\/a>","<a href=\"https:\/\/sindaopcpb.org.br\/indigenas\/\" class=\"advgb-post-tax-term\">ind\u00edgenas<\/a>","<a href=\"https:\/\/sindaopcpb.org.br\/medida-provisoria\/\" class=\"advgb-post-tax-term\">Medida Provis\u00f3ria<\/a>","<a href=\"https:\/\/sindaopcpb.org.br\/poder-executivo\/\" class=\"advgb-post-tax-term\">Poder Executivo<\/a>","<a href=\"https:\/\/sindaopcpb.org.br\/politica\/\" class=\"advgb-post-tax-term\">POLITICA<\/a>"],"unlinked":["<span class=\"advgb-post-tax-term\">G1<\/span>","<span class=\"advgb-post-tax-term\">ind\u00edgenas<\/span>","<span class=\"advgb-post-tax-term\">Medida Provis\u00f3ria<\/span>","<span class=\"advgb-post-tax-term\">Poder Executivo<\/span>","<span class=\"advgb-post-tax-term\">POLITICA<\/span>"]},"tags":{"linked":["<a href=\"https:\/\/sindaopcpb.org.br\/politica\/\" class=\"advgb-post-tax-term\">g1<\/a>"],"unlinked":["<span class=\"advgb-post-tax-term\">g1<\/span>"]}},"comment_count":"0","relative_dates":{"created":"Publicado 3 anos atr\u00e1s","modified":"Atualizado 3 anos atr\u00e1s"},"absolute_dates":{"created":"Publicado em 2 de agosto de 2023","modified":"Atualizado em 2 de agosto de 2023"},"absolute_dates_time":{"created":"Publicado em 2 de agosto de 2023 17:55","modified":"Atualizado em 2 de agosto de 2023 17:55"},"featured_img_caption":"","series_order":"","_links":{"self":[{"href":"https:\/\/sindaopcpb.org.br\/index.php\/wp-json\/wp\/v2\/posts\/28072","targetHints":{"allow":["GET"]}}],"collection":[{"href":"https:\/\/sindaopcpb.org.br\/index.php\/wp-json\/wp\/v2\/posts"}],"about":[{"href":"https:\/\/sindaopcpb.org.br\/index.php\/wp-json\/wp\/v2\/types\/post"}],"author":[{"embeddable":true,"href":"https:\/\/sindaopcpb.org.br\/index.php\/wp-json\/wp\/v2\/users\/47"}],"replies":[{"embeddable":true,"href":"https:\/\/sindaopcpb.org.br\/index.php\/wp-json\/wp\/v2\/comments?post=28072"}],"version-history":[{"count":1,"href":"https:\/\/sindaopcpb.org.br\/index.php\/wp-json\/wp\/v2\/posts\/28072\/revisions"}],"predecessor-version":[{"id":28073,"href":"https:\/\/sindaopcpb.org.br\/index.php\/wp-json\/wp\/v2\/posts\/28072\/revisions\/28073"}],"wp:attachment":[{"href":"https:\/\/sindaopcpb.org.br\/index.php\/wp-json\/wp\/v2\/media?parent=28072"}],"wp:term":[{"taxonomy":"category","embeddable":true,"href":"https:\/\/sindaopcpb.org.br\/index.php\/wp-json\/wp\/v2\/categories?post=28072"},{"taxonomy":"post_tag","embeddable":true,"href":"https:\/\/sindaopcpb.org.br\/index.php\/wp-json\/wp\/v2\/tags?post=28072"}],"curies":[{"name":"wp","href":"https:\/\/api.w.org\/{rel}","templated":true}]}}