{"id":28065,"date":"2023-08-02T16:36:23","date_gmt":"2023-08-02T19:36:23","guid":{"rendered":"https:\/\/wpa.wscom.com.br\/?p=915463"},"modified":"2023-08-02T16:36:23","modified_gmt":"2023-08-02T19:36:23","slug":"opiniao-walter-santos-aborda-cicero-e-efeitos-de-tovar-com-joao-envolvendo-romero","status":"publish","type":"post","link":"https:\/\/sindaopcpb.org.br\/index.php\/2023\/08\/02\/opiniao-walter-santos-aborda-cicero-e-efeitos-de-tovar-com-joao-envolvendo-romero\/","title":{"rendered":"OPINI\u00c3O: Walter Santos aborda C\u00edcero e efeitos de Tovar com Jo\u00e3o envolvendo Romero"},"content":{"rendered":"<p>O jornalista e analista pol\u00edtico Walter Santos analisa nesta quarta-feira (2) os principais fatos deste in\u00edcio de semana na Para\u00edba, dentre eles, a assinatura da ordem de servi\u00e7o do primeiro hospital veterin\u00e1rio p\u00fablico, obra autorizada na manh\u00e3 de hoje pelo prefeito de Jo\u00e3o Pessoa, C\u00edcero Lucena (PP).<\/p>\n<p>Al\u00e9m disso, WS tamb\u00e9m discorre sobre a audi\u00eancia do deputado estadual Tovar Correia Lima (PSDB) com o governador Jo\u00e3o Azev\u00eado (PSB), que poder\u00e1 levar \u00e0 ades\u00e3o do parlamentar ao grupo da situa\u00e7\u00e3o e consolidar a aproxima\u00e7\u00e3o do deputado federal Romero Rodrigues (Podemos), o qual Tovar \u00e9 aliado de primeira hora, com a base do governo estadual.<\/p>\n<p>Confira a an\u00e1lise de Walter Santos:<\/p>\n<div style=\"width: 600px;\" class=\"wp-video\"><!--[if lt IE 9]><script>document.createElement('video');<\/script><![endif]--><br \/>\n<video class=\"wp-video-shortcode\" id=\"video-915463-1\" width=\"600\" height=\"340\" preload=\"metadata\" controls=\"controls\"><source type=\"video\/mp4\" src=\"https:\/\/wpa.wscom.com.br\/wp-content\/uploads\/2023\/08\/WhatsApp-Video-2023-08-02-at-16.08.46.mp4?_=1\" \/><a href=\"https:\/\/wpa.wscom.com.br\/wp-content\/uploads\/2023\/08\/WhatsApp-Video-2023-08-02-at-16.08.46.mp4\" rel=\"nofollow noopener\" target=\"_blank\">https:\/\/wpa.wscom.com.br\/wp-content\/uploads\/2023\/08\/WhatsApp-Video-2023-08-02-at-16.08.46.mp4<\/a><\/video><\/div>\n<p>O post <a rel=\"nofollow noopener\" href=\"https:\/\/wscom.com.br\/opiniao-walter-santos-aborda-cicero-e-efeitos-de-tovar-com-joao-envolvendo-romero\/\" target=\"_blank\">OPINI\u00c3O: Walter Santos aborda C\u00edcero e efeitos de Tovar com Jo\u00e3o envolvendo Romero<\/a> apareceu primeiro em <a rel=\"nofollow noopener\" href=\"https:\/\/wscom.com.br\/\" target=\"_blank\">WSCOM<\/a>.<\/p>\n","protected":false},"excerpt":{"rendered":"<p>O jornalista e analista pol\u00edtico Walter Santos analisa nesta quarta-feira (2) os principais fatos deste in\u00edcio de semana na Para\u00edba, dentre eles, a assinatura da ordem de servi\u00e7o do primeiro hospital veterin\u00e1rio p\u00fablico, obra autorizada na manh\u00e3 de hoje pelo prefeito de Jo\u00e3o Pessoa, C\u00edcero Lucena (PP). Al\u00e9m disso, WS tamb\u00e9m discorre sobre a audi\u00eancia [\u2026]<\/p>\n<p>O post <a rel=\"nofollow\" href=\"https:\/\/wscom.com.br\/opiniao-walter-santos-aborda-cicero-e-efeitos-de-tovar-com-joao-envolvendo-romero\/\">OPINI\u00c3O: Walter Santos aborda C\u00edcero e efeitos de Tovar com Jo\u00e3o envolvendo Romero<\/a> apareceu primeiro em <a rel=\"nofollow\" href=\"https:\/\/wscom.com.br\/\">WSCOM<\/a>.<\/p>\n","protected":false},"author":49,"featured_media":0,"comment_status":"closed","ping_status":"closed","sticky":false,"template":"","format":"standard","meta":{"advgb_blocks_editor_width":"","advgb_blocks_columns_visual_guide":"","footnotes":""},"categories":[227,34,440,47,393],"tags":[35],"class_list":["post-28065","post","type-post","status-publish","format-standard","hentry","category-cicero-lucena","category-g1","category-joao-azevedo","category-politica","category-romero-rodrigues","tag-g1"],"author_meta":{"display_name":"Cristiane Cavalcante","author_link":"https:\/\/sindaopcpb.org.br\/author\/cristiane-cavalcante\/"},"featured_img":null,"coauthors":[],"tax_additional":{"categories":{"linked":["<a href=\"https:\/\/sindaopcpb.org.br\/cicero-lucena\/\" class=\"advgb-post-tax-term\">cicero lucena<\/a>","<a href=\"https:\/\/sindaopcpb.org.br\/g1\/\" class=\"advgb-post-tax-term\">G1<\/a>","<a href=\"https:\/\/sindaopcpb.org.br\/joao-azevedo\/\" class=\"advgb-post-tax-term\">jo\u00e3o azevedo<\/a>","<a href=\"https:\/\/sindaopcpb.org.br\/politica\/\" class=\"advgb-post-tax-term\">POLITICA<\/a>","<a href=\"https:\/\/sindaopcpb.org.br\/romero-rodrigues\/\" class=\"advgb-post-tax-term\">romero rodrigues<\/a>"],"unlinked":["<span class=\"advgb-post-tax-term\">cicero lucena<\/span>","<span class=\"advgb-post-tax-term\">G1<\/span>","<span class=\"advgb-post-tax-term\">jo\u00e3o azevedo<\/span>","<span class=\"advgb-post-tax-term\">POLITICA<\/span>","<span class=\"advgb-post-tax-term\">romero rodrigues<\/span>"]},"tags":{"linked":["<a href=\"https:\/\/sindaopcpb.org.br\/romero-rodrigues\/\" class=\"advgb-post-tax-term\">g1<\/a>"],"unlinked":["<span class=\"advgb-post-tax-term\">g1<\/span>"]}},"comment_count":"0","relative_dates":{"created":"Publicado 3 anos atr\u00e1s","modified":"Atualizado 3 anos atr\u00e1s"},"absolute_dates":{"created":"Publicado em 2 de agosto de 2023","modified":"Atualizado em 2 de agosto de 2023"},"absolute_dates_time":{"created":"Publicado em 2 de agosto de 2023 16:36","modified":"Atualizado em 2 de agosto de 2023 16:36"},"featured_img_caption":"","series_order":"","_links":{"self":[{"href":"https:\/\/sindaopcpb.org.br\/index.php\/wp-json\/wp\/v2\/posts\/28065","targetHints":{"allow":["GET"]}}],"collection":[{"href":"https:\/\/sindaopcpb.org.br\/index.php\/wp-json\/wp\/v2\/posts"}],"about":[{"href":"https:\/\/sindaopcpb.org.br\/index.php\/wp-json\/wp\/v2\/types\/post"}],"author":[{"embeddable":true,"href":"https:\/\/sindaopcpb.org.br\/index.php\/wp-json\/wp\/v2\/users\/49"}],"replies":[{"embeddable":true,"href":"https:\/\/sindaopcpb.org.br\/index.php\/wp-json\/wp\/v2\/comments?post=28065"}],"version-history":[{"count":1,"href":"https:\/\/sindaopcpb.org.br\/index.php\/wp-json\/wp\/v2\/posts\/28065\/revisions"}],"predecessor-version":[{"id":28066,"href":"https:\/\/sindaopcpb.org.br\/index.php\/wp-json\/wp\/v2\/posts\/28065\/revisions\/28066"}],"wp:attachment":[{"href":"https:\/\/sindaopcpb.org.br\/index.php\/wp-json\/wp\/v2\/media?parent=28065"}],"wp:term":[{"taxonomy":"category","embeddable":true,"href":"https:\/\/sindaopcpb.org.br\/index.php\/wp-json\/wp\/v2\/categories?post=28065"},{"taxonomy":"post_tag","embeddable":true,"href":"https:\/\/sindaopcpb.org.br\/index.php\/wp-json\/wp\/v2\/tags?post=28065"}],"curies":[{"name":"wp","href":"https:\/\/api.w.org\/{rel}","templated":true}]}}