{"id":28057,"date":"2023-08-02T15:00:09","date_gmt":"2023-08-02T18:00:09","guid":{"rendered":"https:\/\/wpa.wscom.com.br\/?p=915431"},"modified":"2023-08-02T15:00:09","modified_gmt":"2023-08-02T18:00:09","slug":"cicero-destaca-obras-que-serao-entregues-em-agosto-e-fala-em-geracao-de-10-mil-empregos-em-parceria-com-o-governo-da-pb","status":"publish","type":"post","link":"https:\/\/sindaopcpb.org.br\/index.php\/2023\/08\/02\/cicero-destaca-obras-que-serao-entregues-em-agosto-e-fala-em-geracao-de-10-mil-empregos-em-parceria-com-o-governo-da-pb\/","title":{"rendered":"C\u00edcero destaca obras que ser\u00e3o entregues em agosto e fala em gera\u00e7\u00e3o de 10 mil empregos em parceria com o Governo da PB"},"content":{"rendered":"<p>O prefeito de Jo\u00e3o Pessoa, C\u00edcero Lucena (PP), falou nesta quarta-feira (2), durante a assinatura da ordem de servi\u00e7o do primeiro hospital veterin\u00e1rio p\u00fablico da cidade, sobre as outras obras que est\u00e3o em andamento para celebrar os 438 anos da capital paraibana. Segundo o gestor, dez Unidades de Sa\u00fade da Fam\u00edlia, quatro reconstru\u00e7\u00f5es de escolas municipais e mais de 100 ruas ser\u00e3o entregues a popula\u00e7\u00e3o neste m\u00eas de agosto.<\/p>\n<p>\u201cVamos entregar mais de 100 ruas, quatro escolas reconstru\u00eddas, dez Unidades B\u00e1sicas de Sa\u00fade com 40 equipes de sa\u00fade da fam\u00edlia, quatro reformas de unidade b\u00e1sica, ser\u00e3o dadas ordem de servi\u00e7o do Parque do Roger, do Parque Linear Hilton Souto Maior, e v\u00e1rias a\u00e7\u00f5es durante o m\u00eas de agosto\u201d, declarou.<\/p>\n<p>C\u00edcero destacou as obras em parceria com o Governo do estado que est\u00e3o em andamento, como o projeto Polo Cabo Branco, que ir\u00e1 gerar mais de dez mil empregos com a constru\u00e7\u00e3o e manuten\u00e7\u00e3o de equipamentos tur\u00edsticos na regi\u00e3o, que segundo o gestor, s\u00e3o de extrema import\u00e2ncia para atrair os visitantes para a capital.<\/p>\n<p>&#8220;A parceria com o Governo do Estado est\u00e1 cada vez avan\u00e7ando mais. Ontem tivemos a participa\u00e7\u00e3o de um evento maravilhoso, da consolida\u00e7\u00e3o do projeto Polo Cabo Branco feito pelo Governo do Estado, a Prefeitura fazendo a sua parte tamb\u00e9m, onde vai gerar mais de dez mil empregos n\u00e3o s\u00f3 na constru\u00e7\u00e3o, mas tamb\u00e9m no funcionamento desses equipamentos que vai nos ajudar a manter Jo\u00e3o Pessoa no Top 10 da vontade das pessoas em conhecer, mas mais do que isso, agora n\u00f3s queremos transformar a capital Top 10 nas cidades visitadas pelo turista, para que possa gerar mais e melhor distribuir essa renda aqui na nossa cidade&#8221;.<\/p>\n<p>De acordo com o prefeito, a obra de requalifica\u00e7\u00e3o da avenida Hilton Souto Maior, em Mangabeira, ter\u00e1 a ordem de servi\u00e7o para a primeira etapa, que vai at\u00e9 pr\u00f3ximo a empresa A&amp;C, no entanto, a segunda etapa do projeto ser\u00e1 at\u00e9 a Praia da Penha.<\/p>\n<p>&nbsp;<\/p>\n<p>&nbsp;<\/p>\n<p>O post <a rel=\"nofollow noopener\" href=\"https:\/\/wscom.com.br\/cicero-destaca-obras-que-serao-entregues-em-agosto-e-fala-em-geracao-de-10-mil-empregos-em-parceria-com-o-governo-da-pb\/\" target=\"_blank\">C\u00edcero destaca obras que ser\u00e3o entregues em agosto e fala em gera\u00e7\u00e3o de 10 mil empregos em parceria com o Governo da PB<\/a> apareceu primeiro em <a rel=\"nofollow noopener\" href=\"https:\/\/wscom.com.br\/\" target=\"_blank\">WSCOM<\/a>.<\/p>\n","protected":false},"excerpt":{"rendered":"<p>O prefeito de Jo\u00e3o Pessoa, C\u00edcero Lucena (PP), falou nesta quarta-feira (2), durante a assinatura da ordem de servi\u00e7o do primeiro hospital veterin\u00e1rio p\u00fablico da cidade, sobre as outras obras que est\u00e3o em andamento para celebrar os 438 anos da capital paraibana. Segundo o gestor, dez Unidades de Sa\u00fade da Fam\u00edlia, quatro reconstru\u00e7\u00f5es de escolas [\u2026]<\/p>\n<p>O post <a rel=\"nofollow\" href=\"https:\/\/wscom.com.br\/cicero-destaca-obras-que-serao-entregues-em-agosto-e-fala-em-geracao-de-10-mil-empregos-em-parceria-com-o-governo-da-pb\/\">C\u00edcero destaca obras que ser\u00e3o entregues em agosto e fala em gera\u00e7\u00e3o de 10 mil empregos em parceria com o Governo da PB<\/a> apareceu primeiro em <a rel=\"nofollow\" href=\"https:\/\/wscom.com.br\/\">WSCOM<\/a>.<\/p>\n","protected":false},"author":49,"featured_media":0,"comment_status":"closed","ping_status":"closed","sticky":false,"template":"","format":"standard","meta":{"advgb_blocks_editor_width":"","advgb_blocks_columns_visual_guide":"","footnotes":""},"categories":[7264,227,34,71,47],"tags":[35],"class_list":["post-28057","post","type-post","status-publish","format-standard","hentry","category-aniversario-da-capital","category-cicero-lucena","category-g1","category-joao-pessoa","category-politica","tag-g1"],"author_meta":{"display_name":"Cristiane Cavalcante","author_link":"https:\/\/sindaopcpb.org.br\/author\/cristiane-cavalcante\/"},"featured_img":null,"coauthors":[],"tax_additional":{"categories":{"linked":["<a href=\"https:\/\/sindaopcpb.org.br\/aniversario-da-capital\/\" class=\"advgb-post-tax-term\">anivers\u00e1rio da capital<\/a>","<a href=\"https:\/\/sindaopcpb.org.br\/cicero-lucena\/\" class=\"advgb-post-tax-term\">cicero lucena<\/a>","<a href=\"https:\/\/sindaopcpb.org.br\/g1\/\" class=\"advgb-post-tax-term\">G1<\/a>","<a href=\"https:\/\/sindaopcpb.org.br\/joao-pessoa\/\" class=\"advgb-post-tax-term\">Jo\u00e3o Pessoa<\/a>","<a href=\"https:\/\/sindaopcpb.org.br\/politica\/\" class=\"advgb-post-tax-term\">POLITICA<\/a>"],"unlinked":["<span class=\"advgb-post-tax-term\">anivers\u00e1rio da capital<\/span>","<span class=\"advgb-post-tax-term\">cicero lucena<\/span>","<span class=\"advgb-post-tax-term\">G1<\/span>","<span class=\"advgb-post-tax-term\">Jo\u00e3o Pessoa<\/span>","<span class=\"advgb-post-tax-term\">POLITICA<\/span>"]},"tags":{"linked":["<a href=\"https:\/\/sindaopcpb.org.br\/politica\/\" class=\"advgb-post-tax-term\">g1<\/a>"],"unlinked":["<span class=\"advgb-post-tax-term\">g1<\/span>"]}},"comment_count":"0","relative_dates":{"created":"Publicado 3 anos atr\u00e1s","modified":"Atualizado 3 anos atr\u00e1s"},"absolute_dates":{"created":"Publicado em 2 de agosto de 2023","modified":"Atualizado em 2 de agosto de 2023"},"absolute_dates_time":{"created":"Publicado em 2 de agosto de 2023 15:00","modified":"Atualizado em 2 de agosto de 2023 15:00"},"featured_img_caption":"","series_order":"","_links":{"self":[{"href":"https:\/\/sindaopcpb.org.br\/index.php\/wp-json\/wp\/v2\/posts\/28057","targetHints":{"allow":["GET"]}}],"collection":[{"href":"https:\/\/sindaopcpb.org.br\/index.php\/wp-json\/wp\/v2\/posts"}],"about":[{"href":"https:\/\/sindaopcpb.org.br\/index.php\/wp-json\/wp\/v2\/types\/post"}],"author":[{"embeddable":true,"href":"https:\/\/sindaopcpb.org.br\/index.php\/wp-json\/wp\/v2\/users\/49"}],"replies":[{"embeddable":true,"href":"https:\/\/sindaopcpb.org.br\/index.php\/wp-json\/wp\/v2\/comments?post=28057"}],"version-history":[{"count":1,"href":"https:\/\/sindaopcpb.org.br\/index.php\/wp-json\/wp\/v2\/posts\/28057\/revisions"}],"predecessor-version":[{"id":28058,"href":"https:\/\/sindaopcpb.org.br\/index.php\/wp-json\/wp\/v2\/posts\/28057\/revisions\/28058"}],"wp:attachment":[{"href":"https:\/\/sindaopcpb.org.br\/index.php\/wp-json\/wp\/v2\/media?parent=28057"}],"wp:term":[{"taxonomy":"category","embeddable":true,"href":"https:\/\/sindaopcpb.org.br\/index.php\/wp-json\/wp\/v2\/categories?post=28057"},{"taxonomy":"post_tag","embeddable":true,"href":"https:\/\/sindaopcpb.org.br\/index.php\/wp-json\/wp\/v2\/tags?post=28057"}],"curies":[{"name":"wp","href":"https:\/\/api.w.org\/{rel}","templated":true}]}}