{"id":28047,"date":"2023-08-02T15:25:56","date_gmt":"2023-08-02T18:25:56","guid":{"rendered":"https:\/\/www.infomoney.com.br\/?p=2203952"},"modified":"2023-08-02T15:25:56","modified_gmt":"2023-08-02T18:25:56","slug":"haddad-nega-impasse-com-camara-e-diz-que-arcabouco-fiscal-sera-aprovado-nas-proximas-semanas","status":"publish","type":"post","link":"https:\/\/sindaopcpb.org.br\/index.php\/2023\/08\/02\/haddad-nega-impasse-com-camara-e-diz-que-arcabouco-fiscal-sera-aprovado-nas-proximas-semanas\/","title":{"rendered":"Haddad nega impasse com C\u00e2mara e diz que arcabou\u00e7o fiscal ser\u00e1 aprovado nas pr\u00f3ximas semanas"},"content":{"rendered":"<p><img loading=\"lazy\" width=\"300\" height=\"200\" src=\"https:\/\/www.infomoney.com.br\/wp-content\/uploads\/2023\/03\/WhatsApp-Image-2023-03-30-at-12.25.29.jpeg?fit=300%2C200&amp;quality=70&amp;strip=all\" class=\"attachment-medium size-medium wp-post-image\" alt=\"\" decoding=\"async\" style=\"float:right; margin:0 0 10px 10px;\" srcset=\"https:\/\/www.infomoney.com.br\/wp-content\/uploads\/2023\/03\/WhatsApp-Image-2023-03-30-at-12.25.29.jpeg?w=1600&amp;quality=70&amp;strip=all 1600w, https:\/\/www.infomoney.com.br\/wp-content\/uploads\/2023\/03\/WhatsApp-Image-2023-03-30-at-12.25.29.jpeg?w=300&amp;quality=70&amp;strip=all 300w, https:\/\/www.infomoney.com.br\/wp-content\/uploads\/2023\/03\/WhatsApp-Image-2023-03-30-at-12.25.29.jpeg?w=768&amp;quality=70&amp;strip=all 768w, https:\/\/www.infomoney.com.br\/wp-content\/uploads\/2023\/03\/WhatsApp-Image-2023-03-30-at-12.25.29.jpeg?w=1280&amp;quality=70&amp;strip=all 1280w, https:\/\/www.infomoney.com.br\/wp-content\/uploads\/2023\/03\/WhatsApp-Image-2023-03-30-at-12.25.29.jpeg?w=1536&amp;quality=70&amp;strip=all 1536w, https:\/\/www.infomoney.com.br\/wp-content\/uploads\/2023\/03\/WhatsApp-Image-2023-03-30-at-12.25.29.jpeg?w=150&amp;quality=70&amp;strip=all 150w\" sizes=\"auto, (max-width: 300px) 100vw, 300px\" data-attachment-id=\"2096421\" data-permalink=\"https:\/\/www.infomoney.com.br\/whatsapp-image-2023-03-30-at-12-25-29\/\" data-orig-file=\"https:\/\/www.infomoney.com.br\/wp-content\/uploads\/2023\/03\/WhatsApp-Image-2023-03-30-at-12.25.29.jpeg?fit=1600%2C1067&amp;quality=70&amp;strip=all\" data-orig-size=\"1600,1067\" data-comments-opened=\"0\" data-image-meta=\"{&quot;aperture&quot;:&quot;0&quot;,&quot;credit&quot;:&quot;&quot;,&quot;camera&quot;:&quot;&quot;,&quot;caption&quot;:&quot;&quot;,&quot;created_timestamp&quot;:&quot;0&quot;,&quot;copyright&quot;:&quot;&quot;,&quot;focal_length&quot;:&quot;0&quot;,&quot;iso&quot;:&quot;0&quot;,&quot;shutter_speed&quot;:&quot;0&quot;,&quot;title&quot;:&quot;&quot;,&quot;orientation&quot;:&quot;0&quot;}\" data-image-title=\"Fernando Haddad\" data-image-description=\"\" data-image-caption=\"&lt;p&gt;Fernando Haddad (Diogo Zacarias \/ MF)&lt;\/p&gt;\n\" data-medium-file=\"https:\/\/www.infomoney.com.br\/wp-content\/uploads\/2023\/03\/WhatsApp-Image-2023-03-30-at-12.25.29.jpeg?fit=300%2C200&amp;quality=70&amp;strip=all\" data-large-file=\"https:\/\/www.infomoney.com.br\/wp-content\/uploads\/2023\/03\/WhatsApp-Image-2023-03-30-at-12.25.29.jpeg?fit=1280%2C854&amp;quality=70&amp;strip=all\" title=\"\"><\/p>\n<p>O ministro da Fazenda, <strong>Fernando Haddad (PT)<\/strong>, afirmou, nesta quarta-feira (2), acreditar que o projeto de lei complementar que trata do novo arcabou&ccedil;o fiscal (PLP 93\/2023) dever&aacute; ser votado em car&aacute;ter terminativo pela C&acirc;mara dos Deputados nas pr&oacute;ximas semanas.<\/p>\n<p>As declara&ccedil;&otilde;es foram dadas em entrevista ao programa &ldquo;Bom Dia, Ministro&rdquo;, transmitido pela rede estatal EBC, e posteriormente refor&ccedil;ada em conversa com jornalistas ap&oacute;s reuni&atilde;o com o presidente da C&acirc;mara dos Deputados, Arthur Lira (PP-AL).<\/p>\n<p>Segundo Haddad, Lira negou que tenha adiado a vota&ccedil;&atilde;o do projeto para aguardar a reforma ministerial sinalizada pelo presidente Luiz In&aacute;cio Lula da Silva (PT) em busca de uma base parlamentar mais s&oacute;lida.<\/p>\n<p>O ministro disse, contudo, que o deputado n&atilde;o se comprometeu com um calend&aacute;rio para concluir a tramita&ccedil;&atilde;o da mat&eacute;ria &#8210; submetida a nova an&aacute;lise da C&acirc;mara dos Deputados ap&oacute;s mudan&ccedil;as aprovadas pelo Senado Federal. O texto &eacute; considerado fundamental pelo governo para o encaminhamento, at&eacute; o fim do m&ecirc;s, do Projeto de Lei Or&ccedil;ament&aacute;ria (PLOA) de 2024.<\/p>\n<p>&ldquo;Ele me falou <em>[que]<\/em> n&atilde;o tem nada a ver arcabou&ccedil;o fiscal com mexida em minist&eacute;rio, absolutamente. N&atilde;o tem nada a ver uma coisa com a outra&rdquo;, disse Haddad ap&oacute;s o encontro.<\/p>\n<p>&ldquo;Provavelmente ele deve chamar uma reuni&atilde;o com os l&iacute;deres, para discutirmos os dois projetos (o da C&acirc;mara e do Senado), falarmos com o relator da C&acirc;mara <em>(o deputado Cl&aacute;udio Cajado)<\/em>, que vai levar a plen&aacute;rio a palavra final depois de ouvir a todos. E devemos ter, nos pr&oacute;ximos dias, o arcabou&ccedil;o votado. Talvez ainda na semana que vem, mas ele n&atilde;o se comprometeu com prazo. Precisa reunir os l&iacute;deres. Mas ele falou que n&atilde;o vai esperar nada. N&atilde;o h&aacute; nenhum constrangimento em rela&ccedil;&atilde;o ao governo. Ele n&atilde;o est&aacute; esperando nenhuma a&ccedil;&atilde;o do governo para votar. Deixou clar&iacute;ssimo isso&rdquo;, prosseguiu.<\/p>\n<p>Segundo Haddad, &ldquo;n&atilde;o tem Or&ccedil;amento do ano que vem&rdquo; se o novo marco fiscal n&atilde;o for aprovado pelo Congresso Nacional. Isso porque, na aus&ecirc;ncia da nova regra, fica em vigor o teto de gastos &#8210; regra fiscal muito mais restritiva, que limita a evolu&ccedil;&atilde;o de despesas p&uacute;blicas em um ano ao comportamento da infla&ccedil;&atilde;o no exerc&iacute;cio anterior.<\/p>\n<p>&ldquo;Ele deixou muito claro que n&atilde;o existe nenhum constrangimento. Ao contr&aacute;rio, a C&acirc;mara re&uacute;ne os l&iacute;deres provavelmente na semana que vem para fazermos o arremate final&rdquo;, frisou o ministro.<\/p>\n<p>Segundo Haddad, a reuni&atilde;o realizada nesta quarta-feira com Lira teve como pauta a entrega de projeto de lei com o &ldquo;acabamento final&rdquo; para o acordo firmado entre a Uni&atilde;o e os Estados como resolu&ccedil;&atilde;o para as perdas acarretadas por leis complementares aprovadas na gest&atilde;o passada, que geraram frustra&ccedil;&atilde;o de receitas do ICMS.<\/p>\n<p>Mais cedo, em entrevista ao programa &ldquo;Bom Dia, Ministro&rdquo;, da rede EBC, Haddad tamb&eacute;m disse que o governo do presidente Luiz In&aacute;cio Lula da Silva (PT) deu um &ldquo;choque de credibilidade&rdquo; no pa&iacute;s, com a aprova&ccedil;&atilde;o do novo marco fiscal e de uma s&eacute;rie de medidas econ&ocirc;micas que contribu&iacute;ram para a redu&ccedil;&atilde;o da infla&ccedil;&atilde;o, do d&oacute;lar e em criar condi&ccedil;&otilde;es para uma esperada queda dos juros.<\/p>\n<p>&ldquo;Houve um esfor&ccedil;o monumental do governo em dar um freio de arruma&ccedil;&atilde;o nisso, para que os pre&ccedil;os parassem de subir e, em alguns casos, come&ccedil;assem a cair. N&atilde;o &eacute; uma coisa simples de ser feita, mas o fato &eacute; que a infla&ccedil;&atilde;o, que estava em mais de 10% h&aacute; pouco tempo, hoje est&aacute; na casa de 3,2%. O esfor&ccedil;o que foi feito no sentido de trazer a infla&ccedil;&atilde;o para baixo surtiu efeito&rdquo;, disse.<\/p>\n<p>&ldquo;N&oacute;s demos um choque de credibilidade no pa&iacute;s, porque a coisa estava completamente desgovernada. O governo anterior, sobretudo em 2022, come&ccedil;ou a gastar um dinheiro a rodo para ver se revertia o desfavoritismo eleitoral. Foram mais de R$ 300 bilh&otilde;es de dinheiro p&uacute;blico investidos na elei&ccedil;&atilde;o de 2022 para garantir a vit&oacute;ria do governo, e nem isso foi capaz. Mas isso deixou um rombo or&ccedil;ament&aacute;rio que est&aacute; sendo administrado. Tivemos que tomar medidas duras, do ponto de vista fiscal, para trazer o d&eacute;ficit p&uacute;blico para um patamar cada vez menor, mirando o equil&iacute;brio das contas p&uacute;blicas&rdquo;, pontuou.<\/p>\n<\/p>\n<div class=\"cta-end\">\n<div class=\"im-cta\" >\n<div class=\"im-shortcode-forms bg-light bg-opacity-25 border rounded-4 p-3 p-sm-4 p-md-3 p-lg-4 px-xxl-5 my-5\" data-configuration='{\"form_name\":false,\"form_hat\":\"Newsletter\",\"form_email\":true,\"form_icon\":\"newsletter\",\"form_phone\":false,\"form_campaign\":\"NIM\",\"form_thankyou\":\"\",\"form_journey\":\"APIEvent-26a5198d-8e09-06ef-5f80-cd9127757ad1\",\"form_button\":\"Quero receber\",\"form_context\":\"newsletter\",\"form_origin\":\"https:\\\/\\\/www.infomoney.com.br\\\/politica\\\/feed\\\/?utm_medium=materia&#038;utm_source=infomoney&#038;utm_campaign=NIM&#038;utm_term=politica&#038;utm_content=newsletter\",\"form_position\":\"final\",\"form_category\":\"cta_form\"}'>\n<div class=\"d-flex flex-column align-items-center align-items-lg-start mb-4 flex-lg-row\">\n<div class=\"rounded-circle mb-2 mb-lg-0 mr-lg-4 me-lg-4 p-3 p-lg-4 bg-blue-400\"><svg width=\"40\" height=\"40\" viewBox=\"0 0 40 40\" fill=\"none\" xmlns=\"http:\/\/www.w3.org\/2000\/svg\"><path d=\"M20 20.25 6.042 11.042v19.041c0 .167.048.299.146.396a.535.535 0 0 0 .395.146h15.792V32.5H6.583a2.328 2.328 0 0 1-1.708-.708 2.328 2.328 0 0 1-.708-1.709V9.917c0-.667.236-1.236.708-1.709A2.328 2.328 0 0 1 6.583 7.5h26.834c.666 0 1.236.236 1.708.708a2.33 2.33 0 0 1 .708 1.709v12.458h-1.875V11.042L20 20.25Zm0-2 13.667-8.875H6.333L20 18.25Zm11.75 18.958-1.292-1.333 3.334-3.375h-9v-1.875h9l-3.375-3.417 1.333-1.291 5.667 5.625-5.667 5.666ZM6.042 11.042v20.791-9.458.25-13.25 1.667Z\" fill=\"#fff\"\/><\/svg><\/div>\n<div class=\"flex-fill text-center text-lg-left\">\n<div class=\"h6 small text-orange-700 lh-base mb-1\">Newsletter<\/div>\n<div class=\"text-body h4 m-0\">Infomorning<\/div>\n<div class=\"text-body small lh-base mt-2\">Receba no seu e-mail logo pela manh&atilde; as not&iacute;cias que v&atilde;o mexer com os mercados, com os seus investimentos e o seu bolso durante o dia<\/div>\n<\/div>\n<\/div>\n<\/div>\n<\/div>\n<\/div>\n<p>The post <a rel=\"nofollow noopener\" href=\"https:\/\/www.infomoney.com.br\/politica\/haddad-nega-impasse-com-camara-e-diz-que-arcabouco-fiscal-sera-aprovado-nas-proximas-semanas\/\" target=\"_blank\">Haddad nega impasse com C\u00e2mara e diz que arcabou\u00e7o fiscal ser\u00e1 aprovado nas pr\u00f3ximas semanas<\/a> appeared first on <a rel=\"nofollow noopener\" href=\"https:\/\/www.infomoney.com.br\/\" target=\"_blank\">InfoMoney<\/a>.<\/p>\n","protected":false},"excerpt":{"rendered":"<p><img loading=\"lazy\" decoding=\"async\" width=\"300\" height=\"200\" src=\"https:\/\/www.infomoney.com.br\/wp-content\/uploads\/2023\/03\/WhatsApp-Image-2023-03-30-at-12.25.29.jpeg?fit=300%2C200&amp;quality=70&amp;strip=all\" class=\"attachment-medium size-medium wp-post-image\" alt=\"\" data-attachment-id=\"2096421\" data-permalink=\"https:\/\/www.infomoney.com.br\/whatsapp-image-2023-03-30-at-12-25-29\/\" data-orig-file=\"https:\/\/www.infomoney.com.br\/wp-content\/uploads\/2023\/03\/WhatsApp-Image-2023-03-30-at-12.25.29.jpeg?fit=1600%2C1067&amp;quality=70&amp;strip=all\" data-orig-size=\"1600,1067\" data-comments-opened=\"0\" data-image-meta='{\"aperture\":\"0\",\"credit\":\"\",\"camera\":\"\",\"caption\":\"\",\"created_timestamp\":\"0\",\"copyright\":\"\",\"focal_length\":\"0\",\"iso\":\"0\",\"shutter_speed\":\"0\",\"title\":\"\",\"orientation\":\"0\"}' data-image-title=\"Fernando Haddad\" data-image-description=\"\" data-image-caption=\"&lt;p&gt;Fernando Haddad (Diogo Zacarias \/ MF)&lt;\/p&gt;\n\" data-medium-file=\"https:\/\/www.infomoney.com.br\/wp-content\/uploads\/2023\/03\/WhatsApp-Image-2023-03-30-at-12.25.29.jpeg?fit=300%2C200&amp;quality=70&amp;strip=all\" data-large-file=\"https:\/\/www.infomoney.com.br\/wp-content\/uploads\/2023\/03\/WhatsApp-Image-2023-03-30-at-12.25.29.jpeg?fit=1280%2C854&amp;quality=70&amp;strip=all\">Ministro diz, no entanto, que Lira n\u00e3o se comprometeu com data para votar a mat\u00e9ria &#8211; considerada fundamental pelo governo para o envio do Or\u00e7amento de 2024<\/p>\n<p>The post <a rel=\"nofollow\" href=\"https:\/\/www.infomoney.com.br\/politica\/haddad-nega-impasse-com-camara-e-diz-que-arcabouco-fiscal-sera-aprovado-nas-proximas-semanas\/\">Haddad nega impasse com C\u00e2mara e diz que arcabou\u00e7o fiscal ser\u00e1 aprovado nas pr\u00f3ximas semanas<\/a> appeared first on <a rel=\"nofollow\" href=\"https:\/\/www.infomoney.com.br\/\">InfoMoney<\/a>.<\/p>\n","protected":false},"author":52,"featured_media":0,"comment_status":"closed","ping_status":"closed","sticky":false,"template":"","format":"standard","meta":{"advgb_blocks_editor_width":"","advgb_blocks_columns_visual_guide":"","footnotes":""},"categories":[108,275,109,34,260,129,47],"tags":[35],"class_list":["post-28047","post","type-post","status-publish","format-standard","hentry","category-arcabouco-fiscal","category-arthur-lira","category-fernando-haddad","category-g1","category-governo","category-luiz-inacio-lula-da-silva","category-politica","tag-g1"],"author_meta":{"display_name":"Marcos Mortari","author_link":"https:\/\/sindaopcpb.org.br\/author\/marcos-mortari\/"},"featured_img":null,"coauthors":[],"tax_additional":{"categories":{"linked":["<a href=\"https:\/\/sindaopcpb.org.br\/arcabouco-fiscal\/\" class=\"advgb-post-tax-term\">Arcabou\u00e7o Fiscal<\/a>","<a href=\"https:\/\/sindaopcpb.org.br\/arthur-lira\/\" class=\"advgb-post-tax-term\">Arthur Lira<\/a>","<a href=\"https:\/\/sindaopcpb.org.br\/fernando-haddad\/\" class=\"advgb-post-tax-term\">FERNANDO HADDAD<\/a>","<a href=\"https:\/\/sindaopcpb.org.br\/g1\/\" class=\"advgb-post-tax-term\">G1<\/a>","<a href=\"https:\/\/sindaopcpb.org.br\/governo\/\" class=\"advgb-post-tax-term\">Governo<\/a>","<a href=\"https:\/\/sindaopcpb.org.br\/luiz-inacio-lula-da-silva\/\" class=\"advgb-post-tax-term\">Luiz In\u00e1cio Lula da Silva<\/a>","<a href=\"https:\/\/sindaopcpb.org.br\/politica\/\" class=\"advgb-post-tax-term\">POLITICA<\/a>"],"unlinked":["<span class=\"advgb-post-tax-term\">Arcabou\u00e7o Fiscal<\/span>","<span class=\"advgb-post-tax-term\">Arthur Lira<\/span>","<span class=\"advgb-post-tax-term\">FERNANDO HADDAD<\/span>","<span class=\"advgb-post-tax-term\">G1<\/span>","<span class=\"advgb-post-tax-term\">Governo<\/span>","<span class=\"advgb-post-tax-term\">Luiz In\u00e1cio Lula da Silva<\/span>","<span class=\"advgb-post-tax-term\">POLITICA<\/span>"]},"tags":{"linked":["<a href=\"https:\/\/sindaopcpb.org.br\/politica\/\" class=\"advgb-post-tax-term\">g1<\/a>"],"unlinked":["<span class=\"advgb-post-tax-term\">g1<\/span>"]}},"comment_count":"0","relative_dates":{"created":"Publicado 3 anos atr\u00e1s","modified":"Atualizado 3 anos atr\u00e1s"},"absolute_dates":{"created":"Publicado em 2 de agosto de 2023","modified":"Atualizado em 2 de agosto de 2023"},"absolute_dates_time":{"created":"Publicado em 2 de agosto de 2023 15:25","modified":"Atualizado em 2 de agosto de 2023 15:25"},"featured_img_caption":"","series_order":"","_links":{"self":[{"href":"https:\/\/sindaopcpb.org.br\/index.php\/wp-json\/wp\/v2\/posts\/28047","targetHints":{"allow":["GET"]}}],"collection":[{"href":"https:\/\/sindaopcpb.org.br\/index.php\/wp-json\/wp\/v2\/posts"}],"about":[{"href":"https:\/\/sindaopcpb.org.br\/index.php\/wp-json\/wp\/v2\/types\/post"}],"author":[{"embeddable":true,"href":"https:\/\/sindaopcpb.org.br\/index.php\/wp-json\/wp\/v2\/users\/52"}],"replies":[{"embeddable":true,"href":"https:\/\/sindaopcpb.org.br\/index.php\/wp-json\/wp\/v2\/comments?post=28047"}],"version-history":[{"count":1,"href":"https:\/\/sindaopcpb.org.br\/index.php\/wp-json\/wp\/v2\/posts\/28047\/revisions"}],"predecessor-version":[{"id":28048,"href":"https:\/\/sindaopcpb.org.br\/index.php\/wp-json\/wp\/v2\/posts\/28047\/revisions\/28048"}],"wp:attachment":[{"href":"https:\/\/sindaopcpb.org.br\/index.php\/wp-json\/wp\/v2\/media?parent=28047"}],"wp:term":[{"taxonomy":"category","embeddable":true,"href":"https:\/\/sindaopcpb.org.br\/index.php\/wp-json\/wp\/v2\/categories?post=28047"},{"taxonomy":"post_tag","embeddable":true,"href":"https:\/\/sindaopcpb.org.br\/index.php\/wp-json\/wp\/v2\/tags?post=28047"}],"curies":[{"name":"wp","href":"https:\/\/api.w.org\/{rel}","templated":true}]}}