{"id":28009,"date":"2023-08-02T13:05:09","date_gmt":"2023-08-02T16:05:09","guid":{"rendered":"https:\/\/wpa.wscom.com.br\/?p=915418"},"modified":"2023-08-02T13:05:09","modified_gmt":"2023-08-02T16:05:09","slug":"tovar-se-reune-com-joao-azevedo-com-a-presenca-de-lucas-ribeiro-e-cresce-especulacao-sobre-posssivel-adesao","status":"publish","type":"post","link":"https:\/\/sindaopcpb.org.br\/index.php\/2023\/08\/02\/tovar-se-reune-com-joao-azevedo-com-a-presenca-de-lucas-ribeiro-e-cresce-especulacao-sobre-posssivel-adesao\/","title":{"rendered":"Tovar se re\u00fane com Jo\u00e3o Azev\u00eado com a presen\u00e7a de Lucas Ribeiro e cresce especula\u00e7\u00e3o sobre posss\u00edvel ades\u00e3o"},"content":{"rendered":"<p>O deputado estadual Tovar Correia Lima (PSDB) solicitou ao governador Jo\u00e3o Azev\u00eado (PSB) a instala\u00e7\u00e3o de empresas e ind\u00fastrias e uma escola t\u00e9cnica estadual no Complexo Habitacional Alo\u00edsio Campos, a abertura de uma maternidade regional, al\u00e9m de um Centro de Refer\u00eancia no Tratamento de Doen\u00e7as Raras em Campina Grande.<\/p>\n<p>Em meio \u00e0 reuni\u00e3o, surgem especula\u00e7\u00f5es sobre uma pos\u00edvel ades\u00e3o de Tovar \u00e0 base de jo\u00e3o na Assembleia Legislativa da Para\u00edba (ALPB). O presidente Adriano Galdino (Republicanos) declarou que o encontro pode resultar na ades\u00e3o: &#8220;A vinda de Tovar para a base facilita a vinda de Romero para o Republicanos para ser candidato a prefeito de Campina Grande&#8221;.<\/p>\n<p>Lucas Ribeiro, vice-governador da Para\u00edba e opositor da gest\u00e3o de Bruno Cunha Lima em Campina Grande, tamb\u00e9m posou com Tovar e Jo\u00e3o ap\u00f3s a reuni\u00e3o e falou em um &#8220;di\u00e1logo transparente e construtivo buscando o melhor para Campina Grande&#8221;.<\/p>\n<p><strong>Pedidos de Tovar<\/strong><\/p>\n<p>Os pedidos foram apresentados ao governador durante audi\u00eancia realizada nesta quarta-feira (2), momento em que o deputado fez a defesa de Campina Grande e da Para\u00edba.<\/p>\n<p>\u201cCampina tem potencial ineg\u00e1vel para abrigar as ind\u00fastrias de grande porte que poder\u00e3o ser instaladas na Para\u00edba. N\u00e3o poderia ter perdido a oportunidade de pleitear ao governador essa a\u00e7\u00e3o para a Rainha da Borborema. Fiz isso publicamente e reiterei no nosso encontro hoje com o governador, que foi muito amistoso. Tamb\u00e9m aproveitei e levei outras tr\u00eas demandas da cidade. Minha defesa por Campina e pela Para\u00edba sempre estiveram acima de qualquer disputa eleitoral. J\u00e1 agi assim em outros momentos pol\u00edticos e hoje n\u00e3o foi diferente\u201d, comentou o deputado.<\/p>\n<p>Tovar apresentou quatro of\u00edcios ao governador, com as demandas requeridas. Sobre a constru\u00e7\u00e3o da maternidade regional em Campina Grande, Tovar lembrou que essa foi uma promessa de campanha e que, neste momento, a popula\u00e7\u00e3o campinense e regi\u00e3o t\u00eam grande necessidade deste equipamento. \u201cA Maternidade Instituto de Sa\u00fade Elp\u00eddio de Almeida (Isea) encontra-se superlotada, uma vez que atende n\u00e3o apenas o munic\u00edpio, s\u00e3o mais 170 cidades paraibanas pactuadas. Ela \u00e9 refer\u00eancia no atendimento de gestantes de baixo e alto risco e tamb\u00e9m \u00e9 um hospital escola, com resid\u00eancia em neonatologia e obstetr\u00edcia, e n\u00e3o d\u00e1 mais conta de atender a demanda\u201d, refor\u00e7ou.<\/p>\n<p>Na defesa pela implanta\u00e7\u00e3o do Centro de Refer\u00eancia no Tratamento de Doen\u00e7as Raras em Campina Grande, Tovar frisou que o pleito para a constru\u00e7\u00e3o da unidade consta na lei 9.527 que foi aprovada e sancionada em 2011. A estimativa \u00e9 que 74 mil pessoas convivam com doen\u00e7as raras na Para\u00edba, que possui uma unidade estadual para atender os raros e auxiliar no diagn\u00f3stico e tratamento dessas enfermidades.<\/p>\n<p>\u201cJo\u00e3o Pessoa j\u00e1 conta com uma unidade de doen\u00e7as raras municipal, mas Campina Grande e toda a regi\u00e3o polarizada n\u00e3o t\u00eam a quem recorrer frente a enfermidades que ningu\u00e9m conhece bem\u201d, relatou o deputado ao governador, afirmando que ter uma unidade de refer\u00eancia \u00e9 fundamental para os raros e para as fam\u00edlias que sofrem com doen\u00e7as que, muitas vezes, limitam e provocam a morte prematura.<\/p>\n<p>Tovar ressaltou que a falta de uma Escola T\u00e9cnica Estadual no Complexo Habitacional Alo\u00edsio Campos tem acarretado preju\u00edzos ao conhecimento especializado e ao desenvolvimento de compet\u00eancias profissionais, limitando as oportunidades de ascens\u00e3o social e econ\u00f4mica das pessoas residentes na regi\u00e3o.<\/p>\n<p>\u201c\u00c9 not\u00f3rio que a implanta\u00e7\u00e3o de uma institui\u00e7\u00e3o de ensino t\u00e9cnico estadual no Alu\u00edzio Campos contribuir\u00e1 significativamente para a capacita\u00e7\u00e3o de jovens e adultos, bem como para o fortalecimento da economia local, uma vez que a forma\u00e7\u00e3o profissional alinhada \u00e0s demandas do mercado de trabalho impulsiona a gera\u00e7\u00e3o de empregos e aprimora a produtividade das empresas da regi\u00e3o\u201d, argumentou Tovar.<\/p>\n<p>O post <a rel=\"nofollow noopener\" href=\"https:\/\/wscom.com.br\/tovar-se-reune-com-joao-com-a-presenca-de-lucas-ribeiro-e-cresce-especulacao-para-posssivel-adesao\/\" target=\"_blank\">Tovar se re\u00fane com Jo\u00e3o Azev\u00eado com a presen\u00e7a de Lucas Ribeiro e cresce especula\u00e7\u00e3o sobre posss\u00edvel ades\u00e3o<\/a> apareceu primeiro em <a rel=\"nofollow noopener\" href=\"https:\/\/wscom.com.br\/\" target=\"_blank\">WSCOM<\/a>.<\/p>\n","protected":false},"excerpt":{"rendered":"<p>O deputado estadual Tovar Correia Lima (PSDB) solicitou ao governador Jo\u00e3o Azev\u00eado (PSB) a instala\u00e7\u00e3o de empresas e ind\u00fastrias e uma escola t\u00e9cnica estadual no Complexo Habitacional Alo\u00edsio Campos, a abertura de uma maternidade regional, al\u00e9m de um Centro de Refer\u00eancia no Tratamento de Doen\u00e7as Raras em Campina Grande. Em meio \u00e0 reuni\u00e3o, surgem especula\u00e7\u00f5es [\u2026]<\/p>\n<p>O post <a rel=\"nofollow\" href=\"https:\/\/wscom.com.br\/tovar-se-reune-com-joao-com-a-presenca-de-lucas-ribeiro-e-cresce-especulacao-para-posssivel-adesao\/\">Tovar se re\u00fane com Jo\u00e3o Azev\u00eado com a presen\u00e7a de Lucas Ribeiro e cresce especula\u00e7\u00e3o sobre posss\u00edvel ades\u00e3o<\/a> apareceu primeiro em <a rel=\"nofollow\" href=\"https:\/\/wscom.com.br\/\">WSCOM<\/a>.<\/p>\n","protected":false},"author":50,"featured_media":0,"comment_status":"closed","ping_status":"closed","sticky":false,"template":"","format":"standard","meta":{"advgb_blocks_editor_width":"","advgb_blocks_columns_visual_guide":"","footnotes":""},"categories":[34,547,440,1131,47,1132,6337],"tags":[35],"class_list":["post-28009","post","type-post","status-publish","format-standard","hentry","category-g1","category-galdino","category-joao-azevedo","category-lucas","category-politica","category-ribeiro","category-tovar","tag-g1"],"author_meta":{"display_name":"Wallyson","author_link":"https:\/\/sindaopcpb.org.br\/author\/wallyson\/"},"featured_img":null,"coauthors":[],"tax_additional":{"categories":{"linked":["<a href=\"https:\/\/sindaopcpb.org.br\/g1\/\" class=\"advgb-post-tax-term\">G1<\/a>","<a href=\"https:\/\/sindaopcpb.org.br\/galdino\/\" class=\"advgb-post-tax-term\">Galdino<\/a>","<a href=\"https:\/\/sindaopcpb.org.br\/joao-azevedo\/\" class=\"advgb-post-tax-term\">jo\u00e3o azevedo<\/a>","<a href=\"https:\/\/sindaopcpb.org.br\/lucas\/\" class=\"advgb-post-tax-term\">lucas<\/a>","<a href=\"https:\/\/sindaopcpb.org.br\/politica\/\" class=\"advgb-post-tax-term\">POLITICA<\/a>","<a href=\"https:\/\/sindaopcpb.org.br\/ribeiro\/\" class=\"advgb-post-tax-term\">ribeiro<\/a>","<a href=\"https:\/\/sindaopcpb.org.br\/tovar\/\" class=\"advgb-post-tax-term\">Tovar<\/a>"],"unlinked":["<span class=\"advgb-post-tax-term\">G1<\/span>","<span class=\"advgb-post-tax-term\">Galdino<\/span>","<span class=\"advgb-post-tax-term\">jo\u00e3o azevedo<\/span>","<span class=\"advgb-post-tax-term\">lucas<\/span>","<span class=\"advgb-post-tax-term\">POLITICA<\/span>","<span class=\"advgb-post-tax-term\">ribeiro<\/span>","<span class=\"advgb-post-tax-term\">Tovar<\/span>"]},"tags":{"linked":["<a href=\"https:\/\/sindaopcpb.org.br\/tovar\/\" class=\"advgb-post-tax-term\">g1<\/a>"],"unlinked":["<span class=\"advgb-post-tax-term\">g1<\/span>"]}},"comment_count":"0","relative_dates":{"created":"Publicado 3 anos atr\u00e1s","modified":"Atualizado 3 anos atr\u00e1s"},"absolute_dates":{"created":"Publicado em 2 de agosto de 2023","modified":"Atualizado em 2 de agosto de 2023"},"absolute_dates_time":{"created":"Publicado em 2 de agosto de 2023 13:05","modified":"Atualizado em 2 de agosto de 2023 13:05"},"featured_img_caption":"","series_order":"","_links":{"self":[{"href":"https:\/\/sindaopcpb.org.br\/index.php\/wp-json\/wp\/v2\/posts\/28009","targetHints":{"allow":["GET"]}}],"collection":[{"href":"https:\/\/sindaopcpb.org.br\/index.php\/wp-json\/wp\/v2\/posts"}],"about":[{"href":"https:\/\/sindaopcpb.org.br\/index.php\/wp-json\/wp\/v2\/types\/post"}],"author":[{"embeddable":true,"href":"https:\/\/sindaopcpb.org.br\/index.php\/wp-json\/wp\/v2\/users\/50"}],"replies":[{"embeddable":true,"href":"https:\/\/sindaopcpb.org.br\/index.php\/wp-json\/wp\/v2\/comments?post=28009"}],"version-history":[{"count":1,"href":"https:\/\/sindaopcpb.org.br\/index.php\/wp-json\/wp\/v2\/posts\/28009\/revisions"}],"predecessor-version":[{"id":28011,"href":"https:\/\/sindaopcpb.org.br\/index.php\/wp-json\/wp\/v2\/posts\/28009\/revisions\/28011"}],"wp:attachment":[{"href":"https:\/\/sindaopcpb.org.br\/index.php\/wp-json\/wp\/v2\/media?parent=28009"}],"wp:term":[{"taxonomy":"category","embeddable":true,"href":"https:\/\/sindaopcpb.org.br\/index.php\/wp-json\/wp\/v2\/categories?post=28009"},{"taxonomy":"post_tag","embeddable":true,"href":"https:\/\/sindaopcpb.org.br\/index.php\/wp-json\/wp\/v2\/tags?post=28009"}],"curies":[{"name":"wp","href":"https:\/\/api.w.org\/{rel}","templated":true}]}}