{"id":28005,"date":"2023-08-02T10:45:23","date_gmt":"2023-08-02T13:45:23","guid":{"rendered":"https:\/\/wpa.wscom.com.br\/?p=915384"},"modified":"2023-08-02T10:45:23","modified_gmt":"2023-08-02T13:45:23","slug":"tovar-tem-audiencia-concedida-por-joao-para-discutir-instalacao-de-empresa-chinesa-em-campina-grande","status":"publish","type":"post","link":"https:\/\/sindaopcpb.org.br\/index.php\/2023\/08\/02\/tovar-tem-audiencia-concedida-por-joao-para-discutir-instalacao-de-empresa-chinesa-em-campina-grande\/","title":{"rendered":"Tovar tem audi\u00eancia concedida por Jo\u00e3o para discutir instala\u00e7\u00e3o de empresa chinesa em Campina Grande"},"content":{"rendered":"<p>O governador Jo\u00e3o Azev\u00eado (PSB) confirmou nesta quarta-feira (2) reuni\u00e3o com o deputado opositor Tovar Correia Lima (PSDB) ap\u00f3s um pedido de audi\u00eancia com o gestor estadual.<\/p>\n<p>Tovar solicitou que Jo\u00e3o tente levar \u00e0 Campina Grande empreendimentos chineses com inten\u00e7\u00e3o de implanta\u00e7\u00e3o na Para\u00edba.<\/p>\n<p><strong><a href=\"https:\/\/wpa.wscom.com.br\/tovar-pede-ao-governador-que-contemple-campina-grande-com-instalacao-de-empresas-vindas-da-china-assista\/\" rel=\"noopener nofollow\" target=\"_blank\">Leia mais: Tovar pede ao governador que contemple Campina Grande com instala\u00e7\u00e3o de empresas vindas da China; assista<\/a><\/strong><\/p>\n<p>\u201cExiste o pedido de audi\u00eancia, acho que hoje ou amanh\u00e3 eu vou receber o deputado Tovar, como recebo todos os deputados, independente de base ou oposi\u00e7\u00e3o. O deputado pediu esta audi\u00eancia, est\u00e1 concedida, vamos conversar e logicamente eu quero saber qual \u00e9 a pauta espec\u00edfica que o deputado vai trazer\u201d, disse \u00e0 Jovem Pan.<\/p>\n<div class=\"sharedaddy sd-sharing-enabled\"><\/div>\n<p>O post <a rel=\"nofollow noopener\" href=\"https:\/\/wscom.com.br\/tovar-tem-audiencia-concedida-por-joao-para-discutir-instalacao-de-empresa-chinesa-em-campina-grande\/\" target=\"_blank\">Tovar tem audi\u00eancia concedida por Jo\u00e3o para discutir instala\u00e7\u00e3o de empresa chinesa em Campina Grande<\/a> apareceu primeiro em <a rel=\"nofollow noopener\" href=\"https:\/\/wscom.com.br\/\" target=\"_blank\">WSCOM<\/a>.<\/p>\n","protected":false},"excerpt":{"rendered":"<p>O governador Jo\u00e3o Azev\u00eado (PSB) confirmou nesta quarta-feira (2) reuni\u00e3o com o deputado opositor Tovar Correia Lima (PSDB) ap\u00f3s um pedido de audi\u00eancia com o gestor estadual. Tovar solicitou que Jo\u00e3o tente levar \u00e0 Campina Grande empreendimentos chineses com inten\u00e7\u00e3o de implanta\u00e7\u00e3o na Para\u00edba. Leia mais: Tovar pede ao governador que contemple Campina Grande com [\u2026]<\/p>\n<p>O post <a rel=\"nofollow\" href=\"https:\/\/wscom.com.br\/tovar-tem-audiencia-concedida-por-joao-para-discutir-instalacao-de-empresa-chinesa-em-campina-grande\/\">Tovar tem audi\u00eancia concedida por Jo\u00e3o para discutir instala\u00e7\u00e3o de empresa chinesa em Campina Grande<\/a> apareceu primeiro em <a rel=\"nofollow\" href=\"https:\/\/wscom.com.br\/\">WSCOM<\/a>.<\/p>\n","protected":false},"author":50,"featured_media":0,"comment_status":"closed","ping_status":"closed","sticky":false,"template":"","format":"standard","meta":{"advgb_blocks_editor_width":"","advgb_blocks_columns_visual_guide":"","footnotes":""},"categories":[34,47],"tags":[35],"class_list":["post-28005","post","type-post","status-publish","format-standard","hentry","category-g1","category-politica","tag-g1"],"author_meta":{"display_name":"Wallyson","author_link":"https:\/\/sindaopcpb.org.br\/author\/wallyson\/"},"featured_img":null,"coauthors":[],"tax_additional":{"categories":{"linked":["<a href=\"https:\/\/sindaopcpb.org.br\/g1\/\" class=\"advgb-post-tax-term\">G1<\/a>","<a href=\"https:\/\/sindaopcpb.org.br\/politica\/\" class=\"advgb-post-tax-term\">POLITICA<\/a>"],"unlinked":["<span class=\"advgb-post-tax-term\">G1<\/span>","<span class=\"advgb-post-tax-term\">POLITICA<\/span>"]},"tags":{"linked":["<a href=\"https:\/\/sindaopcpb.org.br\/politica\/\" class=\"advgb-post-tax-term\">g1<\/a>"],"unlinked":["<span class=\"advgb-post-tax-term\">g1<\/span>"]}},"comment_count":"0","relative_dates":{"created":"Publicado 3 anos atr\u00e1s","modified":"Atualizado 3 anos atr\u00e1s"},"absolute_dates":{"created":"Publicado em 2 de agosto de 2023","modified":"Atualizado em 2 de agosto de 2023"},"absolute_dates_time":{"created":"Publicado em 2 de agosto de 2023 10:45","modified":"Atualizado em 2 de agosto de 2023 10:45"},"featured_img_caption":"","series_order":"","_links":{"self":[{"href":"https:\/\/sindaopcpb.org.br\/index.php\/wp-json\/wp\/v2\/posts\/28005","targetHints":{"allow":["GET"]}}],"collection":[{"href":"https:\/\/sindaopcpb.org.br\/index.php\/wp-json\/wp\/v2\/posts"}],"about":[{"href":"https:\/\/sindaopcpb.org.br\/index.php\/wp-json\/wp\/v2\/types\/post"}],"author":[{"embeddable":true,"href":"https:\/\/sindaopcpb.org.br\/index.php\/wp-json\/wp\/v2\/users\/50"}],"replies":[{"embeddable":true,"href":"https:\/\/sindaopcpb.org.br\/index.php\/wp-json\/wp\/v2\/comments?post=28005"}],"version-history":[{"count":1,"href":"https:\/\/sindaopcpb.org.br\/index.php\/wp-json\/wp\/v2\/posts\/28005\/revisions"}],"predecessor-version":[{"id":28006,"href":"https:\/\/sindaopcpb.org.br\/index.php\/wp-json\/wp\/v2\/posts\/28005\/revisions\/28006"}],"wp:attachment":[{"href":"https:\/\/sindaopcpb.org.br\/index.php\/wp-json\/wp\/v2\/media?parent=28005"}],"wp:term":[{"taxonomy":"category","embeddable":true,"href":"https:\/\/sindaopcpb.org.br\/index.php\/wp-json\/wp\/v2\/categories?post=28005"},{"taxonomy":"post_tag","embeddable":true,"href":"https:\/\/sindaopcpb.org.br\/index.php\/wp-json\/wp\/v2\/tags?post=28005"}],"curies":[{"name":"wp","href":"https:\/\/api.w.org\/{rel}","templated":true}]}}