{"id":28003,"date":"2023-08-02T10:47:54","date_gmt":"2023-08-02T13:47:54","guid":{"rendered":"https:\/\/wpa.wscom.com.br\/?p=915390"},"modified":"2023-08-02T10:47:54","modified_gmt":"2023-08-02T13:47:54","slug":"passarela-construida-para-ligar-escolas-do-sesi-e-senai-devera-ser-concluida-ate-dezembro-deste-ano","status":"publish","type":"post","link":"https:\/\/sindaopcpb.org.br\/index.php\/2023\/08\/02\/passarela-construida-para-ligar-escolas-do-sesi-e-senai-devera-ser-concluida-ate-dezembro-deste-ano\/","title":{"rendered":"Passarela constru\u00edda para ligar escolas do SESI e SENAI dever\u00e1 ser conclu\u00edda at\u00e9 dezembro deste ano"},"content":{"rendered":"<p>Um projeto arrojado do Sistema Ind\u00fastria da Para\u00edba e que teve in\u00edcio em setembro do ano passado est\u00e1 previsto para ser conclu\u00eddo at\u00e9 dezembro deste ano. Quem passa no bairro da Prata em Campina, j\u00e1 observa com detalhes a constru\u00e7\u00e3o em estrutura met\u00e1lica de uma passarela que ligar\u00e1 as escolas do SESI e do SENAI.<\/p>\n<p>A passarela ser\u00e1 o elo entre duas unidades que formar\u00e3o um complexo educacional, facilitando a intera\u00e7\u00e3o e o deslocamento entre os jovens estudantes. \u201cA nossa inten\u00e7\u00e3o \u00e9 que a passarela venha unificar duas importantes unidades do SESI e do SENAI, respectivamente, e ali se torne um complexo educacional onde os jovens possam extrair conhecimento e acompanhar o dinamismo que o mercado e as empresas exigem. Estamos sempre pensando em melhorias e investimentos na \u00e1rea de educa\u00e7\u00e3o, principalmente a educa\u00e7\u00e3o profissional, porque acreditamos que o futuro do trabalho e o desenvolvimento do pa\u00eds s\u00f3 acontece por meio da educa\u00e7\u00e3o\u201d, declarou Francisco Gadelha, presidente da Federa\u00e7\u00e3o das Ind\u00fastrias do Estado da Para\u00edba &#8211; FIEP.<\/p>\n<p>De acordo com o projeto, este novo empreendimento levar\u00e1 conforto aos alunos no deslocamento entre as duas unidades escolares. O objetivo \u00e9 viabilizar o acesso seguro, mas especialmente promover a integra\u00e7\u00e3o dos jovens estudantes.<\/p>\n<p>Esta \u00e9 uma das principais obras do Sistema Ind\u00fastria nos \u00faltimos cinco anos. A constru\u00e7\u00e3o da passarela dar\u00e1 uma dimens\u00e3o ainda maior da Educa\u00e7\u00e3o ofertada aos filhos de trabalhadores da ind\u00fastria, profissionais dos segmentos industriais e a comunidade em geral.<\/p>\n<p>Para o presidente da FIEP, este passar\u00e1 a ser o maior conglomerado de educa\u00e7\u00e3o b\u00e1sica e educa\u00e7\u00e3o profissional do estado. \u201cAqui na Para\u00edba n\u00f3s temos a estrutura mais antiga e consolidada de ensino profissional e educa\u00e7\u00e3o b\u00e1sica, de tal forma, que precisamos avan\u00e7ar sempre e promover a\u00e7\u00f5es e investimentos que enalte\u00e7am a excel\u00eancia dos nossos servi\u00e7os educacionais\u201d, disse Gadelha. \u201cA forma\u00e7\u00e3o profissional em sua maior escala \u00e9 feita pelo empres\u00e1rio. Das nossas salas de aula, os jovens alunos s\u00e3o inseridos no mercado de trabalho e se destacam nos diferentes segmentos industriais\u201d, concluiu.<\/p>\n<p>\u201cTenho dito sempre que a educa\u00e7\u00e3o \u00e9 a mola mestre do desenvolvimento. Um profissional de n\u00edvel t\u00e9cnico que trabalha no ch\u00e3o de f\u00e1brica tem grande valor no processo produtivo, conhece detalhes e \u00e9 capaz de propor muitas solu\u00e7\u00f5es na ind\u00fastria\u201d, explicou. \u201cDesta forma, grande parte dos nossos esfor\u00e7os s\u00e3o voltados para a Educa\u00e7\u00e3o, pois acreditamos que a forma\u00e7\u00e3o profissional, agora integrada com a educa\u00e7\u00e3o b\u00e1sica, ir\u00e1 agregar ainda mais valor \u00e0 ind\u00fastria paraibana, assim como em outros estados do pa\u00eds\u201d, completou.<\/p>\n<p>O grande conglomerado educacional totalizar\u00e1 uma \u00e1rea de quase 19 mil metros quadrados de terreno e aproximadamente 14 mil metros de \u00e1rea constru\u00edda.<\/p>\n<p>O post <a rel=\"nofollow noopener\" href=\"https:\/\/wscom.com.br\/passarela-construida-para-ligar-escolas-do-sesi-e-senai-devera-ser-concluida-ate-dezembro-deste-ano\/\" target=\"_blank\">Passarela constru\u00edda para ligar escolas do SESI e SENAI dever\u00e1 ser conclu\u00edda at\u00e9 dezembro deste ano<\/a> apareceu primeiro em <a rel=\"nofollow noopener\" href=\"https:\/\/wscom.com.br\/\" target=\"_blank\">WSCOM<\/a>.<\/p>\n","protected":false},"excerpt":{"rendered":"<p>Um projeto arrojado do Sistema Ind\u00fastria da Para\u00edba e que teve in\u00edcio em setembro do ano passado est\u00e1 previsto para ser conclu\u00eddo at\u00e9 dezembro deste ano. Quem passa no bairro da Prata em Campina, j\u00e1 observa com detalhes a constru\u00e7\u00e3o em estrutura met\u00e1lica de uma passarela que ligar\u00e1 as escolas do SESI e do SENAI. [\u2026]<\/p>\n<p>O post <a rel=\"nofollow\" href=\"https:\/\/wscom.com.br\/passarela-construida-para-ligar-escolas-do-sesi-e-senai-devera-ser-concluida-ate-dezembro-deste-ano\/\">Passarela constru\u00edda para ligar escolas do SESI e SENAI dever\u00e1 ser conclu\u00edda at\u00e9 dezembro deste ano<\/a> apareceu primeiro em <a rel=\"nofollow\" href=\"https:\/\/wscom.com.br\/\">WSCOM<\/a>.<\/p>\n","protected":false},"author":50,"featured_media":0,"comment_status":"closed","ping_status":"closed","sticky":false,"template":"","format":"standard","meta":{"advgb_blocks_editor_width":"","advgb_blocks_columns_visual_guide":"","footnotes":""},"categories":[34,54,3848,4379],"tags":[35],"class_list":["post-28003","post","type-post","status-publish","format-standard","hentry","category-g1","category-paraiba","category-senai","category-sesi","tag-g1"],"author_meta":{"display_name":"Wallyson","author_link":"https:\/\/sindaopcpb.org.br\/author\/wallyson\/"},"featured_img":null,"coauthors":[],"tax_additional":{"categories":{"linked":["<a href=\"https:\/\/sindaopcpb.org.br\/g1\/\" class=\"advgb-post-tax-term\">G1<\/a>","<a href=\"https:\/\/sindaopcpb.org.br\/paraiba\/\" class=\"advgb-post-tax-term\">Para\u00edba<\/a>","<a href=\"https:\/\/sindaopcpb.org.br\/senai\/\" class=\"advgb-post-tax-term\">senai<\/a>","<a href=\"https:\/\/sindaopcpb.org.br\/sesi\/\" class=\"advgb-post-tax-term\">sesi<\/a>"],"unlinked":["<span class=\"advgb-post-tax-term\">G1<\/span>","<span class=\"advgb-post-tax-term\">Para\u00edba<\/span>","<span class=\"advgb-post-tax-term\">senai<\/span>","<span class=\"advgb-post-tax-term\">sesi<\/span>"]},"tags":{"linked":["<a href=\"https:\/\/sindaopcpb.org.br\/sesi\/\" class=\"advgb-post-tax-term\">g1<\/a>"],"unlinked":["<span class=\"advgb-post-tax-term\">g1<\/span>"]}},"comment_count":"0","relative_dates":{"created":"Publicado 3 anos atr\u00e1s","modified":"Atualizado 3 anos atr\u00e1s"},"absolute_dates":{"created":"Publicado em 2 de agosto de 2023","modified":"Atualizado em 2 de agosto de 2023"},"absolute_dates_time":{"created":"Publicado em 2 de agosto de 2023 10:47","modified":"Atualizado em 2 de agosto de 2023 10:47"},"featured_img_caption":"","series_order":"","_links":{"self":[{"href":"https:\/\/sindaopcpb.org.br\/index.php\/wp-json\/wp\/v2\/posts\/28003","targetHints":{"allow":["GET"]}}],"collection":[{"href":"https:\/\/sindaopcpb.org.br\/index.php\/wp-json\/wp\/v2\/posts"}],"about":[{"href":"https:\/\/sindaopcpb.org.br\/index.php\/wp-json\/wp\/v2\/types\/post"}],"author":[{"embeddable":true,"href":"https:\/\/sindaopcpb.org.br\/index.php\/wp-json\/wp\/v2\/users\/50"}],"replies":[{"embeddable":true,"href":"https:\/\/sindaopcpb.org.br\/index.php\/wp-json\/wp\/v2\/comments?post=28003"}],"version-history":[{"count":1,"href":"https:\/\/sindaopcpb.org.br\/index.php\/wp-json\/wp\/v2\/posts\/28003\/revisions"}],"predecessor-version":[{"id":28004,"href":"https:\/\/sindaopcpb.org.br\/index.php\/wp-json\/wp\/v2\/posts\/28003\/revisions\/28004"}],"wp:attachment":[{"href":"https:\/\/sindaopcpb.org.br\/index.php\/wp-json\/wp\/v2\/media?parent=28003"}],"wp:term":[{"taxonomy":"category","embeddable":true,"href":"https:\/\/sindaopcpb.org.br\/index.php\/wp-json\/wp\/v2\/categories?post=28003"},{"taxonomy":"post_tag","embeddable":true,"href":"https:\/\/sindaopcpb.org.br\/index.php\/wp-json\/wp\/v2\/tags?post=28003"}],"curies":[{"name":"wp","href":"https:\/\/api.w.org\/{rel}","templated":true}]}}