{"id":27999,"date":"2023-08-02T11:37:02","date_gmt":"2023-08-02T14:37:02","guid":{"rendered":"https:\/\/wpa.wscom.com.br\/?p=915401"},"modified":"2023-08-02T11:37:02","modified_gmt":"2023-08-02T14:37:02","slug":"adolescente-que-morreu-afogada-ontem-em-praia-de-joao-pessoa-era-coroinha-paroquia-lamenta-falecimento","status":"publish","type":"post","link":"https:\/\/sindaopcpb.org.br\/index.php\/2023\/08\/02\/adolescente-que-morreu-afogada-ontem-em-praia-de-joao-pessoa-era-coroinha-paroquia-lamenta-falecimento\/","title":{"rendered":"Adolescente que morreu afogada ontem em praia de Jo\u00e3o Pessoa era coroinha; Par\u00f3quia lamenta falecimento"},"content":{"rendered":"<p>Maria Clara Lucena Sim\u00f5es, a adolescente de 16 anos que morreu afogada ontem na praiba de Gramame, em Jo\u00e3o Pessoa,\u00a0 atuava como coroinha na Par\u00f3quia S\u00e3o Jo\u00e3o Batista, na Zona Sul da cidade.<\/p>\n<p>Ela estava na praia acompanhada de seu tio e prima quando ocorreu o acidente. Apesar dos esfor\u00e7os para resgat\u00e1-la e prestar os primeiros socorros, a jovem n\u00e3o resistiu e veio a \u00f3bito.<\/p>\n<p>A par\u00f3quia S\u00e3o Jo\u00e3o Batista, onde Maria Clara dedicava-se com maestria aos servi\u00e7os do altar, compartilhou uma nota de pesar nas redes sociais:<\/p>\n<p>&#8220;Com imenso pesar, que a Par\u00f3quia S\u00e3o Jo\u00e3o Batista comunica o falecimento da nossa coroinha Maria Clara Lucena Sim\u00f5es. Que dedicou-se com maestria aos servi\u00e7os do altar em vida&#8221;, disse.<\/p>\n<p>O post <a rel=\"nofollow noopener\" href=\"https:\/\/wscom.com.br\/adolescente-que-morreu-afogada-ontem-em-praia-de-joao-pessoa-era-coroinha-paroquia-lamenta-falecimento\/\" target=\"_blank\">Adolescente que morreu afogada ontem em praia de Jo\u00e3o Pessoa era coroinha; Par\u00f3quia lamenta falecimento<\/a> apareceu primeiro em <a rel=\"nofollow noopener\" href=\"https:\/\/wscom.com.br\/\" target=\"_blank\">WSCOM<\/a>.<\/p>\n","protected":false},"excerpt":{"rendered":"<p>Maria Clara Lucena Sim\u00f5es, a adolescente de 16 anos que morreu afogada ontem na praiba de Gramame, em Jo\u00e3o Pessoa,\u00a0 atuava como coroinha na Par\u00f3quia S\u00e3o Jo\u00e3o Batista, na Zona Sul da cidade. Ela estava na praia acompanhada de seu tio e prima quando ocorreu o acidente. Apesar dos esfor\u00e7os para resgat\u00e1-la e prestar os [\u2026]<\/p>\n<p>O post <a rel=\"nofollow\" href=\"https:\/\/wscom.com.br\/adolescente-que-morreu-afogada-ontem-em-praia-de-joao-pessoa-era-coroinha-paroquia-lamenta-falecimento\/\">Adolescente que morreu afogada ontem em praia de Jo\u00e3o Pessoa era coroinha; Par\u00f3quia lamenta falecimento<\/a> apareceu primeiro em <a rel=\"nofollow\" href=\"https:\/\/wscom.com.br\/\">WSCOM<\/a>.<\/p>\n","protected":false},"author":50,"featured_media":0,"comment_status":"closed","ping_status":"closed","sticky":false,"template":"","format":"standard","meta":{"advgb_blocks_editor_width":"","advgb_blocks_columns_visual_guide":"","footnotes":""},"categories":[7252,7253,34,4789,66],"tags":[35],"class_list":["post-27999","post","type-post","status-publish","format-standard","hentry","category-clara","category-coroinha","category-g1","category-maria","category-policial","tag-g1"],"author_meta":{"display_name":"Wallyson","author_link":"https:\/\/sindaopcpb.org.br\/author\/wallyson\/"},"featured_img":null,"coauthors":[],"tax_additional":{"categories":{"linked":["<a href=\"https:\/\/sindaopcpb.org.br\/clara\/\" class=\"advgb-post-tax-term\">clara<\/a>","<a href=\"https:\/\/sindaopcpb.org.br\/coroinha\/\" class=\"advgb-post-tax-term\">coroinha<\/a>","<a href=\"https:\/\/sindaopcpb.org.br\/g1\/\" class=\"advgb-post-tax-term\">G1<\/a>","<a href=\"https:\/\/sindaopcpb.org.br\/maria\/\" class=\"advgb-post-tax-term\">maria<\/a>","<a href=\"https:\/\/sindaopcpb.org.br\/policial\/\" class=\"advgb-post-tax-term\">Policial<\/a>"],"unlinked":["<span class=\"advgb-post-tax-term\">clara<\/span>","<span class=\"advgb-post-tax-term\">coroinha<\/span>","<span class=\"advgb-post-tax-term\">G1<\/span>","<span class=\"advgb-post-tax-term\">maria<\/span>","<span class=\"advgb-post-tax-term\">Policial<\/span>"]},"tags":{"linked":["<a href=\"https:\/\/sindaopcpb.org.br\/policial\/\" class=\"advgb-post-tax-term\">g1<\/a>"],"unlinked":["<span class=\"advgb-post-tax-term\">g1<\/span>"]}},"comment_count":"0","relative_dates":{"created":"Publicado 3 anos atr\u00e1s","modified":"Atualizado 3 anos atr\u00e1s"},"absolute_dates":{"created":"Publicado em 2 de agosto de 2023","modified":"Atualizado em 2 de agosto de 2023"},"absolute_dates_time":{"created":"Publicado em 2 de agosto de 2023 11:37","modified":"Atualizado em 2 de agosto de 2023 11:37"},"featured_img_caption":"","series_order":"","_links":{"self":[{"href":"https:\/\/sindaopcpb.org.br\/index.php\/wp-json\/wp\/v2\/posts\/27999","targetHints":{"allow":["GET"]}}],"collection":[{"href":"https:\/\/sindaopcpb.org.br\/index.php\/wp-json\/wp\/v2\/posts"}],"about":[{"href":"https:\/\/sindaopcpb.org.br\/index.php\/wp-json\/wp\/v2\/types\/post"}],"author":[{"embeddable":true,"href":"https:\/\/sindaopcpb.org.br\/index.php\/wp-json\/wp\/v2\/users\/50"}],"replies":[{"embeddable":true,"href":"https:\/\/sindaopcpb.org.br\/index.php\/wp-json\/wp\/v2\/comments?post=27999"}],"version-history":[{"count":1,"href":"https:\/\/sindaopcpb.org.br\/index.php\/wp-json\/wp\/v2\/posts\/27999\/revisions"}],"predecessor-version":[{"id":28000,"href":"https:\/\/sindaopcpb.org.br\/index.php\/wp-json\/wp\/v2\/posts\/27999\/revisions\/28000"}],"wp:attachment":[{"href":"https:\/\/sindaopcpb.org.br\/index.php\/wp-json\/wp\/v2\/media?parent=27999"}],"wp:term":[{"taxonomy":"category","embeddable":true,"href":"https:\/\/sindaopcpb.org.br\/index.php\/wp-json\/wp\/v2\/categories?post=27999"},{"taxonomy":"post_tag","embeddable":true,"href":"https:\/\/sindaopcpb.org.br\/index.php\/wp-json\/wp\/v2\/tags?post=27999"}],"curies":[{"name":"wp","href":"https:\/\/api.w.org\/{rel}","templated":true}]}}